{"id":78589,"date":"2020-07-15T17:55:59","date_gmt":"2020-07-15T20:55:59","guid":{"rendered":"https:\/\/verde-amarelo.net\/verdeamarelo\/2020\/07\/transformacao-digital-e-prioridade-do-governo-federal\/"},"modified":"2020-07-15T17:55:59","modified_gmt":"2020-07-15T20:55:59","slug":"transformacao-digital-e-prioridade-do-governo-federal","status":"publish","type":"post","link":"https:\/\/verde-amarelo.net\/verdeamarelo\/2020\/07\/transformacao-digital-e-prioridade-do-governo-federal\/","title":{"rendered":"Transforma\u00e7\u00e3o digital \u00e9 prioridade do Governo Federal"},"content":{"rendered":"<p><em>Servi\u00e7os digitais prestados ao cidad\u00e3o foram pauta de mais um webinar do Digital Week MInfra, nesta quarta-feira (15)<\/em><\/p>\n<p>A transforma\u00e7\u00e3o digital \u00e9 prioridade para o Governo Federal e est\u00e1 sendo amplamente adotada em prol da melhoria da qualidade de servi\u00e7os prestados ao cidad\u00e3o brasileiro. Esse foi o tema do terceiro webinar da Digital Week, realizado nesta quarta-feira (15), pela Secretaria-Executiva do Minist\u00e9rio da Infraestrutura (MInfra), por meio da Subsecretaria de Gest\u00e3o Estrat\u00e9gica, Tecnologia e Inova\u00e7\u00e3o (SGETI).<\/p>&nbsp;&nbsp;\n<p>&#8220;A gest\u00e3o da qualidade de servi\u00e7os dentro do Minist\u00e9rio \u00e9 muito importante. Nossa preocupa\u00e7\u00e3o constante \u00e9 monitorar o impacto dessa transforma\u00e7\u00e3o digital e verificar a qualidade do servi\u00e7o fornecido para a popula\u00e7\u00e3o\u201d, afirmou o subsecret\u00e1rio da SGETI, Fernando Coelho.<\/p>&nbsp;&nbsp;\n<p>Na manh\u00e3 desta quarta, foram apresentados os projetos que est\u00e3o sendo desenvolvidos pelo Governo: O Conselho de Usu\u00e1rios, um sistema criado para engajar o cidad\u00e3o diretamente na avalia\u00e7\u00e3o e nos processos de melhoria dos servi\u00e7os p\u00fablicos, e a Gest\u00e3o da Qualidade de Servi\u00e7os no MInfra, uma explica\u00e7\u00e3o de como a Pasta analisa os servi\u00e7os de modo confi\u00e1vel e v\u00e1lido.<\/p>&nbsp;&nbsp;\n<p>O projeto Conselho de Usu\u00e1rios, criado pela Ouvidoria Geral da Uni\u00e3o, ser\u00e1 uma nova forma do cidad\u00e3o participar diretamente na avalia\u00e7\u00e3o e nos processos de melhoria dos servi\u00e7os p\u00fablicos prestados. Al\u00e9m disso, tamb\u00e9m conectar\u00e1 os gestores das ouvidorias da Esplanada com a popula\u00e7\u00e3o, de modo que facilite a comunica\u00e7\u00e3o. Este sistema ser\u00e1 implantado ainda em agosto e qualquer cidad\u00e3o que desejar poder\u00e1 ser volunt\u00e1rio e conselheiro.<\/p>&nbsp;&nbsp;\n<p>O evento, que contou com representantes da Ouvidoria do MInfra, da Secretaria de Governo Digital e da Ouvidoria Geral da Uni\u00e3o, re\u00fane especialistas, at\u00e9 o fim da semana, para tratar de temas relacionados \u00e0 transforma\u00e7\u00e3o digital e inova\u00e7\u00e3o nos setores de transportes, tr\u00e2nsito e infraestrutura.<\/p>&nbsp;&nbsp;\n<p><strong>Assessoria Especial de Comunica\u00e7\u00e3o<\/strong><br \/><strong>Minist\u00e9rio da Infraestrutura<\/strong><\/p>\n<p> <a href=\"http:\/\/transportes.gov.br\/ultimas-noticias\/10065-transforma%C3%A7%C3%A3o-digital-%C3%A9-prioridade-do-governo-federal.html\" target=\"_blank\" rel=\"noopener noreferrer\">Mais em http:\/\/transportes.gov.br\/ultimas-noticias\/10065-transforma%C3%A7%C3%A3o-digital-%C3%A9-prioridade-do-governo-federal.html<\/a><\/p>\n","protected":false},"excerpt":{"rendered":"<p>Servi\u00e7os digitais prestados ao cidad\u00e3o foram pauta de mais um webinar do Digital Week MInfra,&#8230;<\/p>\n","protected":false},"author":1,"featured_media":0,"comment_status":"open","ping_status":"open","sticky":false,"template":"","format":"standard","meta":{"fifu_image_url":"","fifu_image_alt":"","footnotes":""},"categories":[727],"tags":[7760],"class_list":["post-78589","post","type-post","status-publish","format-standard","hentry","category-noticias","tag-ultimas-noticias","wpcat-727-id"],"_links":{"self":[{"href":"https:\/\/verde-amarelo.net\/verdeamarelo\/wp-json\/wp\/v2\/posts\/78589","targetHints":{"allow":["GET"]}}],"collection":[{"href":"https:\/\/verde-amarelo.net\/verdeamarelo\/wp-json\/wp\/v2\/posts"}],"about":[{"href":"https:\/\/verde-amarelo.net\/verdeamarelo\/wp-json\/wp\/v2\/types\/post"}],"author":[{"embeddable":true,"href":"https:\/\/verde-amarelo.net\/verdeamarelo\/wp-json\/wp\/v2\/users\/1"}],"replies":[{"embeddable":true,"href":"https:\/\/verde-amarelo.net\/verdeamarelo\/wp-json\/wp\/v2\/comments?post=78589"}],"version-history":[{"count":0,"href":"https:\/\/verde-amarelo.net\/verdeamarelo\/wp-json\/wp\/v2\/posts\/78589\/revisions"}],"wp:attachment":[{"href":"https:\/\/verde-amarelo.net\/verdeamarelo\/wp-json\/wp\/v2\/media?parent=78589"}],"wp:term":[{"taxonomy":"category","embeddable":true,"href":"https:\/\/verde-amarelo.net\/verdeamarelo\/wp-json\/wp\/v2\/categories?post=78589"},{"taxonomy":"post_tag","embeddable":true,"href":"https:\/\/verde-amarelo.net\/verdeamarelo\/wp-json\/wp\/v2\/tags?post=78589"}],"curies":[{"name":"wp","href":"https:\/\/api.w.org\/{rel}","templated":true}]}}