{"id":78807,"date":"2020-08-19T19:57:37","date_gmt":"2020-08-19T22:57:37","guid":{"rendered":"https:\/\/verde-amarelo.net\/verdeamarelo\/2020\/08\/toyota-etios-2021-chega-ao-mercado-com-mais-tecnologia-e-conectividade\/"},"modified":"2020-08-19T19:57:37","modified_gmt":"2020-08-19T22:57:37","slug":"toyota-etios-2021-chega-ao-mercado-com-mais-tecnologia-e-conectividade","status":"publish","type":"post","link":"https:\/\/verde-amarelo.net\/verdeamarelo\/2020\/08\/toyota-etios-2021-chega-ao-mercado-com-mais-tecnologia-e-conectividade\/","title":{"rendered":"Toyota Etios 2021 chega ao mercado com mais tecnologia e conectividade"},"content":{"rendered":"\n<p class=\"wp-block-paragraph\">Com mais de 600 mil unidades produzidas na f\u00e1brica de Sorocaba, SP, desde o seu lan\u00e7amento, em 2012, o Toyota Etios chega ao modelo 2021 com mais tecnologia e conectividade. Agora, tanto o hatch quanto o sed\u00e3, na vers\u00e3o X Plus MT\/AT, ser\u00e3o equipados com uma nova central multim\u00eddia Toyota Play+, com tela sens\u00edvel ao toque de 7 polegadas e os sistemas Apple CarPlay e Android Auto. Desenvolvida para ser uma interface simples e intuitiva, o equipamento permite utilizar os melhores recursos dos smartphones, tais como Waze, Spotify, entre outros. <\/p>\n\n\n\n<figure class=\"wp-block-image size-large\"><img decoding=\"async\" src=\"data:image\/gif;base64,R0lGODlhAQABAIAAAAAAAP\/\/\/ywAAAAAAQABAAACAUwAOw==\" fifu-lazy=\"1\" fifu-data-sizes=\"auto\" fifu-data-srcset=\"https:\/\/i1.wp.com\/www.truckbrasil.com.br\/wp\/wp-content\/uploads\/2020\/08\/000006-600x300.jpg?ssl=1&w=75&resize=75&ssl=1 75w, https:\/\/i1.wp.com\/www.truckbrasil.com.br\/wp\/wp-content\/uploads\/2020\/08\/000006-600x300.jpg?ssl=1&w=100&resize=100&ssl=1 100w, https:\/\/i1.wp.com\/www.truckbrasil.com.br\/wp\/wp-content\/uploads\/2020\/08\/000006-600x300.jpg?ssl=1&w=150&resize=150&ssl=1 150w, https:\/\/i1.wp.com\/www.truckbrasil.com.br\/wp\/wp-content\/uploads\/2020\/08\/000006-600x300.jpg?ssl=1&w=240&resize=240&ssl=1 240w, https:\/\/i1.wp.com\/www.truckbrasil.com.br\/wp\/wp-content\/uploads\/2020\/08\/000006-600x300.jpg?ssl=1&w=320&resize=320&ssl=1 320w, https:\/\/i1.wp.com\/www.truckbrasil.com.br\/wp\/wp-content\/uploads\/2020\/08\/000006-600x300.jpg?ssl=1&w=500&resize=500&ssl=1 500w, https:\/\/i1.wp.com\/www.truckbrasil.com.br\/wp\/wp-content\/uploads\/2020\/08\/000006-600x300.jpg?ssl=1&w=640&resize=640&ssl=1 640w, https:\/\/i1.wp.com\/www.truckbrasil.com.br\/wp\/wp-content\/uploads\/2020\/08\/000006-600x300.jpg?ssl=1&w=800&resize=800&ssl=1 800w, https:\/\/i1.wp.com\/www.truckbrasil.com.br\/wp\/wp-content\/uploads\/2020\/08\/000006-600x300.jpg?ssl=1&w=1024&resize=1024&ssl=1 1024w, https:\/\/i1.wp.com\/www.truckbrasil.com.br\/wp\/wp-content\/uploads\/2020\/08\/000006-600x300.jpg?ssl=1&w=1280&resize=1280&ssl=1 1280w, https:\/\/i1.wp.com\/www.truckbrasil.com.br\/wp\/wp-content\/uploads\/2020\/08\/000006-600x300.jpg?ssl=1&w=1600&resize=1600&ssl=1 1600w\" fifu-data-src=\"https:\/\/i1.wp.com\/www.truckbrasil.com.br\/wp\/wp-content\/uploads\/2020\/08\/000006-600x300.jpg?ssl=1\" alt=\"\" class=\"wp-image-106556\"\/><\/figure>\n\n\n\n<p class=\"wp-block-paragraph\">Al\u00e9m da nova central multim\u00eddia, outra novidade incorporada em todos os modelos da linha 2021 do Toyota Etios \u00e9 a altera\u00e7\u00e3o do acabamento interno, de Black Piano para preto fosco, mudan\u00e7a que garante mais requinte e sofistica\u00e7\u00e3o ao modelo, muito requisitada pelos clientes.<\/p>&nbsp;&nbsp;\n\n\n\n<p class=\"wp-block-paragraph\">A linha Etios 2021 vem equipada com os j\u00e1 conhecidos motores de 1,3L e 1,5L, ambos 16V Flexfuel, produzidos na planta de motores da Toyota, localizada em Porto Feliz, SP, que recentemente completou quatro anos.<\/p>&nbsp;&nbsp;\n\n\n\n<p class=\"wp-block-paragraph\">Eles trazem a j\u00e1 consagrada tecnologia de duplo comando de v\u00e1lvulas vari\u00e1vel Dual VVT-i da Toyota, que atua no gerenciamento dos sistemas de admiss\u00e3o e escape da c\u00e2mara de combust\u00e3o, otimizando a queima do combust\u00edvel de maneira inteligente, o que se reflete em melhor desempenho e menor consumo.<\/p>&nbsp;&nbsp;\n\n\n\n<p class=\"wp-block-paragraph\"><strong>Seguran\u00e7a<\/strong><\/p>\n\n\n\n<p class=\"wp-block-paragraph\">Um dos compactos mais seguros da categoria, gra\u00e7as ao excelente resultado obtido no Latin NCAP em 2019, onde ganhou quatro estrelas, todas as vers\u00f5es do modelo&nbsp;s\u00e3o equipadas com <em>airbag <\/em>frontal duplo, alerta sonoro para portas abertas, far\u00f3is acesos e cinto de seguran\u00e7a para o motorista e o passageiro, cintos de seguran\u00e7a dianteiros de tr\u00eas pontos, com pr\u00e9-tensionador e limitador de for\u00e7a, al\u00e9m de encosto, cinto de seguran\u00e7a de tr\u00eas pontos para o passageiro central do banco traseiro e sistema de ancoragem de cadeiras de crian\u00e7as Isofix.<\/p>&nbsp;&nbsp;\n\n\n\n<p class=\"wp-block-paragraph\">O Toyota Etios conta tamb\u00e9m com controle de estabilidade (ESC), controle de tra\u00e7\u00e3o (TRC), controle de arrancada em subida (HAC), freios ABS com distribui\u00e7\u00e3o eletr\u00f4nica de frenagem (EBD) e imobilizador eletr\u00f4nico de motor. J\u00e1 a vers\u00e3o topo de linha X Plus ainda conta com o sistema de alarme perim\u00e9trico.<\/p>&nbsp;&nbsp;\n\n\n\n<p class=\"wp-block-paragraph\"><strong>Vers\u00e3o GNV<\/strong><\/p>\n\n\n\n<p class=\"wp-block-paragraph\">As vers\u00f5es X e X Plus do Etios na carroceria sed\u00e3, equipados com o motor 1.5L VVT-i DOHC de 16 v\u00e1lvulas, podem ser equipadas com o Kit GNV de 5\u00aa gera\u00e7\u00e3o certificado pela Toyota em parceria com a Landirenzo, empresa que atua na produ\u00e7\u00e3o dos dispositivos h\u00e1 65 anos.<\/p>&nbsp;&nbsp;\n\n\n\n<p class=\"wp-block-paragraph\">Para realizar a instala\u00e7\u00e3o, o cliente pode retirar o ve\u00edculo na concession\u00e1ria e lev\u00e1-lo at\u00e9 uma das oficinas autorizadas da Landirenzo definida pela Toyota, com prazo m\u00e1ximo de 30 dias ap\u00f3s a compra ou 5.000 km rodados. Outra op\u00e7\u00e3o \u00e9 a praticidade de j\u00e1 retirar o ve\u00edculo com o dispositivo instalado na concession\u00e1ria da marca, mediante o pagamento de frete de plataforma entre a revenda e a oficina. O custo para a aquisi\u00e7\u00e3o do Kit GNV \u00e9 de R$ 5.360, podendo variar de acordo com o valor de instala\u00e7\u00e3o do equipamento na oficina autorizada.<\/p>&nbsp;&nbsp;\n\n\n\n<p class=\"wp-block-paragraph\"><strong>Frotistas e motoristas de aplicativos<\/strong><\/p>\n\n\n\n<p class=\"wp-block-paragraph\">Para quem utiliza o Toyota Etios no dia a dia a trabalho para o transporte de pessoas, como taxistas e motoristas de aplicativos, a Toyota acaba de lan\u00e7ar um item de seguran\u00e7a que visa aumentar a prote\u00e7\u00e3o de todos os ocupantes. Agora, \u00e9 poss\u00edvel adquirir numa concession\u00e1ria da marca a cabine separadora, feita de filme PVC cristal, por um pre\u00e7o sugerido de R$ 339,90.<\/p>&nbsp;&nbsp;\n\n\n\n<p class=\"wp-block-paragraph\"><strong>Pre\u00e7os<\/strong><\/p>\n\n\n\n<p class=\"wp-block-paragraph\">Os pre\u00e7os da linha 2021 do Etios s\u00e3o os seguintes:<\/p>\n\n\n\n<figure class=\"wp-block-table\"><table><tbody><tr><td>Os pre\u00e7os da linha 2021 do Etios s\u00e3o os seguintes:<\/td><\/tr><\/tbody><\/table><\/figure>\n\n\n\n<figure class=\"wp-block-table\"><table><tbody><tr><td><img decoding=\"async\" src=\"data:image\/gif;base64,R0lGODlhAQABAIAAAAAAAP\/\/\/ywAAAAAAQABAAACAUwAOw==\" fifu-lazy=\"1\" fifu-data-sizes=\"auto\" fifu-data-srcset=\"https:\/\/i0.wp.com\/cseprs3.s3.sa-east-1.amazonaws.com\/email-editor-files\/caebf5d0-27d9-4b4a-ded1-08d822b2db52\/Etios%202021%20-%20Pre%C3%A7o.JPG?ssl=1&w=75&resize=75&ssl=1 75w, https:\/\/i0.wp.com\/cseprs3.s3.sa-east-1.amazonaws.com\/email-editor-files\/caebf5d0-27d9-4b4a-ded1-08d822b2db52\/Etios%202021%20-%20Pre%C3%A7o.JPG?ssl=1&w=100&resize=100&ssl=1 100w, https:\/\/i0.wp.com\/cseprs3.s3.sa-east-1.amazonaws.com\/email-editor-files\/caebf5d0-27d9-4b4a-ded1-08d822b2db52\/Etios%202021%20-%20Pre%C3%A7o.JPG?ssl=1&w=150&resize=150&ssl=1 150w, https:\/\/i0.wp.com\/cseprs3.s3.sa-east-1.amazonaws.com\/email-editor-files\/caebf5d0-27d9-4b4a-ded1-08d822b2db52\/Etios%202021%20-%20Pre%C3%A7o.JPG?ssl=1&w=240&resize=240&ssl=1 240w, https:\/\/i0.wp.com\/cseprs3.s3.sa-east-1.amazonaws.com\/email-editor-files\/caebf5d0-27d9-4b4a-ded1-08d822b2db52\/Etios%202021%20-%20Pre%C3%A7o.JPG?ssl=1&w=320&resize=320&ssl=1 320w, https:\/\/i0.wp.com\/cseprs3.s3.sa-east-1.amazonaws.com\/email-editor-files\/caebf5d0-27d9-4b4a-ded1-08d822b2db52\/Etios%202021%20-%20Pre%C3%A7o.JPG?ssl=1&w=500&resize=500&ssl=1 500w, https:\/\/i0.wp.com\/cseprs3.s3.sa-east-1.amazonaws.com\/email-editor-files\/caebf5d0-27d9-4b4a-ded1-08d822b2db52\/Etios%202021%20-%20Pre%C3%A7o.JPG?ssl=1&w=640&resize=640&ssl=1 640w, https:\/\/i0.wp.com\/cseprs3.s3.sa-east-1.amazonaws.com\/email-editor-files\/caebf5d0-27d9-4b4a-ded1-08d822b2db52\/Etios%202021%20-%20Pre%C3%A7o.JPG?ssl=1&w=800&resize=800&ssl=1 800w, https:\/\/i0.wp.com\/cseprs3.s3.sa-east-1.amazonaws.com\/email-editor-files\/caebf5d0-27d9-4b4a-ded1-08d822b2db52\/Etios%202021%20-%20Pre%C3%A7o.JPG?ssl=1&w=1024&resize=1024&ssl=1 1024w, https:\/\/i0.wp.com\/cseprs3.s3.sa-east-1.amazonaws.com\/email-editor-files\/caebf5d0-27d9-4b4a-ded1-08d822b2db52\/Etios%202021%20-%20Pre%C3%A7o.JPG?ssl=1&w=1280&resize=1280&ssl=1 1280w, https:\/\/i0.wp.com\/cseprs3.s3.sa-east-1.amazonaws.com\/email-editor-files\/caebf5d0-27d9-4b4a-ded1-08d822b2db52\/Etios%202021%20-%20Pre%C3%A7o.JPG?ssl=1&w=1600&resize=1600&ssl=1 1600w\" fifu-data-src=\"https:\/\/i0.wp.com\/cseprs3.s3.sa-east-1.amazonaws.com\/email-editor-files\/caebf5d0-27d9-4b4a-ded1-08d822b2db52\/Etios%202021%20-%20Pre%C3%A7o.JPG?ssl=1\" alt=\"\" width=\"584\" height=\"auto\"><\/td><\/tr><\/tbody><\/table><\/figure>\n","protected":false},"excerpt":{"rendered":"<p>Com mais de 600 mil unidades produzidas na f\u00e1brica de Sorocaba, SP, desde o seu&#8230;<\/p>\n","protected":false},"author":1,"featured_media":0,"comment_status":"open","ping_status":"open","sticky":false,"template":"","format":"standard","meta":{"fifu_image_url":"","fifu_image_alt":"","footnotes":""},"categories":[8699],"tags":[],"class_list":["post-78807","post","type-post","status-publish","format-standard","hentry","category-geralcarros","wpcat-8699-id"],"_links":{"self":[{"href":"https:\/\/verde-amarelo.net\/verdeamarelo\/wp-json\/wp\/v2\/posts\/78807","targetHints":{"allow":["GET"]}}],"collection":[{"href":"https:\/\/verde-amarelo.net\/verdeamarelo\/wp-json\/wp\/v2\/posts"}],"about":[{"href":"https:\/\/verde-amarelo.net\/verdeamarelo\/wp-json\/wp\/v2\/types\/post"}],"author":[{"embeddable":true,"href":"https:\/\/verde-amarelo.net\/verdeamarelo\/wp-json\/wp\/v2\/users\/1"}],"replies":[{"embeddable":true,"href":"https:\/\/verde-amarelo.net\/verdeamarelo\/wp-json\/wp\/v2\/comments?post=78807"}],"version-history":[{"count":0,"href":"https:\/\/verde-amarelo.net\/verdeamarelo\/wp-json\/wp\/v2\/posts\/78807\/revisions"}],"wp:attachment":[{"href":"https:\/\/verde-amarelo.net\/verdeamarelo\/wp-json\/wp\/v2\/media?parent=78807"}],"wp:term":[{"taxonomy":"category","embeddable":true,"href":"https:\/\/verde-amarelo.net\/verdeamarelo\/wp-json\/wp\/v2\/categories?post=78807"},{"taxonomy":"post_tag","embeddable":true,"href":"https:\/\/verde-amarelo.net\/verdeamarelo\/wp-json\/wp\/v2\/tags?post=78807"}],"curies":[{"name":"wp","href":"https:\/\/api.w.org\/{rel}","templated":true}]}}