{"id":78889,"date":"2020-09-03T19:39:41","date_gmt":"2020-09-03T22:39:41","guid":{"rendered":"https:\/\/verde-amarelo.net\/verdeamarelo\/2020\/09\/bw-live-moda-e-sustentabilidade\/"},"modified":"2020-09-03T19:39:41","modified_gmt":"2020-09-03T22:39:41","slug":"bw-live-moda-e-sustentabilidade","status":"publish","type":"post","link":"https:\/\/verde-amarelo.net\/verdeamarelo\/2020\/09\/bw-live-moda-e-sustentabilidade\/","title":{"rendered":"BW LIVE: Moda e Sustentabilidade"},"content":{"rendered":"<div class=\"pr-row\">\n<div class=\"pr-col-5\">\n<p class=\"pr-location\">PRESS RELEASE<\/p>\n<\/div>\n<\/div>\n<div class=\"pr-row\">\n<div class=\"pr-content\" readability=\"30.6327033689\">\n<p><img decoding=\"async\" src=\"data:image\/gif;base64,R0lGODlhAQABAIAAAAAAAP\/\/\/ywAAAAAAQABAAACAUwAOw==\" fifu-lazy=\"1\" fifu-data-sizes=\"auto\" fifu-data-srcset=\"https:\/\/i0.wp.com\/www.truckbrasil.com.br\/wp\/wp-content\/uploads\/2020\/09\/bw-live-moda-e-sustentabilidade.png?ssl=1&w=75&resize=75&ssl=1 75w, https:\/\/i0.wp.com\/www.truckbrasil.com.br\/wp\/wp-content\/uploads\/2020\/09\/bw-live-moda-e-sustentabilidade.png?ssl=1&w=100&resize=100&ssl=1 100w, https:\/\/i0.wp.com\/www.truckbrasil.com.br\/wp\/wp-content\/uploads\/2020\/09\/bw-live-moda-e-sustentabilidade.png?ssl=1&w=150&resize=150&ssl=1 150w, https:\/\/i0.wp.com\/www.truckbrasil.com.br\/wp\/wp-content\/uploads\/2020\/09\/bw-live-moda-e-sustentabilidade.png?ssl=1&w=240&resize=240&ssl=1 240w, https:\/\/i0.wp.com\/www.truckbrasil.com.br\/wp\/wp-content\/uploads\/2020\/09\/bw-live-moda-e-sustentabilidade.png?ssl=1&w=320&resize=320&ssl=1 320w, https:\/\/i0.wp.com\/www.truckbrasil.com.br\/wp\/wp-content\/uploads\/2020\/09\/bw-live-moda-e-sustentabilidade.png?ssl=1&w=500&resize=500&ssl=1 500w, https:\/\/i0.wp.com\/www.truckbrasil.com.br\/wp\/wp-content\/uploads\/2020\/09\/bw-live-moda-e-sustentabilidade.png?ssl=1&w=640&resize=640&ssl=1 640w, https:\/\/i0.wp.com\/www.truckbrasil.com.br\/wp\/wp-content\/uploads\/2020\/09\/bw-live-moda-e-sustentabilidade.png?ssl=1&w=800&resize=800&ssl=1 800w, https:\/\/i0.wp.com\/www.truckbrasil.com.br\/wp\/wp-content\/uploads\/2020\/09\/bw-live-moda-e-sustentabilidade.png?ssl=1&w=1024&resize=1024&ssl=1 1024w, https:\/\/i0.wp.com\/www.truckbrasil.com.br\/wp\/wp-content\/uploads\/2020\/09\/bw-live-moda-e-sustentabilidade.png?ssl=1&w=1280&resize=1280&ssl=1 1280w, https:\/\/i0.wp.com\/www.truckbrasil.com.br\/wp\/wp-content\/uploads\/2020\/09\/bw-live-moda-e-sustentabilidade.png?ssl=1&w=1600&resize=1600&ssl=1 1600w\" fifu-data-src=\"https:\/\/i0.wp.com\/www.truckbrasil.com.br\/wp\/wp-content\/uploads\/2020\/09\/bw-live-moda-e-sustentabilidade.png?ssl=1\" alt=\"Sobratema\" data-imagetype=\"External\"><\/p>\n<div readability=\"18.8673978066\">\n<h2><span><strong><i>Dia 9 de setembro (quarta-feira) \u2013 15h00 \u2013 Instagram<\/i><\/strong><\/span><\/h2>\n<div readability=\"32.7560718057\"><center><\/p>\n<p><img decoding=\"async\" src=\"data:image\/gif;base64,R0lGODlhAQABAIAAAAAAAP\/\/\/ywAAAAAAQABAAACAUwAOw==\" fifu-lazy=\"1\" fifu-data-sizes=\"auto\" fifu-data-srcset=\"https:\/\/i1.wp.com\/www.truckbrasil.com.br\/wp\/wp-content\/uploads\/2020\/09\/bw-live-moda-e-sustentabilidade.jpg?ssl=1&w=75&resize=75&ssl=1 75w, https:\/\/i1.wp.com\/www.truckbrasil.com.br\/wp\/wp-content\/uploads\/2020\/09\/bw-live-moda-e-sustentabilidade.jpg?ssl=1&w=100&resize=100&ssl=1 100w, https:\/\/i1.wp.com\/www.truckbrasil.com.br\/wp\/wp-content\/uploads\/2020\/09\/bw-live-moda-e-sustentabilidade.jpg?ssl=1&w=150&resize=150&ssl=1 150w, https:\/\/i1.wp.com\/www.truckbrasil.com.br\/wp\/wp-content\/uploads\/2020\/09\/bw-live-moda-e-sustentabilidade.jpg?ssl=1&w=240&resize=240&ssl=1 240w, https:\/\/i1.wp.com\/www.truckbrasil.com.br\/wp\/wp-content\/uploads\/2020\/09\/bw-live-moda-e-sustentabilidade.jpg?ssl=1&w=320&resize=320&ssl=1 320w, https:\/\/i1.wp.com\/www.truckbrasil.com.br\/wp\/wp-content\/uploads\/2020\/09\/bw-live-moda-e-sustentabilidade.jpg?ssl=1&w=500&resize=500&ssl=1 500w, https:\/\/i1.wp.com\/www.truckbrasil.com.br\/wp\/wp-content\/uploads\/2020\/09\/bw-live-moda-e-sustentabilidade.jpg?ssl=1&w=640&resize=640&ssl=1 640w, https:\/\/i1.wp.com\/www.truckbrasil.com.br\/wp\/wp-content\/uploads\/2020\/09\/bw-live-moda-e-sustentabilidade.jpg?ssl=1&w=800&resize=800&ssl=1 800w, https:\/\/i1.wp.com\/www.truckbrasil.com.br\/wp\/wp-content\/uploads\/2020\/09\/bw-live-moda-e-sustentabilidade.jpg?ssl=1&w=1024&resize=1024&ssl=1 1024w, https:\/\/i1.wp.com\/www.truckbrasil.com.br\/wp\/wp-content\/uploads\/2020\/09\/bw-live-moda-e-sustentabilidade.jpg?ssl=1&w=1280&resize=1280&ssl=1 1280w, https:\/\/i1.wp.com\/www.truckbrasil.com.br\/wp\/wp-content\/uploads\/2020\/09\/bw-live-moda-e-sustentabilidade.jpg?ssl=1&w=1600&resize=1600&ssl=1 1600w\" loading=\"lazy\" fifu-data-src=\"https:\/\/i1.wp.com\/www.truckbrasil.com.br\/wp\/wp-content\/uploads\/2020\/09\/bw-live-moda-e-sustentabilidade.jpg?ssl=1\" alt width=\"304\" height=\"304\" data-imagetype=\"External\"><\/p>\n<p><\/center><\/p>\n<p>No dia 9 de setembro, quarta-feira, a BW Expo, Summit e Digital promove um novo evento virtual para falar sobre sustentabilidade no mundo da moda. A convidada da BW LIVE \u00e9 Fernanda Simon, diretora executiva do Instituto Fashion Revolution Brasil, um movimento que tem como principais objetivos&nbsp;conscientizar sobre os impactos socioambientais do setor, celebrar as pessoas por tr\u00e1s das roupas, incentivar a transpar\u00eancia e fomentar a sustentabilidade.<\/p>&nbsp;&nbsp;\n<p>A BW LIVE ser\u00e1 transmitida a partir das 15h00 pelo perfil&nbsp;<a target=\"_blank\" href=\"https:\/\/www.instagram.com\/bwexpo\/\" rel=\"noopener noreferrer\" data-auth=\"NotApplicable\">@bwexpo<\/a>&nbsp;no Instagram. Vagner Barbosa, integrante do comit\u00ea organizador da BW Expo, Summit e Digital 2020, conduzir\u00e1 o papo com Fernanda, que \u00e9 ativista e acredita que a moda \u00e9 um importante agente de transforma\u00e7\u00e3o.<\/p>&nbsp;&nbsp;\n<p>Ela estudou moda na Faculdade Santa Marcelina, mas foi na Inglaterra que iniciou sua carreira com moda e sustentabilidade, h\u00e1 10 anos, trabalhando com iniciativas e profissionais pioneiros, como Jocelyn Whipple.<\/p>&nbsp;&nbsp;\n<\/div>\n<\/div>\n<div class=\"pr-detail-general-info pr-text-center\" readability=\"25.546961326\">###<\/p>\n<p>Para mais informa\u00e7\u00f5es sobre este release, por favor ligue para Mec\u00e2nica De Comunica\u00e7\u00e3o Estrat\u00e9gica no telefone <a href=\"tel:(11)%203259-6688\/1719\">(11) 3259-6688\/1719<\/a> ou pelo e-mail <a href=\"mailto:meccanica@meccanica.com.br\">meccanica@meccanica.com.br<\/a><\/p>\n<\/div>\n<p><span class=\"press-content-location pr-hidden\">S\u00e3O PAULO \u2013 <\/span><span class=\"press-content-date pr-hidden\">03 setembro, 2020 \u2013 <\/span><\/p>\n<\/div>\n<\/div>\n","protected":false},"excerpt":{"rendered":"<p>PRESS RELEASE Dia 9 de setembro (quarta-feira) \u2013 15h00 \u2013 Instagram No dia 9 de&#8230;<\/p>\n","protected":false},"author":1,"featured_media":0,"comment_status":"open","ping_status":"open","sticky":false,"template":"","format":"standard","meta":{"fifu_image_url":"","fifu_image_alt":"","footnotes":""},"categories":[727],"tags":[6025],"class_list":["post-78889","post","type-post","status-publish","format-standard","hentry","category-noticias","tag-truckbrasil","wpcat-727-id"],"_links":{"self":[{"href":"https:\/\/verde-amarelo.net\/verdeamarelo\/wp-json\/wp\/v2\/posts\/78889","targetHints":{"allow":["GET"]}}],"collection":[{"href":"https:\/\/verde-amarelo.net\/verdeamarelo\/wp-json\/wp\/v2\/posts"}],"about":[{"href":"https:\/\/verde-amarelo.net\/verdeamarelo\/wp-json\/wp\/v2\/types\/post"}],"author":[{"embeddable":true,"href":"https:\/\/verde-amarelo.net\/verdeamarelo\/wp-json\/wp\/v2\/users\/1"}],"replies":[{"embeddable":true,"href":"https:\/\/verde-amarelo.net\/verdeamarelo\/wp-json\/wp\/v2\/comments?post=78889"}],"version-history":[{"count":0,"href":"https:\/\/verde-amarelo.net\/verdeamarelo\/wp-json\/wp\/v2\/posts\/78889\/revisions"}],"wp:attachment":[{"href":"https:\/\/verde-amarelo.net\/verdeamarelo\/wp-json\/wp\/v2\/media?parent=78889"}],"wp:term":[{"taxonomy":"category","embeddable":true,"href":"https:\/\/verde-amarelo.net\/verdeamarelo\/wp-json\/wp\/v2\/categories?post=78889"},{"taxonomy":"post_tag","embeddable":true,"href":"https:\/\/verde-amarelo.net\/verdeamarelo\/wp-json\/wp\/v2\/tags?post=78889"}],"curies":[{"name":"wp","href":"https:\/\/api.w.org\/{rel}","templated":true}]}}