{"id":79983,"date":"2021-03-26T23:13:31","date_gmt":"2021-03-27T02:13:31","guid":{"rendered":"https:\/\/verde-amarelo.net\/verdeamarelo\/2021\/03\/jamef-fortalece-a-operacao-em-cumprimento-a-lei-geral-de-protecao-de-dados-lgpd\/"},"modified":"2021-03-26T23:13:31","modified_gmt":"2021-03-27T02:13:31","slug":"jamef-fortalece-a-operacao-em-cumprimento-a-lei-geral-de-protecao-de-dados-lgpd","status":"publish","type":"post","link":"https:\/\/verde-amarelo.net\/verdeamarelo\/2021\/03\/jamef-fortalece-a-operacao-em-cumprimento-a-lei-geral-de-protecao-de-dados-lgpd\/","title":{"rendered":"Jamef fortalece a opera\u00e7\u00e3o em cumprimento \u00e0 Lei Geral de Prote\u00e7\u00e3o de Dados (LGPD)"},"content":{"rendered":"\n<p class=\"wp-block-paragraph\">Jamef fortalece a opera\u00e7\u00e3o em cumprimento \u00e0 Lei Geral de Prote\u00e7\u00e3o de Dados (LGPD)<\/p>\n\n\n\n<p class=\"wp-block-paragraph\">Com o intuito de proteger os dados dos colaboradores, fornecedores, parceiros e clientes e agir em conformidade com a Lei Geral da Prote\u00e7\u00e3o de Dados (LGPD) \u2013 Lei n\u00ba 13.709\/18 \u2013, sancionada no Brasil em 2018, que delimita o tratamento de informa\u00e7\u00f5es pessoais de pessoa f\u00edsica, de direito p\u00fablico ou privado, a Jamef Encomendas Urgentes (<a href=\"https:\/\/www.jamef.com.br\/\">https:\/\/www.jamef.com.br\/<\/a>), especializada no transporte de cargas fracionadas, realiza as adequa\u00e7\u00f5es \u00e0s medidas necess\u00e1rias, com a chegada do profissional <strong>Rodrigo Acerbi<\/strong>, <strong>DPO<\/strong> (Data Protection Officer), coordenador de governan\u00e7a corporativa, respons\u00e1vel pela prote\u00e7\u00e3o de dados.<\/p>&nbsp;&nbsp;\n\n\n\n<p class=\"wp-block-paragraph\">\u201c\u00c9 fundamental estarmos em conformidade com as leis que regem a prote\u00e7\u00e3o de dados, um importante trabalho que envolve a gest\u00e3o de todos os ciclos, que possibilite estrat\u00e9gias de governan\u00e7a que controlam a coleta, a correta utiliza\u00e7\u00e3o, o compartilhamento e o descarte, garantindo a prote\u00e7\u00e3o e confidencialidade de todas as informa\u00e7\u00f5es\u201d, comenta Rodrigo Acerbi.<\/p>&nbsp;&nbsp;\n\n\n\n<p class=\"wp-block-paragraph\">\u201cO projeto LGPD tem o objetivo de garantir que todos esses dados estejam seguros, protegidos contra-ataques cibern\u00e9ticos e que n\u00e3o estejam vulner\u00e1veis\u201d, explica <strong>Marcelo Pimentel<\/strong>, <strong>coordenador de sistemas da Jamef<\/strong>.<\/p>&nbsp;&nbsp;\n\n\n\n<p class=\"wp-block-paragraph\">A partir de um estudo detalhado, a Jamef iniciou um projeto corporativo para a implanta\u00e7\u00e3o de pol\u00edticas, rotinas e prote\u00e7\u00f5es sist\u00eamicas, a fim de trabalhar de modo alinhado e seguir todos os detalhes da nova lei. Desta forma, todos os sistemas de tecnologia da informa\u00e7\u00e3o est\u00e3o sendo adequados para o correto uso e, principalmente, para maior prote\u00e7\u00e3o de todos os dados.<\/p>&nbsp;&nbsp;\n\n\n\n<p class=\"wp-block-paragraph\"><em><strong>Sobre a Jamef Encomendas Urgentes<\/strong><\/em><em> \u2013 Fundada em 1963 e especializada no transporte de cargas fracionadas, h\u00e1 57 anos transporta encomendas pelo Brasil, n<\/em>os modais a\u00e9reo e rodovi\u00e1rio, atende todo territ\u00f3rio nacional. Conta <em>com mais de 3.000 colaboradores diretos, 1.200 ve\u00edculos e 30 unidades. A empresa investe constantemente em infraestrutura, tecnologias integradas, capacita\u00e7\u00e3o de colaboradores, a\u00e7\u00f5es sustent\u00e1veis e inova\u00e7\u00e3o para sempre levar o melhor servi\u00e7o ao cliente, com pontualidade e cuidado no transporte de mercadorias e aten\u00e7\u00e3o no atendimento. Toda a frota \u00e9 100% rastreada via sat\u00e9lite e os terminais s\u00e3o monitorados 24 horas por dia, para garantir a seguran\u00e7a total de todas as cargas, desde a coleta at\u00e9 a entrega. No site \u00e9 poss\u00edvel acompanhar cada etapa do transporte, em tempo real, e ainda realizar cota\u00e7\u00f5es e solicitar a coleta.<\/em><\/p>\n","protected":false},"excerpt":{"rendered":"<p>Jamef fortalece a opera\u00e7\u00e3o em cumprimento \u00e0 Lei Geral de Prote\u00e7\u00e3o de Dados (LGPD) Com&#8230;<\/p>\n","protected":false},"author":1,"featured_media":0,"comment_status":"open","ping_status":"open","sticky":false,"template":"","format":"standard","meta":{"fifu_image_url":"","fifu_image_alt":"","footnotes":""},"categories":[727],"tags":[],"class_list":["post-79983","post","type-post","status-publish","format-standard","hentry","category-noticias","wpcat-727-id"],"_links":{"self":[{"href":"https:\/\/verde-amarelo.net\/verdeamarelo\/wp-json\/wp\/v2\/posts\/79983","targetHints":{"allow":["GET"]}}],"collection":[{"href":"https:\/\/verde-amarelo.net\/verdeamarelo\/wp-json\/wp\/v2\/posts"}],"about":[{"href":"https:\/\/verde-amarelo.net\/verdeamarelo\/wp-json\/wp\/v2\/types\/post"}],"author":[{"embeddable":true,"href":"https:\/\/verde-amarelo.net\/verdeamarelo\/wp-json\/wp\/v2\/users\/1"}],"replies":[{"embeddable":true,"href":"https:\/\/verde-amarelo.net\/verdeamarelo\/wp-json\/wp\/v2\/comments?post=79983"}],"version-history":[{"count":0,"href":"https:\/\/verde-amarelo.net\/verdeamarelo\/wp-json\/wp\/v2\/posts\/79983\/revisions"}],"wp:attachment":[{"href":"https:\/\/verde-amarelo.net\/verdeamarelo\/wp-json\/wp\/v2\/media?parent=79983"}],"wp:term":[{"taxonomy":"category","embeddable":true,"href":"https:\/\/verde-amarelo.net\/verdeamarelo\/wp-json\/wp\/v2\/categories?post=79983"},{"taxonomy":"post_tag","embeddable":true,"href":"https:\/\/verde-amarelo.net\/verdeamarelo\/wp-json\/wp\/v2\/tags?post=79983"}],"curies":[{"name":"wp","href":"https:\/\/api.w.org\/{rel}","templated":true}]}}