{"id":80528,"date":"2021-10-14T20:02:31","date_gmt":"2021-10-14T23:02:31","guid":{"rendered":"https:\/\/verde-amarelo.net\/verdeamarelo\/2021\/10\/semana-nacional-de-reducao-de-desastres-debate-formas-de-reduzir-desastres-e-impactos-nas-cidades\/"},"modified":"2021-10-14T20:02:31","modified_gmt":"2021-10-14T23:02:31","slug":"semana-nacional-de-reducao-de-desastres-debate-formas-de-reduzir-desastres-e-impactos-nas-cidades","status":"publish","type":"post","link":"https:\/\/verde-amarelo.net\/verdeamarelo\/2021\/10\/semana-nacional-de-reducao-de-desastres-debate-formas-de-reduzir-desastres-e-impactos-nas-cidades\/","title":{"rendered":"Semana Nacional de Redu\u00e7\u00e3o de Desastres debate formas de reduzir desastres e impactos nas cidades"},"content":{"rendered":"<div id=\"parent-fieldname-text\" class=\"\">\n<div property=\"rnews:articleBody\">\n<p style=\"text-align: justify; \">Desastres como deslizamentos, enchentes, secas e vendavais causam grande impacto nas cidades e na vida das pessoas. Discutir temas centrais para reduzir o risco de desastres e atuar para que os efeitos sejam os menores poss\u00edveis para a popula\u00e7\u00e3o e as institui\u00e7\u00f5es, al\u00e9m de preparar os agentes p\u00fablicos para essas ocorr\u00eancias est\u00e3o entre os debates da Semana Nacional de Redu\u00e7\u00e3o de Desastres.<\/p>&nbsp;&nbsp;\n<p style=\"text-align: justify; \">Nesta quinta-feira (14), na abertura do evento online que marca a Semana Nacional de Redu\u00e7\u00e3o de Desastres, o secret\u00e1rio Nacional de Prote\u00e7\u00e3o e Defesa Civil, do Minist\u00e9rio do Desenvolvimento Regional, Alexandre Lucas, falou sobre o lan\u00e7amento recente do banco para compartilhar boas pr\u00e1ticas com ideias vindas do Sistema Nacional de Prote\u00e7\u00e3o e Defesa Civil de todo o pa\u00eds.<\/p>&nbsp;&nbsp;\n<p style=\"text-align: justify; \">\u201cEstamos lan\u00e7ando um banco de boas pr\u00e1ticas com 84 grandes ideias desenvolvidas em todo o pa\u00eds, onde tanto estados como munic\u00edpios podem beber das experi\u00eancias dos outros, da produ\u00e7\u00e3o de grandes ideias que est\u00e3o sendo feitas em outros lugares, ideias de f\u00e1cil implementa\u00e7\u00e3o e de baixo custo\u201d, disse.<\/p>&nbsp;&nbsp;\n<p style=\"text-align: justify; \">O Banco de Boas Pr\u00e1ticas em A\u00e7\u00f5es de Prote\u00e7\u00e3o e Defesa Civil est\u00e1 dividido em temas como capacita\u00e7\u00e3o e prote\u00e7\u00e3o em defesa civil, defesa civil nas escolas, mapeamento de \u00e1reas de risco, monitoramento e alerta, e planos de conting\u00eancia.<\/p>&nbsp;&nbsp;\n<p style=\"text-align: justify; \">Durante as apresenta\u00e7\u00f5es foi destacada a import\u00e2ncia da participa\u00e7\u00e3o dos diversos setores da sociedade e comunidades acad\u00eamicas onde todos t\u00eam contribui\u00e7\u00f5es para dar para que os desastres ocorram cada vez menos no Brasil<\/p>\n<p style=\"text-align: justify; \">O ministro do Desenvolvimento Regional, Rog\u00e9rio Marinho, afirmou que o governo tem empenhado esfor\u00e7os para dar maior qualidade de vida e seguran\u00e7a \u00e0 popula\u00e7\u00e3o.<\/p>&nbsp;&nbsp;\n<p style=\"text-align: justify; \">\u201cFizemos um enorme esfor\u00e7o na \u00e1rea do saneamento b\u00e1sico, na remo\u00e7\u00e3o de pessoas e de propriedades em \u00e1reas pass\u00edveis de ocorrerem deslizamentos e alagamentos. Esse governo j\u00e1 entregou 160 mil unidades habitacionais a popula\u00e7\u00f5es em \u00e1rea de risco\u201d, afirmou o ministro em v\u00eddeo exibido no evento.<\/p>&nbsp;&nbsp;\n<p style=\"text-align: justify; \">\u201cO mundo inteiro est\u00e1 passando por mudan\u00e7as clim\u00e1ticas que incidem diretamente na quest\u00e3o dos desastres ambientais que ocorrem de forma c\u00edclica no nosso pa\u00eds. N\u00f3s temos hoje um conhecimento do que poderia acontecer, temos o conhecimento pelo hist\u00f3rico passado, mas tamb\u00e9m temos a condi\u00e7\u00e3o de prever com alguma seguran\u00e7a o que ocorrer\u00e1 no futuro. Por isso, o trabalho da Defesa Civil torna-se cada vez mais importante nesse momento\u201d, acrescentou o ministro Rog\u00e9rio Marinho.<\/p>&nbsp;&nbsp;\n<h3 style=\"text-align: justify; \">Combate a desastres no pa\u00eds<\/h3>\n<p style=\"text-align: justify; \">Os avan\u00e7os alcan\u00e7ados pelo Brasil foram apresentados pelo secret\u00e1rio Alexandre Lucas. Entre eles, o constante avan\u00e7o na regulamenta\u00e7\u00e3o de leis relacionadas \u00e0 Defesa Civil e na capacita\u00e7\u00e3o dos profissionais com cursos online. Ele citou ainda a distribui\u00e7\u00e3o de insumos para as defesas civis de todo o pa\u00eds e o pronto atendimento para a reconstru\u00e7\u00e3o ap\u00f3s os desastres.<\/p>&nbsp;&nbsp;\n<p style=\"text-align: justify; \">Outros pontos s\u00e3o a implanta\u00e7\u00e3o do grupo de apoio a desastres e a gest\u00e3o aproximada do Governo Federal com estados e munic\u00edpios, por meio de videoconfer\u00eancias, onde os t\u00e9cnicos locais podem tirar d\u00favidas com equipes nacionais e avan\u00e7ar nos seus processos.<\/p>&nbsp;&nbsp;\n<h3 style=\"text-align: justify; \">Cidades Resilientes<\/h3>\n<p style=\"text-align: justify; \">No evento tamb\u00e9m foi apresentada a iniciativa Construindo Cidades Resilientes 2030, campanha do Escrit\u00f3rio das Na\u00e7\u00f5es Unidas para a Redu\u00e7\u00e3o de Riscos (UNDRR) da qual a Secretaria Nacional de Prote\u00e7\u00e3o e Defesa Civil \u00e9 parceira. Uma cidade resiliente \u00e9 uma cidade que reduz a severidade e a frequ\u00eancia dos eventos de desastres ao reduzir seus riscos.<\/p>&nbsp;&nbsp;\n<p style=\"text-align: justify; \">A campanha apoia as cidades para a constru\u00e7\u00e3o de um caminho de redu\u00e7\u00e3o de riscos e desenvolvimento de resili\u00eancia, facilitando o acesso a ferramentas de conhecimento, diagn\u00f3stico, monitoramento, relat\u00f3rios e planejamento estrat\u00e9gico.<\/p>&nbsp;&nbsp;\n<h3 style=\"text-align: justify; \">Trabalho da Defesa Civil<\/h3>\n<p style=\"text-align: justify; \">A Secretaria Nacional de Prote\u00e7\u00e3o e Defesa Civil, do Minist\u00e9rio do Desenvolvimento Regional, coordena as a\u00e7\u00f5es de prote\u00e7\u00e3o e defesa civil em todo o territ\u00f3rio nacional. O objetivo \u00e9 reduzir os riscos de desastres. Tamb\u00e9m compreende a\u00e7\u00f5es de preven\u00e7\u00e3o, mitiga\u00e7\u00e3o, prepara\u00e7\u00e3o, resposta e recupera\u00e7\u00e3o que se d\u00e1 de forma multissetorial e nos tr\u00eas n\u00edveis de governo federal, estadual e municipal com destaque para a import\u00e2ncia da participa\u00e7\u00e3o da comunidade.<\/p>&nbsp;&nbsp;\n<\/div><\/div>\n<p> Cr\u00e9ditos: Minist\u00e9rio da Infraestrutura<\/p>\n","protected":false},"excerpt":{"rendered":"<p>Desastres como deslizamentos, enchentes, secas e vendavais causam grande impacto nas cidades e na vida&#8230;<\/p>\n","protected":false},"author":1,"featured_media":0,"comment_status":"open","ping_status":"open","sticky":false,"template":"","format":"standard","meta":{"fifu_image_url":"","fifu_image_alt":"","footnotes":""},"categories":[727],"tags":[],"class_list":["post-80528","post","type-post","status-publish","format-standard","hentry","category-noticias","wpcat-727-id"],"_links":{"self":[{"href":"https:\/\/verde-amarelo.net\/verdeamarelo\/wp-json\/wp\/v2\/posts\/80528","targetHints":{"allow":["GET"]}}],"collection":[{"href":"https:\/\/verde-amarelo.net\/verdeamarelo\/wp-json\/wp\/v2\/posts"}],"about":[{"href":"https:\/\/verde-amarelo.net\/verdeamarelo\/wp-json\/wp\/v2\/types\/post"}],"author":[{"embeddable":true,"href":"https:\/\/verde-amarelo.net\/verdeamarelo\/wp-json\/wp\/v2\/users\/1"}],"replies":[{"embeddable":true,"href":"https:\/\/verde-amarelo.net\/verdeamarelo\/wp-json\/wp\/v2\/comments?post=80528"}],"version-history":[{"count":0,"href":"https:\/\/verde-amarelo.net\/verdeamarelo\/wp-json\/wp\/v2\/posts\/80528\/revisions"}],"wp:attachment":[{"href":"https:\/\/verde-amarelo.net\/verdeamarelo\/wp-json\/wp\/v2\/media?parent=80528"}],"wp:term":[{"taxonomy":"category","embeddable":true,"href":"https:\/\/verde-amarelo.net\/verdeamarelo\/wp-json\/wp\/v2\/categories?post=80528"},{"taxonomy":"post_tag","embeddable":true,"href":"https:\/\/verde-amarelo.net\/verdeamarelo\/wp-json\/wp\/v2\/tags?post=80528"}],"curies":[{"name":"wp","href":"https:\/\/api.w.org\/{rel}","templated":true}]}}