{"id":81474,"date":"2019-06-08T16:51:09","date_gmt":"2019-06-08T19:51:09","guid":{"rendered":"https:\/\/verde-amarelo.net\/verdeamarelo\/2019\/06\/afinal-e-realmente-mais-seguro-andar-com-os-farois-ligados-durante-o-dia\/"},"modified":"2019-06-08T16:51:09","modified_gmt":"2019-06-08T19:51:09","slug":"afinal-e-realmente-mais-seguro-andar-com-os-farois-ligados-durante-o-dia","status":"publish","type":"post","link":"https:\/\/verde-amarelo.net\/verdeamarelo\/2019\/06\/afinal-e-realmente-mais-seguro-andar-com-os-farois-ligados-durante-o-dia\/","title":{"rendered":"Afinal, \u00e9 realmente mais seguro andar com os far\u00f3is ligados durante o dia?"},"content":{"rendered":"<div><img decoding=\"async\" src=\"data:image\/gif;base64,R0lGODlhAQABAIAAAAAAAP\/\/\/ywAAAAAAQABAAACAUwAOw==\" fifu-lazy=\"1\" fifu-data-sizes=\"auto\" fifu-data-srcset=\"https:\/\/i1.wp.com\/www.truckbrasil.com.br\/wp\/wp-content\/uploads\/2022\/04\/afinal-e-realmente-mais-seguro-andar-com-os-farois-ligados-durante-o-dia.jpg?ssl=1&w=75&resize=75&ssl=1 75w, https:\/\/i1.wp.com\/www.truckbrasil.com.br\/wp\/wp-content\/uploads\/2022\/04\/afinal-e-realmente-mais-seguro-andar-com-os-farois-ligados-durante-o-dia.jpg?ssl=1&w=100&resize=100&ssl=1 100w, https:\/\/i1.wp.com\/www.truckbrasil.com.br\/wp\/wp-content\/uploads\/2022\/04\/afinal-e-realmente-mais-seguro-andar-com-os-farois-ligados-durante-o-dia.jpg?ssl=1&w=150&resize=150&ssl=1 150w, https:\/\/i1.wp.com\/www.truckbrasil.com.br\/wp\/wp-content\/uploads\/2022\/04\/afinal-e-realmente-mais-seguro-andar-com-os-farois-ligados-durante-o-dia.jpg?ssl=1&w=240&resize=240&ssl=1 240w, https:\/\/i1.wp.com\/www.truckbrasil.com.br\/wp\/wp-content\/uploads\/2022\/04\/afinal-e-realmente-mais-seguro-andar-com-os-farois-ligados-durante-o-dia.jpg?ssl=1&w=320&resize=320&ssl=1 320w, https:\/\/i1.wp.com\/www.truckbrasil.com.br\/wp\/wp-content\/uploads\/2022\/04\/afinal-e-realmente-mais-seguro-andar-com-os-farois-ligados-durante-o-dia.jpg?ssl=1&w=500&resize=500&ssl=1 500w, https:\/\/i1.wp.com\/www.truckbrasil.com.br\/wp\/wp-content\/uploads\/2022\/04\/afinal-e-realmente-mais-seguro-andar-com-os-farois-ligados-durante-o-dia.jpg?ssl=1&w=640&resize=640&ssl=1 640w, https:\/\/i1.wp.com\/www.truckbrasil.com.br\/wp\/wp-content\/uploads\/2022\/04\/afinal-e-realmente-mais-seguro-andar-com-os-farois-ligados-durante-o-dia.jpg?ssl=1&w=800&resize=800&ssl=1 800w, https:\/\/i1.wp.com\/www.truckbrasil.com.br\/wp\/wp-content\/uploads\/2022\/04\/afinal-e-realmente-mais-seguro-andar-com-os-farois-ligados-durante-o-dia.jpg?ssl=1&w=1024&resize=1024&ssl=1 1024w, https:\/\/i1.wp.com\/www.truckbrasil.com.br\/wp\/wp-content\/uploads\/2022\/04\/afinal-e-realmente-mais-seguro-andar-com-os-farois-ligados-durante-o-dia.jpg?ssl=1&w=1280&resize=1280&ssl=1 1280w, https:\/\/i1.wp.com\/www.truckbrasil.com.br\/wp\/wp-content\/uploads\/2022\/04\/afinal-e-realmente-mais-seguro-andar-com-os-farois-ligados-durante-o-dia.jpg?ssl=1&w=1600&resize=1600&ssl=1 1600w\" fifu-data-src=\"https:\/\/i1.wp.com\/www.truckbrasil.com.br\/wp\/wp-content\/uploads\/2022\/04\/afinal-e-realmente-mais-seguro-andar-com-os-farois-ligados-durante-o-dia.jpg?ssl=1\" class=\"ff-og-image-inserted\"><\/div>\n<p><!-- Start Audima Widget Injection --> <!-- End Audima Widget Injection --><\/p>\n<p class=\"p1\">Voc\u00ea, que costuma andar em rodovias, com certeza j\u00e1 ouviu falar sobre a Lei do Farol Baixo, certo? Desde 8 de julho de 2016, o uso do farol baixo aceso durante o dia em rodovias \u00e9 obrigat\u00f3rio.<\/p>&nbsp;&nbsp;\n<p class=\"p1\">\u00c9 importante lembrar que quem for flagrado com as luzes apagadas durante o dia nas rodovias ser\u00e1 multado em R$ 130,16 e perder\u00e1 4 pontos na Carteira Nacional de Habilita\u00e7\u00e3o (CNH) \u2013 o ato \u00e9 considerado infra\u00e7\u00e3o m\u00e9dia pelo C\u00f3digo de Tr\u00e2nsito Brasileiro (CTB).<\/p>&nbsp;&nbsp;\n<p class=\"p1\">Uma das principais orienta\u00e7\u00f5es da Pol\u00edcia Rodovi\u00e1ria Federal (PRF) \u00e9 n\u00e3o confundir farol baixo com lanterna, far\u00f3is de milha ou de neblina. A Lei prev\u00ea multa para quem trafega com luz acesa errada, inclusive farol alto.<\/p>&nbsp;&nbsp;\n<p class=\"p1\"><i>N\u00e3o esque\u00e7a: os far\u00f3is baixos devem ser mantidos acesos ao se atravessar t\u00faneis e, seja qual for o hor\u00e1rio, sob chuva, neblina e cerra\u00e7\u00e3o.<\/i><\/p>\n<p class=\"p1\">Por tudo isso, \u00e9 muito importante sempre observar se as luzes n\u00e3o est\u00e3o queimadas e sempre que poss\u00edvel, realizar o alinhamento de farol em um centro automotivo.<\/p>&nbsp;&nbsp;\n<p class=\"p3\"><b><i>Reduz mesmo os acidentes?<\/i><\/b><\/p>\n<p class=\"p1\">De acordo com a PRF, os acidentes durante o dia diminu\u00edram consideravelmente desde que a Lei do Farol Baixo foi sancionada. Foram 51.480 acidentes em 2016 diante de 32.060 em 2018.<\/p>&nbsp;&nbsp;\n<p class=\"p1\">Ainda segundo a PRF, um n\u00famero maior de acidentes acontece porque um ve\u00edculo \u2013 que n\u00e3o apresentava grande contraste com o ambiente em que estava \u2013 n\u00e3o foi enxergado por um motorista.<\/p>&nbsp;&nbsp;\n<p class=\"p1\">Al\u00e9m disso, durante o primeiro m\u00eas de vig\u00eancia da Lei, entre 8 de julho e 8 de agosto de 2016, foi registrado um n\u00famero de colis\u00f5es 36% menor em compara\u00e7\u00e3o com o mesmo per\u00edodo de 2015, que apresentou 183 batidas.<\/p>&nbsp;&nbsp;\n<p class=\"p1\">Outro levantamento da PRF, realizado em 2016, mostra que o n\u00famero de atropelamentos caiu em 34%, que houve redu\u00e7\u00e3o de 56% nos \u00f3bitos decorrentes de colis\u00f5es frontais e tamb\u00e9m que diminuiu em 41% o n\u00famero de pedestres atingidos desde que a Lei do Farol Baixo entrou em vigor.<\/p>&nbsp;&nbsp;\n<p class=\"p1\">Outro detalhe importante \u00e9 que, ao acender os far\u00f3is, a visibilidade do ve\u00edculo aumenta em 60%, conforme estudo da<span class=\"Apple-converted-space\">&nbsp; <\/span>&nbsp;<span class=\"s1\">Brazhuman Corp \u2013 Engenharia Consultiva em Tr\u00e2nsito e Transportes.<\/span><\/p>\n<p class=\"p3\"><b><i>Onde surgiu e como funciona em outros pa\u00edses?<\/i><\/b><\/p>\n<p class=\"p4\">Mundialmente, a obrigatoriedade do uso dos far\u00f3is acesos durante o dia surgiu nos pa\u00edses escandinavos, onde a luminosidade natural \u00e9 prec\u00e1ria. No entanto, o facho de luz diurno se tornou um importante dispositivo de seguran\u00e7a, independentemente das quest\u00f5es clim\u00e1ticas, propagando-se para outros pa\u00edses, como Estados Unidos, Canad\u00e1 e os que comp\u00f5em o Mercosul.<\/p>&nbsp;&nbsp;\n<p class=\"p4\">Estudos revelam que essa pr\u00e1tica reduziu consideravelmente o n\u00famero de acidentes no tr\u00e2nsito. V\u00e1rios relat\u00f3rios publicados nesses pa\u00edses indicam redu\u00e7\u00e3o de 21% nas estradas rurais.<\/p>&nbsp;&nbsp;\n<p class=\"p4\">A Su\u00e9cia mostrou uma baixa de 11% nas colis\u00f5es. A Dinamarca e a Hungria registraram redu\u00e7\u00e3o de at\u00e9 8% em colis\u00f5es frontais e transversais, sendo que, na Dinamarca, s\u00f3 nos primeiros 15 meses houve diminui\u00e7\u00e3o de 7%. No Canad\u00e1 e nos Estados Unidos foram constatados, respectivamente, 11% e 7% menos acidentes.<\/p>&nbsp;&nbsp;\n<p class=\"p3\"><b><i>Cores dos ve\u00edculos<\/i><\/b><\/p>\n<p class=\"p1\">As cores tamb\u00e9m fazem diferen\u00e7a quando o ponto \u00e9 visibilidade: ve\u00edculos na cor cinza, preto ou azul-escuro n\u00e3o contrastam com o asfalto e s\u00e3o mais dif\u00edceis de ver. J\u00e1 os carros de cor prata ficam quase invis\u00edveis na chuva ou sob neblina. Os far\u00f3is ligados em carros dessas cores fazem grande diferen\u00e7a.<\/p>&nbsp;&nbsp;\n<p class=\"p1\">A principal dica para se aumentar a seguran\u00e7a \u00e9 comprar ve\u00edculos coloridos. Amarelo, laranja, vermelho, verde e todas as cores chamativas aumentam a seguran\u00e7a.<\/p>&nbsp;&nbsp;\n<p> <a href=\"https:\/\/blog.dpaschoal.com.br\/afinal-e-realmente-mais-seguro-andar-com-os-farois-ligados-durante-o-dia\/\" target=\"_blank\" rel=\"noopener\">Mais em https:\/\/blog.dpaschoal.com.br\/afinal-e-realmente-mais-seguro-andar-com-os-farois-ligados-durante-o-dia\/<\/a><\/p>\n","protected":false},"excerpt":{"rendered":"<p>Voc\u00ea, que costuma andar em rodovias, com certeza j\u00e1 ouviu falar sobre a Lei do&#8230;<\/p>\n","protected":false},"author":1,"featured_media":0,"comment_status":"open","ping_status":"open","sticky":false,"template":"","format":"standard","meta":{"fifu_image_url":"","fifu_image_alt":"","footnotes":""},"categories":[727],"tags":[12261],"class_list":["post-81474","post","type-post","status-publish","format-standard","hentry","category-noticias","tag-carrocuriosidadesdirecao-seguraestradafaroismultarodoviatecnico","wpcat-727-id"],"_links":{"self":[{"href":"https:\/\/verde-amarelo.net\/verdeamarelo\/wp-json\/wp\/v2\/posts\/81474","targetHints":{"allow":["GET"]}}],"collection":[{"href":"https:\/\/verde-amarelo.net\/verdeamarelo\/wp-json\/wp\/v2\/posts"}],"about":[{"href":"https:\/\/verde-amarelo.net\/verdeamarelo\/wp-json\/wp\/v2\/types\/post"}],"author":[{"embeddable":true,"href":"https:\/\/verde-amarelo.net\/verdeamarelo\/wp-json\/wp\/v2\/users\/1"}],"replies":[{"embeddable":true,"href":"https:\/\/verde-amarelo.net\/verdeamarelo\/wp-json\/wp\/v2\/comments?post=81474"}],"version-history":[{"count":0,"href":"https:\/\/verde-amarelo.net\/verdeamarelo\/wp-json\/wp\/v2\/posts\/81474\/revisions"}],"wp:attachment":[{"href":"https:\/\/verde-amarelo.net\/verdeamarelo\/wp-json\/wp\/v2\/media?parent=81474"}],"wp:term":[{"taxonomy":"category","embeddable":true,"href":"https:\/\/verde-amarelo.net\/verdeamarelo\/wp-json\/wp\/v2\/categories?post=81474"},{"taxonomy":"post_tag","embeddable":true,"href":"https:\/\/verde-amarelo.net\/verdeamarelo\/wp-json\/wp\/v2\/tags?post=81474"}],"curies":[{"name":"wp","href":"https:\/\/api.w.org\/{rel}","templated":true}]}}