{"id":81501,"date":"2018-05-18T18:57:29","date_gmt":"2018-05-18T21:57:29","guid":{"rendered":"https:\/\/verde-amarelo.net\/verdeamarelo\/2018\/05\/maio-amarelo-conheca-esse-movimento\/"},"modified":"2018-05-18T18:57:29","modified_gmt":"2018-05-18T21:57:29","slug":"maio-amarelo-conheca-esse-movimento","status":"publish","type":"post","link":"https:\/\/verde-amarelo.net\/verdeamarelo\/2018\/05\/maio-amarelo-conheca-esse-movimento\/","title":{"rendered":"Maio Amarelo: conhe\u00e7a esse movimento"},"content":{"rendered":"<p><!-- Start Audima Widget Injection --> <!-- End Audima Widget Injection --><\/p>\n<p>Voc\u00ea j\u00e1 conhece o <span><strong>Movimento Maio Amarelo<\/strong><\/span>? Ele est\u00e1 em voga durante todo este m\u00eas para chamar a aten\u00e7\u00e3o de toda a nossa sociedade para o alto \u00edndice de mortes e feridos no tr\u00e2nsito em todo o mundo.<\/p>&nbsp;&nbsp;\n<p>A seguran\u00e7a no tr\u00e2nsito \u00e9 um tema urgente!<\/p>\n<p><iframe loading=\"lazy\" width=\"768\" height=\"432\" src=\"https:\/\/www.youtube.com\/embed\/eXTx20mgntc?feature=oembed\" frameborder=\"0\" allow=\"autoplay; encrypted-media\" allowfullscreen>[embedded content]<\/iframe><\/p>\n<p>Desde mar\u00e7o de 2010, a Assembleia-Geral das Na\u00e7\u00f5es Unidas definiu o per\u00edodo de 2011 a 2020 como a D\u00e9cada de A\u00e7\u00f5es para a Seguran\u00e7a no Tr\u00e2nsito, depois que um estudo da OMS que contabilizou em 2009, cerca de 1,3 milh\u00e3o de mortes e 50 milh\u00f5es de sobreviventes com sequelas por acidentes de tr\u00e2nsito em 178 pa\u00edses.<\/p>&nbsp;&nbsp;\n<p>Os n\u00fameros s\u00e3o assustadores e asseguram a import\u00e2ncia de toda a conscientiza\u00e7\u00e3o por parte da popula\u00e7\u00e3o sobre os cuidados que devem ser tomados no tr\u00e2nsito e manuten\u00e7\u00e3o dos ve\u00edculos.<\/p>&nbsp;&nbsp;\n<p>Dessa forma, surgiu o <span><strong>Maio Amarelo<\/strong><\/span>! Seu principal objetivo \u00e9 colocar o tema da seguran\u00e7a no tr\u00e2nsito nos holofotes, envolvendo diversos segmentos: governos, empresas, associa\u00e7\u00f5es, federa\u00e7\u00f5es e sociedade civil.<\/p>&nbsp;&nbsp;\n<p>Fugindo do superficial, o movimento vem, efetivamente, discutindo o tema, engajando-se em a\u00e7\u00f5es e propagando o conhecimento da quest\u00e3o de seguran\u00e7a no tr\u00e2nsito nas mais diferentes esferas.<\/p>&nbsp;&nbsp;\n<p>Em 2018, o tema do Movimento \u00e9 \u201cN\u00f3s somos o tr\u00e2nsito\u201d! Prop\u00f5e e fomenta o envolvimento direto da sociedade, com uma reflex\u00e3o de como encarar a sua mobilidade pelas ruas e estradas. Estimulando, assim, todos os condutores \u2013 seja de caminh\u00f5es, \u00f4nibus, vans, autom\u00f3veis, motocicletas ou bicicletas, e aos pedestres e passageiros \u2013 a optarem, juntos, por um tr\u00e2nsito mais seguro.<\/p>&nbsp;&nbsp;\n<h2>Mas o que eu posso fazer em prol da seguran\u00e7a no tr\u00e2nsito?<\/h2>\n<p><img decoding=\"async\" src=\"data:image\/gif;base64,R0lGODlhAQABAIAAAAAAAP\/\/\/ywAAAAAAQABAAACAUwAOw==\" fifu-lazy=\"1\" fifu-data-sizes=\"auto\" fifu-data-srcset=\"https:\/\/i1.wp.com\/www.truckbrasil.com.br\/wp\/wp-content\/uploads\/2022\/04\/maio-amarelo-conheca-esse-movimento.jpg?ssl=1&w=75&resize=75&ssl=1 75w, https:\/\/i1.wp.com\/www.truckbrasil.com.br\/wp\/wp-content\/uploads\/2022\/04\/maio-amarelo-conheca-esse-movimento.jpg?ssl=1&w=100&resize=100&ssl=1 100w, https:\/\/i1.wp.com\/www.truckbrasil.com.br\/wp\/wp-content\/uploads\/2022\/04\/maio-amarelo-conheca-esse-movimento.jpg?ssl=1&w=150&resize=150&ssl=1 150w, https:\/\/i1.wp.com\/www.truckbrasil.com.br\/wp\/wp-content\/uploads\/2022\/04\/maio-amarelo-conheca-esse-movimento.jpg?ssl=1&w=240&resize=240&ssl=1 240w, https:\/\/i1.wp.com\/www.truckbrasil.com.br\/wp\/wp-content\/uploads\/2022\/04\/maio-amarelo-conheca-esse-movimento.jpg?ssl=1&w=320&resize=320&ssl=1 320w, https:\/\/i1.wp.com\/www.truckbrasil.com.br\/wp\/wp-content\/uploads\/2022\/04\/maio-amarelo-conheca-esse-movimento.jpg?ssl=1&w=500&resize=500&ssl=1 500w, https:\/\/i1.wp.com\/www.truckbrasil.com.br\/wp\/wp-content\/uploads\/2022\/04\/maio-amarelo-conheca-esse-movimento.jpg?ssl=1&w=640&resize=640&ssl=1 640w, https:\/\/i1.wp.com\/www.truckbrasil.com.br\/wp\/wp-content\/uploads\/2022\/04\/maio-amarelo-conheca-esse-movimento.jpg?ssl=1&w=800&resize=800&ssl=1 800w, https:\/\/i1.wp.com\/www.truckbrasil.com.br\/wp\/wp-content\/uploads\/2022\/04\/maio-amarelo-conheca-esse-movimento.jpg?ssl=1&w=1024&resize=1024&ssl=1 1024w, https:\/\/i1.wp.com\/www.truckbrasil.com.br\/wp\/wp-content\/uploads\/2022\/04\/maio-amarelo-conheca-esse-movimento.jpg?ssl=1&w=1280&resize=1280&ssl=1 1280w, https:\/\/i1.wp.com\/www.truckbrasil.com.br\/wp\/wp-content\/uploads\/2022\/04\/maio-amarelo-conheca-esse-movimento.jpg?ssl=1&w=1600&resize=1600&ssl=1 1600w\" class=\"aligncenter wp-image-1396 size-full\" fifu-data-src=\"https:\/\/i1.wp.com\/www.truckbrasil.com.br\/wp\/wp-content\/uploads\/2022\/04\/maio-amarelo-conheca-esse-movimento.jpg?ssl=1\" alt width=\"1080\" height=\"1440\" srcset=\"https:\/\/i1.wp.com\/www.truckbrasil.com.br\/wp\/wp-content\/uploads\/2022\/04\/maio-amarelo-conheca-esse-movimento.jpg?ssl=1 1080w, https:\/\/www.truckbrasil.com.br\/wp\/wp-content\/uploads\/2022\/04\/maio-amarelo-conheca-esse-movimento-2.jpg 225w, https:\/\/www.truckbrasil.com.br\/wp\/wp-content\/uploads\/2022\/04\/maio-amarelo-conheca-esse-movimento-3.jpg 768w\" sizes=\"(max-width: 1080px) 100vw, 1080px\"><\/p>\n<p>Com um Movimento de tanta relev\u00e2ncia acontecendo em Maio diretamente ligado ao nosso dia a dia, n\u00f3s da DPaschoal n\u00e3o estamos de fora. Apoiamos a causa para que os acidentes sejam cada vez menos recorrentes e voc\u00ea possa desfrutar de momentos incr\u00edveis, dirigindo com consci\u00eancia e seguran\u00e7a! Traga seu carro para fazer um check-up com a gente e dirija seguro e tranquilo!<\/p>\n<p><img decoding=\"async\" src=\"data:image\/gif;base64,R0lGODlhAQABAIAAAAAAAP\/\/\/ywAAAAAAQABAAACAUwAOw==\" fifu-lazy=\"1\" fifu-data-sizes=\"auto\" fifu-data-srcset=\"https:\/\/i2.wp.com\/www.truckbrasil.com.br\/wp\/wp-content\/uploads\/2022\/04\/maio-amarelo-conheca-esse-movimento-1.jpg?ssl=1&w=75&resize=75&ssl=1 75w, https:\/\/i2.wp.com\/www.truckbrasil.com.br\/wp\/wp-content\/uploads\/2022\/04\/maio-amarelo-conheca-esse-movimento-1.jpg?ssl=1&w=100&resize=100&ssl=1 100w, https:\/\/i2.wp.com\/www.truckbrasil.com.br\/wp\/wp-content\/uploads\/2022\/04\/maio-amarelo-conheca-esse-movimento-1.jpg?ssl=1&w=150&resize=150&ssl=1 150w, https:\/\/i2.wp.com\/www.truckbrasil.com.br\/wp\/wp-content\/uploads\/2022\/04\/maio-amarelo-conheca-esse-movimento-1.jpg?ssl=1&w=240&resize=240&ssl=1 240w, https:\/\/i2.wp.com\/www.truckbrasil.com.br\/wp\/wp-content\/uploads\/2022\/04\/maio-amarelo-conheca-esse-movimento-1.jpg?ssl=1&w=320&resize=320&ssl=1 320w, https:\/\/i2.wp.com\/www.truckbrasil.com.br\/wp\/wp-content\/uploads\/2022\/04\/maio-amarelo-conheca-esse-movimento-1.jpg?ssl=1&w=500&resize=500&ssl=1 500w, https:\/\/i2.wp.com\/www.truckbrasil.com.br\/wp\/wp-content\/uploads\/2022\/04\/maio-amarelo-conheca-esse-movimento-1.jpg?ssl=1&w=640&resize=640&ssl=1 640w, https:\/\/i2.wp.com\/www.truckbrasil.com.br\/wp\/wp-content\/uploads\/2022\/04\/maio-amarelo-conheca-esse-movimento-1.jpg?ssl=1&w=800&resize=800&ssl=1 800w, https:\/\/i2.wp.com\/www.truckbrasil.com.br\/wp\/wp-content\/uploads\/2022\/04\/maio-amarelo-conheca-esse-movimento-1.jpg?ssl=1&w=1024&resize=1024&ssl=1 1024w, https:\/\/i2.wp.com\/www.truckbrasil.com.br\/wp\/wp-content\/uploads\/2022\/04\/maio-amarelo-conheca-esse-movimento-1.jpg?ssl=1&w=1280&resize=1280&ssl=1 1280w, https:\/\/i2.wp.com\/www.truckbrasil.com.br\/wp\/wp-content\/uploads\/2022\/04\/maio-amarelo-conheca-esse-movimento-1.jpg?ssl=1&w=1600&resize=1600&ssl=1 1600w\" class=\"aligncenter wp-image-1399 size-full\" fifu-data-src=\"https:\/\/i2.wp.com\/www.truckbrasil.com.br\/wp\/wp-content\/uploads\/2022\/04\/maio-amarelo-conheca-esse-movimento-1.jpg?ssl=1\" alt width=\"960\" height=\"389\" srcset=\"https:\/\/www.truckbrasil.com.br\/wp\/wp-content\/uploads\/2022\/04\/maio-amarelo-conheca-esse-movimento-4.jpg 960w, https:\/\/www.truckbrasil.com.br\/wp\/wp-content\/uploads\/2022\/04\/maio-amarelo-conheca-esse-movimento-5.jpg 300w, https:\/\/www.truckbrasil.com.br\/wp\/wp-content\/uploads\/2022\/04\/maio-amarelo-conheca-esse-movimento-6.jpg 768w\" sizes=\"(max-width: 960px) 100vw, 960px\"><\/p>\n<p> <a href=\"https:\/\/blog.dpaschoal.com.br\/maio_amarelo\/\" target=\"_blank\" rel=\"noopener\">Mais em https:\/\/blog.dpaschoal.com.br\/maio_amarelo\/<\/a><\/p>\n","protected":false},"excerpt":{"rendered":"<p>Voc\u00ea j\u00e1 conhece o Movimento Maio Amarelo? Ele est\u00e1 em voga durante todo este m\u00eas&#8230;<\/p>\n","protected":false},"author":1,"featured_media":0,"comment_status":"open","ping_status":"open","sticky":false,"template":"","format":"standard","meta":{"fifu_image_url":"","fifu_image_alt":"","footnotes":""},"categories":[727],"tags":[12271],"class_list":["post-81501","post","type-post","status-publish","format-standard","hentry","category-noticias","tag-direcao-seguradpaschoalseguranca","wpcat-727-id"],"_links":{"self":[{"href":"https:\/\/verde-amarelo.net\/verdeamarelo\/wp-json\/wp\/v2\/posts\/81501","targetHints":{"allow":["GET"]}}],"collection":[{"href":"https:\/\/verde-amarelo.net\/verdeamarelo\/wp-json\/wp\/v2\/posts"}],"about":[{"href":"https:\/\/verde-amarelo.net\/verdeamarelo\/wp-json\/wp\/v2\/types\/post"}],"author":[{"embeddable":true,"href":"https:\/\/verde-amarelo.net\/verdeamarelo\/wp-json\/wp\/v2\/users\/1"}],"replies":[{"embeddable":true,"href":"https:\/\/verde-amarelo.net\/verdeamarelo\/wp-json\/wp\/v2\/comments?post=81501"}],"version-history":[{"count":0,"href":"https:\/\/verde-amarelo.net\/verdeamarelo\/wp-json\/wp\/v2\/posts\/81501\/revisions"}],"wp:attachment":[{"href":"https:\/\/verde-amarelo.net\/verdeamarelo\/wp-json\/wp\/v2\/media?parent=81501"}],"wp:term":[{"taxonomy":"category","embeddable":true,"href":"https:\/\/verde-amarelo.net\/verdeamarelo\/wp-json\/wp\/v2\/categories?post=81501"},{"taxonomy":"post_tag","embeddable":true,"href":"https:\/\/verde-amarelo.net\/verdeamarelo\/wp-json\/wp\/v2\/tags?post=81501"}],"curies":[{"name":"wp","href":"https:\/\/api.w.org\/{rel}","templated":true}]}}