{"id":81504,"date":"2018-04-06T22:23:19","date_gmt":"2018-04-07T01:23:19","guid":{"rendered":"https:\/\/verde-amarelo.net\/verdeamarelo\/2018\/04\/ja-fez-a-revisao-do-seu-carro-este-ano\/"},"modified":"2018-04-06T22:23:19","modified_gmt":"2018-04-07T01:23:19","slug":"ja-fez-a-revisao-do-seu-carro-este-ano","status":"publish","type":"post","link":"https:\/\/verde-amarelo.net\/verdeamarelo\/2018\/04\/ja-fez-a-revisao-do-seu-carro-este-ano\/","title":{"rendered":"J\u00e1 fez a revis\u00e3o do seu carro este ano?"},"content":{"rendered":"<p><!-- Start Audima Widget Injection --> <!-- End Audima Widget Injection --><\/p>\n<p><span>J\u00e1 estamos em abril e voc\u00ea ainda n\u00e3o parou para dar aquela aten\u00e7\u00e3o para o seu carro? Ent\u00e3o \u00e9 hora de reservar um tempo para fazer uma <strong>revis\u00e3o preventiva<\/strong>, evitando surpresas desagrad\u00e1veis nos trajetos do seu dia a dia.<\/span><\/p>\n<p><iframe loading=\"lazy\" width=\"768\" height=\"432\" src=\"https:\/\/www.youtube.com\/embed\/R1wrVuqjJMI?feature=oembed\" frameborder=\"0\" allow=\"autoplay; encrypted-media\" allowfullscreen>[embedded content]<\/iframe><\/p>\n<p><span>Muita gente deixa para fazer uma revis\u00e3o caprichada apenas quando tem uma viagem marcada e vai pegar estrada. Por\u00e9m, \u00e9 preciso estar sempre de olho em alguns itens do carro e fazer uma revis\u00e3o geral pelo menos uma vez ao ano.<\/span><\/p>\n<p><span>N\u00e3o se preocupe, o processo \u00e9 simples e r\u00e1pido e ainda existem ferramentas que ajudam a confirmar o diagn\u00f3stico. Seu carro vai ficar 100% bem rapidinho. <\/span><\/p>\n<p><span>Separamos aqui alguns itens imprescind\u00edveis para levar em conta na hora da revis\u00e3o veicular. Confira:<\/span><\/p>\n<p><img decoding=\"async\" src=\"data:image\/gif;base64,R0lGODlhAQABAIAAAAAAAP\/\/\/ywAAAAAAQABAAACAUwAOw==\" fifu-lazy=\"1\" fifu-data-sizes=\"auto\" fifu-data-srcset=\"https:\/\/i0.wp.com\/www.truckbrasil.com.br\/wp\/wp-content\/uploads\/2022\/04\/ja-fez-a-revisao-do-seu-carro-este-ano.png?ssl=1&w=75&resize=75&ssl=1 75w, https:\/\/i0.wp.com\/www.truckbrasil.com.br\/wp\/wp-content\/uploads\/2022\/04\/ja-fez-a-revisao-do-seu-carro-este-ano.png?ssl=1&w=100&resize=100&ssl=1 100w, https:\/\/i0.wp.com\/www.truckbrasil.com.br\/wp\/wp-content\/uploads\/2022\/04\/ja-fez-a-revisao-do-seu-carro-este-ano.png?ssl=1&w=150&resize=150&ssl=1 150w, https:\/\/i0.wp.com\/www.truckbrasil.com.br\/wp\/wp-content\/uploads\/2022\/04\/ja-fez-a-revisao-do-seu-carro-este-ano.png?ssl=1&w=240&resize=240&ssl=1 240w, https:\/\/i0.wp.com\/www.truckbrasil.com.br\/wp\/wp-content\/uploads\/2022\/04\/ja-fez-a-revisao-do-seu-carro-este-ano.png?ssl=1&w=320&resize=320&ssl=1 320w, https:\/\/i0.wp.com\/www.truckbrasil.com.br\/wp\/wp-content\/uploads\/2022\/04\/ja-fez-a-revisao-do-seu-carro-este-ano.png?ssl=1&w=500&resize=500&ssl=1 500w, https:\/\/i0.wp.com\/www.truckbrasil.com.br\/wp\/wp-content\/uploads\/2022\/04\/ja-fez-a-revisao-do-seu-carro-este-ano.png?ssl=1&w=640&resize=640&ssl=1 640w, https:\/\/i0.wp.com\/www.truckbrasil.com.br\/wp\/wp-content\/uploads\/2022\/04\/ja-fez-a-revisao-do-seu-carro-este-ano.png?ssl=1&w=800&resize=800&ssl=1 800w, https:\/\/i0.wp.com\/www.truckbrasil.com.br\/wp\/wp-content\/uploads\/2022\/04\/ja-fez-a-revisao-do-seu-carro-este-ano.png?ssl=1&w=1024&resize=1024&ssl=1 1024w, https:\/\/i0.wp.com\/www.truckbrasil.com.br\/wp\/wp-content\/uploads\/2022\/04\/ja-fez-a-revisao-do-seu-carro-este-ano.png?ssl=1&w=1280&resize=1280&ssl=1 1280w, https:\/\/i0.wp.com\/www.truckbrasil.com.br\/wp\/wp-content\/uploads\/2022\/04\/ja-fez-a-revisao-do-seu-carro-este-ano.png?ssl=1&w=1600&resize=1600&ssl=1 1600w\" class=\"size-full wp-image-1361 aligncenter\" fifu-data-src=\"https:\/\/i0.wp.com\/www.truckbrasil.com.br\/wp\/wp-content\/uploads\/2022\/04\/ja-fez-a-revisao-do-seu-carro-este-ano.png?ssl=1\" alt width=\"960\" height=\"360\" srcset=\"https:\/\/i0.wp.com\/www.truckbrasil.com.br\/wp\/wp-content\/uploads\/2022\/04\/ja-fez-a-revisao-do-seu-carro-este-ano.png?ssl=1 960w, https:\/\/www.truckbrasil.com.br\/wp\/wp-content\/uploads\/2022\/04\/ja-fez-a-revisao-do-seu-carro-este-ano-6.png 300w, https:\/\/www.truckbrasil.com.br\/wp\/wp-content\/uploads\/2022\/04\/ja-fez-a-revisao-do-seu-carro-este-ano-7.png 768w\" sizes=\"(max-width: 960px) 100vw, 960px\"><\/p>\n<p><img decoding=\"async\" src=\"data:image\/gif;base64,R0lGODlhAQABAIAAAAAAAP\/\/\/ywAAAAAAQABAAACAUwAOw==\" fifu-lazy=\"1\" fifu-data-sizes=\"auto\" fifu-data-srcset=\"https:\/\/i3.wp.com\/www.truckbrasil.com.br\/wp\/wp-content\/uploads\/2022\/04\/ja-fez-a-revisao-do-seu-carro-este-ano-1.png?ssl=1&w=75&resize=75&ssl=1 75w, https:\/\/i3.wp.com\/www.truckbrasil.com.br\/wp\/wp-content\/uploads\/2022\/04\/ja-fez-a-revisao-do-seu-carro-este-ano-1.png?ssl=1&w=100&resize=100&ssl=1 100w, https:\/\/i3.wp.com\/www.truckbrasil.com.br\/wp\/wp-content\/uploads\/2022\/04\/ja-fez-a-revisao-do-seu-carro-este-ano-1.png?ssl=1&w=150&resize=150&ssl=1 150w, https:\/\/i3.wp.com\/www.truckbrasil.com.br\/wp\/wp-content\/uploads\/2022\/04\/ja-fez-a-revisao-do-seu-carro-este-ano-1.png?ssl=1&w=240&resize=240&ssl=1 240w, https:\/\/i3.wp.com\/www.truckbrasil.com.br\/wp\/wp-content\/uploads\/2022\/04\/ja-fez-a-revisao-do-seu-carro-este-ano-1.png?ssl=1&w=320&resize=320&ssl=1 320w, https:\/\/i3.wp.com\/www.truckbrasil.com.br\/wp\/wp-content\/uploads\/2022\/04\/ja-fez-a-revisao-do-seu-carro-este-ano-1.png?ssl=1&w=500&resize=500&ssl=1 500w, https:\/\/i3.wp.com\/www.truckbrasil.com.br\/wp\/wp-content\/uploads\/2022\/04\/ja-fez-a-revisao-do-seu-carro-este-ano-1.png?ssl=1&w=640&resize=640&ssl=1 640w, https:\/\/i3.wp.com\/www.truckbrasil.com.br\/wp\/wp-content\/uploads\/2022\/04\/ja-fez-a-revisao-do-seu-carro-este-ano-1.png?ssl=1&w=800&resize=800&ssl=1 800w, https:\/\/i3.wp.com\/www.truckbrasil.com.br\/wp\/wp-content\/uploads\/2022\/04\/ja-fez-a-revisao-do-seu-carro-este-ano-1.png?ssl=1&w=1024&resize=1024&ssl=1 1024w, https:\/\/i3.wp.com\/www.truckbrasil.com.br\/wp\/wp-content\/uploads\/2022\/04\/ja-fez-a-revisao-do-seu-carro-este-ano-1.png?ssl=1&w=1280&resize=1280&ssl=1 1280w, https:\/\/i3.wp.com\/www.truckbrasil.com.br\/wp\/wp-content\/uploads\/2022\/04\/ja-fez-a-revisao-do-seu-carro-este-ano-1.png?ssl=1&w=1600&resize=1600&ssl=1 1600w\" class=\"alignnone size-full wp-image-1362\" fifu-data-src=\"https:\/\/i3.wp.com\/www.truckbrasil.com.br\/wp\/wp-content\/uploads\/2022\/04\/ja-fez-a-revisao-do-seu-carro-este-ano-1.png?ssl=1\" alt width=\"1080\" height=\"480\" srcset=\"https:\/\/www.truckbrasil.com.br\/wp\/wp-content\/uploads\/2022\/04\/ja-fez-a-revisao-do-seu-carro-este-ano-8.png 1080w, https:\/\/www.truckbrasil.com.br\/wp\/wp-content\/uploads\/2022\/04\/ja-fez-a-revisao-do-seu-carro-este-ano-9.png 300w, https:\/\/www.truckbrasil.com.br\/wp\/wp-content\/uploads\/2022\/04\/ja-fez-a-revisao-do-seu-carro-este-ano-10.png 768w, https:\/\/www.truckbrasil.com.br\/wp\/wp-content\/uploads\/2022\/04\/ja-fez-a-revisao-do-seu-carro-este-ano-11.png 1024w\" sizes=\"(max-width: 1080px) 100vw, 1080px\"><\/p>\n<p><span><img decoding=\"async\" src=\"data:image\/gif;base64,R0lGODlhAQABAIAAAAAAAP\/\/\/ywAAAAAAQABAAACAUwAOw==\" fifu-lazy=\"1\" fifu-data-sizes=\"auto\" fifu-data-srcset=\"https:\/\/i3.wp.com\/www.truckbrasil.com.br\/wp\/wp-content\/uploads\/2022\/04\/ja-fez-a-revisao-do-seu-carro-este-ano-2.png?ssl=1&w=75&resize=75&ssl=1 75w, https:\/\/i3.wp.com\/www.truckbrasil.com.br\/wp\/wp-content\/uploads\/2022\/04\/ja-fez-a-revisao-do-seu-carro-este-ano-2.png?ssl=1&w=100&resize=100&ssl=1 100w, https:\/\/i3.wp.com\/www.truckbrasil.com.br\/wp\/wp-content\/uploads\/2022\/04\/ja-fez-a-revisao-do-seu-carro-este-ano-2.png?ssl=1&w=150&resize=150&ssl=1 150w, https:\/\/i3.wp.com\/www.truckbrasil.com.br\/wp\/wp-content\/uploads\/2022\/04\/ja-fez-a-revisao-do-seu-carro-este-ano-2.png?ssl=1&w=240&resize=240&ssl=1 240w, https:\/\/i3.wp.com\/www.truckbrasil.com.br\/wp\/wp-content\/uploads\/2022\/04\/ja-fez-a-revisao-do-seu-carro-este-ano-2.png?ssl=1&w=320&resize=320&ssl=1 320w, https:\/\/i3.wp.com\/www.truckbrasil.com.br\/wp\/wp-content\/uploads\/2022\/04\/ja-fez-a-revisao-do-seu-carro-este-ano-2.png?ssl=1&w=500&resize=500&ssl=1 500w, https:\/\/i3.wp.com\/www.truckbrasil.com.br\/wp\/wp-content\/uploads\/2022\/04\/ja-fez-a-revisao-do-seu-carro-este-ano-2.png?ssl=1&w=640&resize=640&ssl=1 640w, https:\/\/i3.wp.com\/www.truckbrasil.com.br\/wp\/wp-content\/uploads\/2022\/04\/ja-fez-a-revisao-do-seu-carro-este-ano-2.png?ssl=1&w=800&resize=800&ssl=1 800w, https:\/\/i3.wp.com\/www.truckbrasil.com.br\/wp\/wp-content\/uploads\/2022\/04\/ja-fez-a-revisao-do-seu-carro-este-ano-2.png?ssl=1&w=1024&resize=1024&ssl=1 1024w, https:\/\/i3.wp.com\/www.truckbrasil.com.br\/wp\/wp-content\/uploads\/2022\/04\/ja-fez-a-revisao-do-seu-carro-este-ano-2.png?ssl=1&w=1280&resize=1280&ssl=1 1280w, https:\/\/i3.wp.com\/www.truckbrasil.com.br\/wp\/wp-content\/uploads\/2022\/04\/ja-fez-a-revisao-do-seu-carro-este-ano-2.png?ssl=1&w=1600&resize=1600&ssl=1 1600w\" class=\"alignnone size-full wp-image-1363\" fifu-data-src=\"https:\/\/i3.wp.com\/www.truckbrasil.com.br\/wp\/wp-content\/uploads\/2022\/04\/ja-fez-a-revisao-do-seu-carro-este-ano-2.png?ssl=1\" alt width=\"1080\" height=\"480\" srcset=\"https:\/\/www.truckbrasil.com.br\/wp\/wp-content\/uploads\/2022\/04\/ja-fez-a-revisao-do-seu-carro-este-ano-12.png 1080w, https:\/\/www.truckbrasil.com.br\/wp\/wp-content\/uploads\/2022\/04\/ja-fez-a-revisao-do-seu-carro-este-ano-13.png 300w, https:\/\/www.truckbrasil.com.br\/wp\/wp-content\/uploads\/2022\/04\/ja-fez-a-revisao-do-seu-carro-este-ano-14.png 768w, https:\/\/www.truckbrasil.com.br\/wp\/wp-content\/uploads\/2022\/04\/ja-fez-a-revisao-do-seu-carro-este-ano-15.png 1024w\" sizes=\"(max-width: 1080px) 100vw, 1080px\"><br \/><\/span><\/p>\n<p><img decoding=\"async\" src=\"data:image\/gif;base64,R0lGODlhAQABAIAAAAAAAP\/\/\/ywAAAAAAQABAAACAUwAOw==\" fifu-lazy=\"1\" fifu-data-sizes=\"auto\" fifu-data-srcset=\"https:\/\/i3.wp.com\/www.truckbrasil.com.br\/wp\/wp-content\/uploads\/2022\/04\/ja-fez-a-revisao-do-seu-carro-este-ano-3.png?ssl=1&w=75&resize=75&ssl=1 75w, https:\/\/i3.wp.com\/www.truckbrasil.com.br\/wp\/wp-content\/uploads\/2022\/04\/ja-fez-a-revisao-do-seu-carro-este-ano-3.png?ssl=1&w=100&resize=100&ssl=1 100w, https:\/\/i3.wp.com\/www.truckbrasil.com.br\/wp\/wp-content\/uploads\/2022\/04\/ja-fez-a-revisao-do-seu-carro-este-ano-3.png?ssl=1&w=150&resize=150&ssl=1 150w, https:\/\/i3.wp.com\/www.truckbrasil.com.br\/wp\/wp-content\/uploads\/2022\/04\/ja-fez-a-revisao-do-seu-carro-este-ano-3.png?ssl=1&w=240&resize=240&ssl=1 240w, https:\/\/i3.wp.com\/www.truckbrasil.com.br\/wp\/wp-content\/uploads\/2022\/04\/ja-fez-a-revisao-do-seu-carro-este-ano-3.png?ssl=1&w=320&resize=320&ssl=1 320w, https:\/\/i3.wp.com\/www.truckbrasil.com.br\/wp\/wp-content\/uploads\/2022\/04\/ja-fez-a-revisao-do-seu-carro-este-ano-3.png?ssl=1&w=500&resize=500&ssl=1 500w, https:\/\/i3.wp.com\/www.truckbrasil.com.br\/wp\/wp-content\/uploads\/2022\/04\/ja-fez-a-revisao-do-seu-carro-este-ano-3.png?ssl=1&w=640&resize=640&ssl=1 640w, https:\/\/i3.wp.com\/www.truckbrasil.com.br\/wp\/wp-content\/uploads\/2022\/04\/ja-fez-a-revisao-do-seu-carro-este-ano-3.png?ssl=1&w=800&resize=800&ssl=1 800w, https:\/\/i3.wp.com\/www.truckbrasil.com.br\/wp\/wp-content\/uploads\/2022\/04\/ja-fez-a-revisao-do-seu-carro-este-ano-3.png?ssl=1&w=1024&resize=1024&ssl=1 1024w, https:\/\/i3.wp.com\/www.truckbrasil.com.br\/wp\/wp-content\/uploads\/2022\/04\/ja-fez-a-revisao-do-seu-carro-este-ano-3.png?ssl=1&w=1280&resize=1280&ssl=1 1280w, https:\/\/i3.wp.com\/www.truckbrasil.com.br\/wp\/wp-content\/uploads\/2022\/04\/ja-fez-a-revisao-do-seu-carro-este-ano-3.png?ssl=1&w=1600&resize=1600&ssl=1 1600w\" class=\"alignnone size-full wp-image-1364\" fifu-data-src=\"https:\/\/i3.wp.com\/www.truckbrasil.com.br\/wp\/wp-content\/uploads\/2022\/04\/ja-fez-a-revisao-do-seu-carro-este-ano-3.png?ssl=1\" alt width=\"1080\" height=\"480\" srcset=\"https:\/\/www.truckbrasil.com.br\/wp\/wp-content\/uploads\/2022\/04\/ja-fez-a-revisao-do-seu-carro-este-ano-16.png 1080w, https:\/\/www.truckbrasil.com.br\/wp\/wp-content\/uploads\/2022\/04\/ja-fez-a-revisao-do-seu-carro-este-ano-17.png 300w, https:\/\/www.truckbrasil.com.br\/wp\/wp-content\/uploads\/2022\/04\/ja-fez-a-revisao-do-seu-carro-este-ano-18.png 768w, https:\/\/www.truckbrasil.com.br\/wp\/wp-content\/uploads\/2022\/04\/ja-fez-a-revisao-do-seu-carro-este-ano-19.png 1024w\" sizes=\"(max-width: 1080px) 100vw, 1080px\"><\/p>\n<p><span><img decoding=\"async\" src=\"data:image\/gif;base64,R0lGODlhAQABAIAAAAAAAP\/\/\/ywAAAAAAQABAAACAUwAOw==\" fifu-lazy=\"1\" fifu-data-sizes=\"auto\" fifu-data-srcset=\"https:\/\/i3.wp.com\/www.truckbrasil.com.br\/wp\/wp-content\/uploads\/2022\/04\/ja-fez-a-revisao-do-seu-carro-este-ano-4.png?ssl=1&w=75&resize=75&ssl=1 75w, https:\/\/i3.wp.com\/www.truckbrasil.com.br\/wp\/wp-content\/uploads\/2022\/04\/ja-fez-a-revisao-do-seu-carro-este-ano-4.png?ssl=1&w=100&resize=100&ssl=1 100w, https:\/\/i3.wp.com\/www.truckbrasil.com.br\/wp\/wp-content\/uploads\/2022\/04\/ja-fez-a-revisao-do-seu-carro-este-ano-4.png?ssl=1&w=150&resize=150&ssl=1 150w, https:\/\/i3.wp.com\/www.truckbrasil.com.br\/wp\/wp-content\/uploads\/2022\/04\/ja-fez-a-revisao-do-seu-carro-este-ano-4.png?ssl=1&w=240&resize=240&ssl=1 240w, https:\/\/i3.wp.com\/www.truckbrasil.com.br\/wp\/wp-content\/uploads\/2022\/04\/ja-fez-a-revisao-do-seu-carro-este-ano-4.png?ssl=1&w=320&resize=320&ssl=1 320w, https:\/\/i3.wp.com\/www.truckbrasil.com.br\/wp\/wp-content\/uploads\/2022\/04\/ja-fez-a-revisao-do-seu-carro-este-ano-4.png?ssl=1&w=500&resize=500&ssl=1 500w, https:\/\/i3.wp.com\/www.truckbrasil.com.br\/wp\/wp-content\/uploads\/2022\/04\/ja-fez-a-revisao-do-seu-carro-este-ano-4.png?ssl=1&w=640&resize=640&ssl=1 640w, https:\/\/i3.wp.com\/www.truckbrasil.com.br\/wp\/wp-content\/uploads\/2022\/04\/ja-fez-a-revisao-do-seu-carro-este-ano-4.png?ssl=1&w=800&resize=800&ssl=1 800w, https:\/\/i3.wp.com\/www.truckbrasil.com.br\/wp\/wp-content\/uploads\/2022\/04\/ja-fez-a-revisao-do-seu-carro-este-ano-4.png?ssl=1&w=1024&resize=1024&ssl=1 1024w, https:\/\/i3.wp.com\/www.truckbrasil.com.br\/wp\/wp-content\/uploads\/2022\/04\/ja-fez-a-revisao-do-seu-carro-este-ano-4.png?ssl=1&w=1280&resize=1280&ssl=1 1280w, https:\/\/i3.wp.com\/www.truckbrasil.com.br\/wp\/wp-content\/uploads\/2022\/04\/ja-fez-a-revisao-do-seu-carro-este-ano-4.png?ssl=1&w=1600&resize=1600&ssl=1 1600w\" class=\"alignnone size-full wp-image-1365\" fifu-data-src=\"https:\/\/i3.wp.com\/www.truckbrasil.com.br\/wp\/wp-content\/uploads\/2022\/04\/ja-fez-a-revisao-do-seu-carro-este-ano-4.png?ssl=1\" alt width=\"1080\" height=\"480\" srcset=\"https:\/\/www.truckbrasil.com.br\/wp\/wp-content\/uploads\/2022\/04\/ja-fez-a-revisao-do-seu-carro-este-ano-20.png 1080w, https:\/\/www.truckbrasil.com.br\/wp\/wp-content\/uploads\/2022\/04\/ja-fez-a-revisao-do-seu-carro-este-ano-21.png 300w, https:\/\/www.truckbrasil.com.br\/wp\/wp-content\/uploads\/2022\/04\/ja-fez-a-revisao-do-seu-carro-este-ano-22.png 768w, https:\/\/www.truckbrasil.com.br\/wp\/wp-content\/uploads\/2022\/04\/ja-fez-a-revisao-do-seu-carro-este-ano-23.png 1024w\" sizes=\"(max-width: 1080px) 100vw, 1080px\"><\/span><\/p>\n<p><span><img decoding=\"async\" src=\"data:image\/gif;base64,R0lGODlhAQABAIAAAAAAAP\/\/\/ywAAAAAAQABAAACAUwAOw==\" fifu-lazy=\"1\" fifu-data-sizes=\"auto\" fifu-data-srcset=\"https:\/\/i3.wp.com\/www.truckbrasil.com.br\/wp\/wp-content\/uploads\/2022\/04\/ja-fez-a-revisao-do-seu-carro-este-ano-5.png?ssl=1&w=75&resize=75&ssl=1 75w, https:\/\/i3.wp.com\/www.truckbrasil.com.br\/wp\/wp-content\/uploads\/2022\/04\/ja-fez-a-revisao-do-seu-carro-este-ano-5.png?ssl=1&w=100&resize=100&ssl=1 100w, https:\/\/i3.wp.com\/www.truckbrasil.com.br\/wp\/wp-content\/uploads\/2022\/04\/ja-fez-a-revisao-do-seu-carro-este-ano-5.png?ssl=1&w=150&resize=150&ssl=1 150w, https:\/\/i3.wp.com\/www.truckbrasil.com.br\/wp\/wp-content\/uploads\/2022\/04\/ja-fez-a-revisao-do-seu-carro-este-ano-5.png?ssl=1&w=240&resize=240&ssl=1 240w, https:\/\/i3.wp.com\/www.truckbrasil.com.br\/wp\/wp-content\/uploads\/2022\/04\/ja-fez-a-revisao-do-seu-carro-este-ano-5.png?ssl=1&w=320&resize=320&ssl=1 320w, https:\/\/i3.wp.com\/www.truckbrasil.com.br\/wp\/wp-content\/uploads\/2022\/04\/ja-fez-a-revisao-do-seu-carro-este-ano-5.png?ssl=1&w=500&resize=500&ssl=1 500w, https:\/\/i3.wp.com\/www.truckbrasil.com.br\/wp\/wp-content\/uploads\/2022\/04\/ja-fez-a-revisao-do-seu-carro-este-ano-5.png?ssl=1&w=640&resize=640&ssl=1 640w, https:\/\/i3.wp.com\/www.truckbrasil.com.br\/wp\/wp-content\/uploads\/2022\/04\/ja-fez-a-revisao-do-seu-carro-este-ano-5.png?ssl=1&w=800&resize=800&ssl=1 800w, https:\/\/i3.wp.com\/www.truckbrasil.com.br\/wp\/wp-content\/uploads\/2022\/04\/ja-fez-a-revisao-do-seu-carro-este-ano-5.png?ssl=1&w=1024&resize=1024&ssl=1 1024w, https:\/\/i3.wp.com\/www.truckbrasil.com.br\/wp\/wp-content\/uploads\/2022\/04\/ja-fez-a-revisao-do-seu-carro-este-ano-5.png?ssl=1&w=1280&resize=1280&ssl=1 1280w, https:\/\/i3.wp.com\/www.truckbrasil.com.br\/wp\/wp-content\/uploads\/2022\/04\/ja-fez-a-revisao-do-seu-carro-este-ano-5.png?ssl=1&w=1600&resize=1600&ssl=1 1600w\" class=\"alignnone size-full wp-image-1366\" fifu-data-src=\"https:\/\/i3.wp.com\/www.truckbrasil.com.br\/wp\/wp-content\/uploads\/2022\/04\/ja-fez-a-revisao-do-seu-carro-este-ano-5.png?ssl=1\" alt width=\"1080\" height=\"480\" srcset=\"https:\/\/www.truckbrasil.com.br\/wp\/wp-content\/uploads\/2022\/04\/ja-fez-a-revisao-do-seu-carro-este-ano-24.png 1080w, https:\/\/www.truckbrasil.com.br\/wp\/wp-content\/uploads\/2022\/04\/ja-fez-a-revisao-do-seu-carro-este-ano-25.png 300w, https:\/\/www.truckbrasil.com.br\/wp\/wp-content\/uploads\/2022\/04\/ja-fez-a-revisao-do-seu-carro-este-ano-26.png 768w, https:\/\/www.truckbrasil.com.br\/wp\/wp-content\/uploads\/2022\/04\/ja-fez-a-revisao-do-seu-carro-este-ano-27.png 1024w\" sizes=\"(max-width: 1080px) 100vw, 1080px\"><\/span><\/p>\n<p><span>E a\u00ed, j\u00e1 vai marcar um hor\u00e1rio da revis\u00e3o? ?<\/span><\/p>\n<p> <a href=\"https:\/\/blog.dpaschoal.com.br\/ja-fez-a-revisao-do-seu-carro-este-ano\/\" target=\"_blank\" rel=\"noopener\">Mais em https:\/\/blog.dpaschoal.com.br\/ja-fez-a-revisao-do-seu-carro-este-ano\/<\/a><\/p>\n","protected":false},"excerpt":{"rendered":"<p>J\u00e1 estamos em abril e voc\u00ea ainda n\u00e3o parou para dar aquela aten\u00e7\u00e3o para o&#8230;<\/p>\n","protected":false},"author":1,"featured_media":0,"comment_status":"open","ping_status":"open","sticky":false,"template":"","format":"standard","meta":{"fifu_image_url":"","fifu_image_alt":"","footnotes":""},"categories":[727],"tags":[12274],"class_list":["post-81504","post","type-post","status-publish","format-standard","hentry","category-noticias","tag-manutencaomanutencao-preventiva","wpcat-727-id"],"_links":{"self":[{"href":"https:\/\/verde-amarelo.net\/verdeamarelo\/wp-json\/wp\/v2\/posts\/81504","targetHints":{"allow":["GET"]}}],"collection":[{"href":"https:\/\/verde-amarelo.net\/verdeamarelo\/wp-json\/wp\/v2\/posts"}],"about":[{"href":"https:\/\/verde-amarelo.net\/verdeamarelo\/wp-json\/wp\/v2\/types\/post"}],"author":[{"embeddable":true,"href":"https:\/\/verde-amarelo.net\/verdeamarelo\/wp-json\/wp\/v2\/users\/1"}],"replies":[{"embeddable":true,"href":"https:\/\/verde-amarelo.net\/verdeamarelo\/wp-json\/wp\/v2\/comments?post=81504"}],"version-history":[{"count":0,"href":"https:\/\/verde-amarelo.net\/verdeamarelo\/wp-json\/wp\/v2\/posts\/81504\/revisions"}],"wp:attachment":[{"href":"https:\/\/verde-amarelo.net\/verdeamarelo\/wp-json\/wp\/v2\/media?parent=81504"}],"wp:term":[{"taxonomy":"category","embeddable":true,"href":"https:\/\/verde-amarelo.net\/verdeamarelo\/wp-json\/wp\/v2\/categories?post=81504"},{"taxonomy":"post_tag","embeddable":true,"href":"https:\/\/verde-amarelo.net\/verdeamarelo\/wp-json\/wp\/v2\/tags?post=81504"}],"curies":[{"name":"wp","href":"https:\/\/api.w.org\/{rel}","templated":true}]}}