{"id":81586,"date":"2018-05-29T16:32:09","date_gmt":"2018-05-29T19:32:09","guid":{"rendered":"https:\/\/verde-amarelo.net\/verdeamarelo\/2018\/05\/sicredi-inaugura-mais-uma-agencia-em-curitiba\/"},"modified":"2018-05-29T16:32:09","modified_gmt":"2018-05-29T19:32:09","slug":"sicredi-inaugura-mais-uma-agencia-em-curitiba","status":"publish","type":"post","link":"https:\/\/verde-amarelo.net\/verdeamarelo\/2018\/05\/sicredi-inaugura-mais-uma-agencia-em-curitiba\/","title":{"rendered":"Sicredi inaugura mais uma ag\u00eancia em Curitiba"},"content":{"rendered":"<div><img decoding=\"async\" src=\"data:image\/gif;base64,R0lGODlhAQABAIAAAAAAAP\/\/\/ywAAAAAAQABAAACAUwAOw==\" fifu-lazy=\"1\" fifu-data-sizes=\"auto\" fifu-data-srcset=\"https:\/\/i3.wp.com\/www.truckbrasil.com.br\/wp\/wp-content\/uploads\/2022\/04\/sicredi-inaugura-mais-uma-agencia-em-curitiba.jpg?ssl=1&w=75&resize=75&ssl=1 75w, https:\/\/i3.wp.com\/www.truckbrasil.com.br\/wp\/wp-content\/uploads\/2022\/04\/sicredi-inaugura-mais-uma-agencia-em-curitiba.jpg?ssl=1&w=100&resize=100&ssl=1 100w, https:\/\/i3.wp.com\/www.truckbrasil.com.br\/wp\/wp-content\/uploads\/2022\/04\/sicredi-inaugura-mais-uma-agencia-em-curitiba.jpg?ssl=1&w=150&resize=150&ssl=1 150w, https:\/\/i3.wp.com\/www.truckbrasil.com.br\/wp\/wp-content\/uploads\/2022\/04\/sicredi-inaugura-mais-uma-agencia-em-curitiba.jpg?ssl=1&w=240&resize=240&ssl=1 240w, https:\/\/i3.wp.com\/www.truckbrasil.com.br\/wp\/wp-content\/uploads\/2022\/04\/sicredi-inaugura-mais-uma-agencia-em-curitiba.jpg?ssl=1&w=320&resize=320&ssl=1 320w, https:\/\/i3.wp.com\/www.truckbrasil.com.br\/wp\/wp-content\/uploads\/2022\/04\/sicredi-inaugura-mais-uma-agencia-em-curitiba.jpg?ssl=1&w=500&resize=500&ssl=1 500w, https:\/\/i3.wp.com\/www.truckbrasil.com.br\/wp\/wp-content\/uploads\/2022\/04\/sicredi-inaugura-mais-uma-agencia-em-curitiba.jpg?ssl=1&w=640&resize=640&ssl=1 640w, https:\/\/i3.wp.com\/www.truckbrasil.com.br\/wp\/wp-content\/uploads\/2022\/04\/sicredi-inaugura-mais-uma-agencia-em-curitiba.jpg?ssl=1&w=800&resize=800&ssl=1 800w, https:\/\/i3.wp.com\/www.truckbrasil.com.br\/wp\/wp-content\/uploads\/2022\/04\/sicredi-inaugura-mais-uma-agencia-em-curitiba.jpg?ssl=1&w=1024&resize=1024&ssl=1 1024w, https:\/\/i3.wp.com\/www.truckbrasil.com.br\/wp\/wp-content\/uploads\/2022\/04\/sicredi-inaugura-mais-uma-agencia-em-curitiba.jpg?ssl=1&w=1280&resize=1280&ssl=1 1280w, https:\/\/i3.wp.com\/www.truckbrasil.com.br\/wp\/wp-content\/uploads\/2022\/04\/sicredi-inaugura-mais-uma-agencia-em-curitiba.jpg?ssl=1&w=1600&resize=1600&ssl=1 1600w\" fifu-data-src=\"https:\/\/i3.wp.com\/www.truckbrasil.com.br\/wp\/wp-content\/uploads\/2022\/04\/sicredi-inaugura-mais-uma-agencia-em-curitiba.jpg?ssl=1\" class=\"ff-og-image-inserted\"><\/div>\n<p>[flgallery id=1557 \/]<\/p>\n<p><strong><i>Expectativa da Sicredi Campos Gerais PR\/SP \u00e9 de inaugurar mais duas na capital nos pr\u00f3ximos 12 meses<\/i><\/strong><\/p>\n<p>Na \u00faltima sexta-feira (25), Curitiba ganhou mais uma ag\u00eancia do Sicredi, institui\u00e7\u00e3o financeira cooperativa com mais de 3,7 milh\u00f5es de associados e atua\u00e7\u00e3o em 21 estados brasileiros. O quarto ponto de atendimento da Sicredi Campos Gerais PR\/SP, situado na Avenida Presidente Kennedy, 2.760, no bairro \u00c1gua Verde, iniciou seu atendimento ao p\u00fablico na segunda-feira, 28 de maio.<br \/>Para o diretor executivo da Cooperativa, M\u00e1rcio Zwierewicz, a expans\u00e3o dos neg\u00f3cios na capital \u00e9 um passo importante na consolida\u00e7\u00e3o da marca no estado do Paran\u00e1. \u201cTemos como objetivo inaugurar pelo menos mais duas ag\u00eancias em Curitiba dentro de um ano, totalizando seis pontos de atendimento da nossa Cooperativa\u201d, revela. Al\u00e9m destas unidades, o Sicredi possui outros pontos de atendimento na capital, operados pelas cooperativas Sicredi Credenoreg, Sicredi Credjuris, Sicredi Medicred e Sicredi Sincocred.<br \/>Com estacionamento para mais de 30 carros e espa\u00e7o exclusivo para atendimento \u00e0s empresas, a ag\u00eancia Kennedy segue o novo conceito de ambienta\u00e7\u00e3o arquitet\u00f4nica do Sicredi, que busca explorar um dos principais diferenciais da institui\u00e7\u00e3o, o relacionamento. O projeto desenvolvido pela consultoria Interbrand traz um conceito mais moderno, com \u00e1reas &nbsp;de relacionamento, al\u00e9m dos tradicionais caixas eletr\u00f4nicos e espa\u00e7os de gerentes. A ideia \u00e9 que o diferencial cooperativo seja tamb\u00e9m estendido \u00e0 experi\u00eancia de atendimento financeiro.<br \/><strong>Cooperativas X Bancos<\/strong><br \/>As institui\u00e7\u00f5es financeiras cooperativas oferecem os mesmos servi\u00e7os financeiros de um banco tradicional. O grande diferencial \u00e9 que os associados s\u00e3o donos do neg\u00f3cio e participam ativamente da gest\u00e3o, participando das decis\u00f5es da cooperativa durante as assembleias. O principal objetivo de uma cooperativa de cr\u00e9dito n\u00e3o \u00e9 garantir o lucro, mas trabalhar para propor as melhores solu\u00e7\u00f5es financeiras ao associado. Os resultados positivos gerados, denominados&nbsp;<em>sobras,<\/em>&nbsp;retornam ao cooperado de acordo com a movimenta\u00e7\u00e3o financeira dele. Al\u00e9m disso, os recursos aplicados nas institui\u00e7\u00f5es financeiras cooperativas ficam na regi\u00e3o de atua\u00e7\u00e3o de cada cooperativa, movimentando a economia local, por meio das linhas de cr\u00e9dito.<br \/>&nbsp;<br \/><strong>Sobre o Sicredi<\/strong><br \/><em>O Sicredi \u00e9 uma institui\u00e7\u00e3o financeira cooperativa comprometida com o crescimento dos seus associados e com o desenvolvimento das regi\u00f5es onde atua. O modelo de gest\u00e3o valoriza a participa\u00e7\u00e3o dos 3,7 milh\u00f5es de associados, os quais exercem um papel de dono do neg\u00f3cio. Com presen\u00e7a nacional, o Sicredi est\u00e1 em 21 estados* e no Distrito Federal, com 1.500 ag\u00eancias, e oferece mais de 300 produtos e servi\u00e7os financeiros. Mais informa\u00e7\u00f5es est\u00e3o dispon\u00edveis em&nbsp;<a href=\"http:\/\/www.sicredi.com.br\/\" target=\"_blank\" rel=\"noopener\" data-saferedirecturl=\"https:\/\/www.google.com\/url?hl=en&amp;q=http:\/\/www.sicredi.com.br&amp;source=gmail&amp;ust=1527696692022000&amp;usg=AFQjCNH-EoWZw9uLzSSIubPZFBN1TdFzVA\">www.sicredi.com.br<\/a>.&nbsp;&nbsp;<\/em><br \/><em>*Acre, Alagoas, Bahia, Cear\u00e1, Goi\u00e1s, Maranh\u00e3o, Mato Grosso, Mato Grosso do Sul, Par\u00e1, Para\u00edba, Paran\u00e1, Pernambuco, Piau\u00ed, Rio de Janeiro, Rio Grande do Norte, Rio Grande do Sul, Rond\u00f4nia, Santa Catarina, S\u00e3o Paulo, Sergipe e Tocantins.<\/em><\/p>\n","protected":false},"excerpt":{"rendered":"<p>[flgallery id=1557 \/] Expectativa da Sicredi Campos Gerais PR\/SP \u00e9 de inaugurar mais duas na&#8230;<\/p>\n","protected":false},"author":1,"featured_media":0,"comment_status":"open","ping_status":"open","sticky":false,"template":"","format":"standard","meta":{"fifu_image_url":"","fifu_image_alt":"","footnotes":""},"categories":[10006],"tags":[12331],"class_list":["post-81586","post","type-post","status-publish","format-standard","hentry","category-brasileconomia","tag-consorciosicredi","wpcat-10006-id"],"_links":{"self":[{"href":"https:\/\/verde-amarelo.net\/verdeamarelo\/wp-json\/wp\/v2\/posts\/81586","targetHints":{"allow":["GET"]}}],"collection":[{"href":"https:\/\/verde-amarelo.net\/verdeamarelo\/wp-json\/wp\/v2\/posts"}],"about":[{"href":"https:\/\/verde-amarelo.net\/verdeamarelo\/wp-json\/wp\/v2\/types\/post"}],"author":[{"embeddable":true,"href":"https:\/\/verde-amarelo.net\/verdeamarelo\/wp-json\/wp\/v2\/users\/1"}],"replies":[{"embeddable":true,"href":"https:\/\/verde-amarelo.net\/verdeamarelo\/wp-json\/wp\/v2\/comments?post=81586"}],"version-history":[{"count":0,"href":"https:\/\/verde-amarelo.net\/verdeamarelo\/wp-json\/wp\/v2\/posts\/81586\/revisions"}],"wp:attachment":[{"href":"https:\/\/verde-amarelo.net\/verdeamarelo\/wp-json\/wp\/v2\/media?parent=81586"}],"wp:term":[{"taxonomy":"category","embeddable":true,"href":"https:\/\/verde-amarelo.net\/verdeamarelo\/wp-json\/wp\/v2\/categories?post=81586"},{"taxonomy":"post_tag","embeddable":true,"href":"https:\/\/verde-amarelo.net\/verdeamarelo\/wp-json\/wp\/v2\/tags?post=81586"}],"curies":[{"name":"wp","href":"https:\/\/api.w.org\/{rel}","templated":true}]}}