{"id":81880,"date":"2022-05-30T19:45:40","date_gmt":"2022-05-30T22:45:40","guid":{"rendered":"https:\/\/verde-amarelo.net\/verdeamarelo\/2022\/05\/librelato-promove-bazar-beneficente-no-proximo-final-de-semana\/"},"modified":"2022-05-30T19:45:40","modified_gmt":"2022-05-30T22:45:40","slug":"librelato-promove-bazar-beneficente-no-proximo-final-de-semana","status":"publish","type":"post","link":"https:\/\/verde-amarelo.net\/verdeamarelo\/2022\/05\/librelato-promove-bazar-beneficente-no-proximo-final-de-semana\/","title":{"rendered":"Librelato promove bazar beneficente no pr\u00f3ximo final de semana"},"content":{"rendered":"<h2> <span class=\"date\">30 maio<\/span> Librelato promove bazar beneficente no pr\u00f3ximo final de semana <\/h2>\n<ul>\n<li><em>No dia 04 de junho, das 9h \u00e0s 13h, na unidade de I\u00e7ara, os interessados ter\u00e3o acesso \u00e0s pe\u00e7as de frio sem nenhum custo<\/em><\/li>\n<\/ul>\n<p>A Librelato est\u00e1 engajada em mais uma campanha de solidariedade no rigoroso inverno na regi\u00e3o sul de Santa Catarina, onde a queda da temperatura j\u00e1 come\u00e7ou a ser sentida. No pr\u00f3ximo s\u00e1bado, dia 04 de junho, das 9h \u00e0s 13h, na unidade de I\u00e7ara, a empresa promover\u00e1 um bazar beneficente para a comunidade, onde os interessados poder\u00e3o ter acesso \u00e0s pe\u00e7as de frio sem nenhum custo. Para participar, basta ir pessoalmente ao local e escolher as pe\u00e7as.<\/p>&nbsp;&nbsp;\n<p>\u201cNada nos deixa mais felizes do que continuar a proporcionar o bem para a nossa comunidade. Queremos dividir essa satisfa\u00e7\u00e3o com toda a sociedade e afirmar que cada vez mais estaremos engajados em projetos sociais como esse. Pedimos que fale com a sua esposa, o seu marido, a sua m\u00e3e, filha, com quem convive com voc\u00ea e veja se tem algum item que pode ser \u00fatil para algu\u00e9m que esteja necessitando. Faremos esse bazar beneficente e temos certeza que vamos conseguir aquecer muitas pessoas\u201d, diz Jos\u00e9 Carlos Spr\u00edcigo, CEO da Librelato.<\/p>&nbsp;&nbsp;\n<p>A a\u00e7\u00e3o \u00e9 resultado dos itens coletados por meio da Campanha do Agasalho 2022, que segue at\u00e9 o dia 31 de maio. A Librelato j\u00e1 arrecadou itens como roupas, luvas, gorros de l\u00e3, meias, cal\u00e7ados, cobertores, edredons, entre outros, que estar\u00e3o dispon\u00edveis para as pessoas coletarem para uso pr\u00f3prio no dia 04 de junho.<\/p>&nbsp;&nbsp;\n<p>Para doar, basta levar aquela pe\u00e7a de frio que n\u00e3o usa mais at\u00e9 as caixas de coleta localizadas nas guaritas das unidades de I\u00e7ara e Crici\u00fama. Caso n\u00e3o consiga levar, entre em contato pelo telefone (48) 99133-3907 que a Librelato ir\u00e1 buscar as doa\u00e7\u00f5es. Qualquer institui\u00e7\u00e3o tamb\u00e9m pode abra\u00e7ar a causa e se tornar parceira da a\u00e7\u00e3o, basta entrar em contato com o marketing da Librelato.<\/p>&nbsp;&nbsp;\n<p><strong>Bazar Beneficente Librelato<\/strong><\/p>\n<p><strong>Quando \u2013 <\/strong>04 de junho<\/p>\n<p><strong>Hor\u00e1rio \u2013 <\/strong>Das 9h \u00e0s 13h<\/p>\n<p><strong>Onde \u2013 <\/strong>Unidade da Librelato de I\u00e7ara \u2013 Audit\u00f3rio Berto Librelato<\/p>\n<p><strong>Como participar \u2013<\/strong> Ir pessoalmente ao local e escolher as pe\u00e7as.<\/p>&nbsp;&nbsp;\n<div class=\"post_info\">\n<div class=\"post_category\"> <span>Postado em<\/span> <span><a href=\"https:\/\/mmeditorial.com.br\/category\/release\/librelato\/\" rel=\"category tag\">Librelato<\/a>, <a href=\"https:\/\/mmeditorial.com.br\/category\/release\/\" rel=\"category tag\">Release<\/a><\/span> <\/div>\n<\/p><\/div>\n","protected":false},"excerpt":{"rendered":"<p>30 maio Librelato promove bazar beneficente no pr\u00f3ximo final de semana No dia 04 de&#8230;<\/p>\n","protected":false},"author":1,"featured_media":0,"comment_status":"open","ping_status":"open","sticky":false,"template":"","format":"standard","meta":{"fifu_image_url":"","fifu_image_alt":"","footnotes":""},"categories":[727],"tags":[10666],"class_list":["post-81880","post","type-post","status-publish","format-standard","hentry","category-noticias","tag-librelatorelease","wpcat-727-id"],"_links":{"self":[{"href":"https:\/\/verde-amarelo.net\/verdeamarelo\/wp-json\/wp\/v2\/posts\/81880","targetHints":{"allow":["GET"]}}],"collection":[{"href":"https:\/\/verde-amarelo.net\/verdeamarelo\/wp-json\/wp\/v2\/posts"}],"about":[{"href":"https:\/\/verde-amarelo.net\/verdeamarelo\/wp-json\/wp\/v2\/types\/post"}],"author":[{"embeddable":true,"href":"https:\/\/verde-amarelo.net\/verdeamarelo\/wp-json\/wp\/v2\/users\/1"}],"replies":[{"embeddable":true,"href":"https:\/\/verde-amarelo.net\/verdeamarelo\/wp-json\/wp\/v2\/comments?post=81880"}],"version-history":[{"count":0,"href":"https:\/\/verde-amarelo.net\/verdeamarelo\/wp-json\/wp\/v2\/posts\/81880\/revisions"}],"wp:attachment":[{"href":"https:\/\/verde-amarelo.net\/verdeamarelo\/wp-json\/wp\/v2\/media?parent=81880"}],"wp:term":[{"taxonomy":"category","embeddable":true,"href":"https:\/\/verde-amarelo.net\/verdeamarelo\/wp-json\/wp\/v2\/categories?post=81880"},{"taxonomy":"post_tag","embeddable":true,"href":"https:\/\/verde-amarelo.net\/verdeamarelo\/wp-json\/wp\/v2\/tags?post=81880"}],"curies":[{"name":"wp","href":"https:\/\/api.w.org\/{rel}","templated":true}]}}