{"id":82010,"date":"2022-06-13T13:14:18","date_gmt":"2022-06-13T16:14:18","guid":{"rendered":"https:\/\/verde-amarelo.net\/verdeamarelo\/2022\/06\/vinicola-portuguesa-reforca-negocios-com-distribuidoras-brasileiras\/"},"modified":"2022-06-13T13:14:18","modified_gmt":"2022-06-13T16:14:18","slug":"vinicola-portuguesa-reforca-negocios-com-distribuidoras-brasileiras","status":"publish","type":"post","link":"https:\/\/verde-amarelo.net\/verdeamarelo\/2022\/06\/vinicola-portuguesa-reforca-negocios-com-distribuidoras-brasileiras\/","title":{"rendered":"Vin\u00edcola portuguesa refor\u00e7a neg\u00f3cios com distribuidoras brasileiras"},"content":{"rendered":"<p>Em visita ao Brasil, ap\u00f3s dois anos devido a pandemia que assolou o mundo, Jo\u00e3o Caldeira, diretor geral da Vin\u00edcola Carmim, que tem 51 anos e conta com 700 produtores, que trabalham no modelo de cooperativismo, na produ\u00e7\u00e3o de seus vinhos em Reguengos de Monsaraz, na regi\u00e3o do Alentejo, em Portugal, refor\u00e7a o Brasil como uma oportunidade muito positiva para o setor vin\u00edcola mundial e para bons neg\u00f3cios. \u201cEnquanto em Portugal o consumo \u00e9 de 50 litros habitantes\/ano, no Brasil s\u00e3o 2 litros\/habitantes\/ano. Diante desses n\u00fameros, existe a certeza de um grande espa\u00e7o a conquistar\u201d, adianta. A produ\u00e7\u00e3o da Carmim chega a 13 milh\u00f5es de litros\/ano, comercializada para 30 pa\u00edses e com uma variedade de 30 SKUs, de vinhos branco, ros\u00e9 e tinto, sendo o Olaria, um vinho muito conhecido pelos brasileiros, assim como Reguengos, Monsaraz e o Bom Juiz. Os vinhos s\u00e3o vendidos atrav\u00e9s dos dois distribuidores no Brasil, com valor de 50 a 500 reais no ponto de venda, de acordo com o produto.<\/p>&nbsp;&nbsp;\n<div class=\"wp-block-image\">\n<figure class=\"alignleft size-full is-resized\"><img decoding=\"async\" src=\"data:image\/gif;base64,R0lGODlhAQABAIAAAAAAAP\/\/\/ywAAAAAAQABAAACAUwAOw==\" fifu-lazy=\"1\" fifu-data-sizes=\"auto\" fifu-data-srcset=\"https:\/\/i1.wp.com\/www.truckbrasil.com.br\/wp\/wp-content\/uploads\/2022\/06\/vinicola-portuguesa-reforca-negocios-com-distribuidoras-brasileiras.png?ssl=1&w=75&resize=75&ssl=1 75w, https:\/\/i1.wp.com\/www.truckbrasil.com.br\/wp\/wp-content\/uploads\/2022\/06\/vinicola-portuguesa-reforca-negocios-com-distribuidoras-brasileiras.png?ssl=1&w=100&resize=100&ssl=1 100w, https:\/\/i1.wp.com\/www.truckbrasil.com.br\/wp\/wp-content\/uploads\/2022\/06\/vinicola-portuguesa-reforca-negocios-com-distribuidoras-brasileiras.png?ssl=1&w=150&resize=150&ssl=1 150w, https:\/\/i1.wp.com\/www.truckbrasil.com.br\/wp\/wp-content\/uploads\/2022\/06\/vinicola-portuguesa-reforca-negocios-com-distribuidoras-brasileiras.png?ssl=1&w=240&resize=240&ssl=1 240w, https:\/\/i1.wp.com\/www.truckbrasil.com.br\/wp\/wp-content\/uploads\/2022\/06\/vinicola-portuguesa-reforca-negocios-com-distribuidoras-brasileiras.png?ssl=1&w=320&resize=320&ssl=1 320w, https:\/\/i1.wp.com\/www.truckbrasil.com.br\/wp\/wp-content\/uploads\/2022\/06\/vinicola-portuguesa-reforca-negocios-com-distribuidoras-brasileiras.png?ssl=1&w=500&resize=500&ssl=1 500w, https:\/\/i1.wp.com\/www.truckbrasil.com.br\/wp\/wp-content\/uploads\/2022\/06\/vinicola-portuguesa-reforca-negocios-com-distribuidoras-brasileiras.png?ssl=1&w=640&resize=640&ssl=1 640w, https:\/\/i1.wp.com\/www.truckbrasil.com.br\/wp\/wp-content\/uploads\/2022\/06\/vinicola-portuguesa-reforca-negocios-com-distribuidoras-brasileiras.png?ssl=1&w=800&resize=800&ssl=1 800w, https:\/\/i1.wp.com\/www.truckbrasil.com.br\/wp\/wp-content\/uploads\/2022\/06\/vinicola-portuguesa-reforca-negocios-com-distribuidoras-brasileiras.png?ssl=1&w=1024&resize=1024&ssl=1 1024w, https:\/\/i1.wp.com\/www.truckbrasil.com.br\/wp\/wp-content\/uploads\/2022\/06\/vinicola-portuguesa-reforca-negocios-com-distribuidoras-brasileiras.png?ssl=1&w=1280&resize=1280&ssl=1 1280w, https:\/\/i1.wp.com\/www.truckbrasil.com.br\/wp\/wp-content\/uploads\/2022\/06\/vinicola-portuguesa-reforca-negocios-com-distribuidoras-brasileiras.png?ssl=1&w=1600&resize=1600&ssl=1 1600w\" fifu-data-src=\"https:\/\/i1.wp.com\/www.truckbrasil.com.br\/wp\/wp-content\/uploads\/2022\/06\/vinicola-portuguesa-reforca-negocios-com-distribuidoras-brasileiras.png?ssl=1\" alt class=\"wp-image-1033482\" width=\"296\" height=\"176\" srcset=\"https:\/\/www.truckbrasil.com.br\/wp\/wp-content\/uploads\/2022\/06\/vinicola-portuguesa-reforca-negocios-com-distribuidoras-brasileiras.png 750w, https:\/\/www.truckbrasil.com.br\/wp\/wp-content\/uploads\/2022\/06\/vinicola-portuguesa-reforca-negocios-com-distribuidoras-brasileiras-2.png 300w\" sizes=\"(max-width: 296px) 100vw, 296px\"><figcaption>Jo\u00e3o Caldeira, diretor geral da Vin\u00edcola Carmim<\/figcaption><\/figure>\n<\/div>\n<p>A expectativa, segundo Caldeira, \u00e9 dobrar em dois anos a exporta\u00e7\u00e3o dos vinhos da Carmim, que atualmente chega a 1,2 milh\u00f5es de litros\/ano, trazidos de mais de 20 pa\u00edses do mundo. Para alcan\u00e7ar esse objetivo, duas parceiras distribuidoras: a Casa Flora, que atua na regi\u00e3o Sudeste, e a Ponto a Ponto, baseada em Curitiba\/Paran\u00e1.<\/p>&nbsp;&nbsp;\n<p>Ele ainda lembrou que a regi\u00e3o do Alentejo, onde fica a vin\u00edcola que est\u00e1 a 170 km de Lisboa, determinou um padr\u00e3o inovador para uma nova gera\u00e7\u00e3o de en\u00f3logos. Um deles , Tiago Garcia, h\u00e1 5 anos en\u00f3logo da Carmim, cursou Enologia e acredita em um potencial de crescimento muito grande no consumo. \u201cHouve uma altera\u00e7\u00e3o nos h\u00e1bitos o que alterou a forma de consumir e se percebe que as pessoas n\u00e3o querem s\u00f3 consumir, mas tamb\u00e9m conhecer o produto\u201d, explicou. Ele lembrou ainda que a Carmim \u00e9 a primeira Garrafeira do Alentejo, que significa pontua\u00e7\u00e3o m\u00e1xima para os seus produtos. \u201cAs pessoas descobriram Portugal e os seus produtos e esperamos manter essa onde em alta por muito tempo, assim como as nossas marcas estrat\u00e9gicas\u201d, destacou Nuno Ferreira, export manager da Carmim para Am\u00e9rica Latina.<\/p>&nbsp;&nbsp;\n<p><a href=\"https:\/\/distribuicao.abad.com.br\/negocios\/vinicola-portuguesa-reforca-negocios-com-distribuidoras-brasileiras\/\" target=\"_blank\" rel=\"noopener\">Saiba mais aqui: https:\/\/distribuicao.abad.com.br\/negocios\/vinicola-portuguesa-reforca-negocios-com-distribuidoras-brasileiras\/<\/a><\/p>\n","protected":false},"excerpt":{"rendered":"<p>Em visita ao Brasil, ap\u00f3s dois anos devido a pandemia que assolou o mundo, Jo\u00e3o&#8230;<\/p>\n","protected":false},"author":1,"featured_media":0,"comment_status":"open","ping_status":"open","sticky":false,"template":"","format":"standard","meta":{"fifu_image_url":"","fifu_image_alt":"","footnotes":""},"categories":[727],"tags":[25],"class_list":["post-82010","post","type-post","status-publish","format-standard","hentry","category-noticias","tag-negocios","wpcat-727-id"],"_links":{"self":[{"href":"https:\/\/verde-amarelo.net\/verdeamarelo\/wp-json\/wp\/v2\/posts\/82010","targetHints":{"allow":["GET"]}}],"collection":[{"href":"https:\/\/verde-amarelo.net\/verdeamarelo\/wp-json\/wp\/v2\/posts"}],"about":[{"href":"https:\/\/verde-amarelo.net\/verdeamarelo\/wp-json\/wp\/v2\/types\/post"}],"author":[{"embeddable":true,"href":"https:\/\/verde-amarelo.net\/verdeamarelo\/wp-json\/wp\/v2\/users\/1"}],"replies":[{"embeddable":true,"href":"https:\/\/verde-amarelo.net\/verdeamarelo\/wp-json\/wp\/v2\/comments?post=82010"}],"version-history":[{"count":0,"href":"https:\/\/verde-amarelo.net\/verdeamarelo\/wp-json\/wp\/v2\/posts\/82010\/revisions"}],"wp:attachment":[{"href":"https:\/\/verde-amarelo.net\/verdeamarelo\/wp-json\/wp\/v2\/media?parent=82010"}],"wp:term":[{"taxonomy":"category","embeddable":true,"href":"https:\/\/verde-amarelo.net\/verdeamarelo\/wp-json\/wp\/v2\/categories?post=82010"},{"taxonomy":"post_tag","embeddable":true,"href":"https:\/\/verde-amarelo.net\/verdeamarelo\/wp-json\/wp\/v2\/tags?post=82010"}],"curies":[{"name":"wp","href":"https:\/\/api.w.org\/{rel}","templated":true}]}}