{"id":82020,"date":"2022-06-13T13:20:16","date_gmt":"2022-06-13T16:20:16","guid":{"rendered":"https:\/\/verde-amarelo.net\/verdeamarelo\/2022\/06\/librelato-arrecadou-e-doou-mais-de-10-mil-itens-durante-a-campanha-do-agasalho-2022\/"},"modified":"2022-06-13T13:20:16","modified_gmt":"2022-06-13T16:20:16","slug":"librelato-arrecadou-e-doou-mais-de-10-mil-itens-durante-a-campanha-do-agasalho-2022","status":"publish","type":"post","link":"https:\/\/verde-amarelo.net\/verdeamarelo\/2022\/06\/librelato-arrecadou-e-doou-mais-de-10-mil-itens-durante-a-campanha-do-agasalho-2022\/","title":{"rendered":"Librelato arrecadou e doou mais de 10 mil itens durante a Campanha do Agasalho 2022"},"content":{"rendered":"<h2> <span class=\"date\">13 jun<\/span> Librelato arrecadou e doou mais de 10 mil itens durante a Campanha do Agasalho 2022 <\/h2>\n<ul>\n<li><em>Empresa arrecadou e doou mais de 10 mil itens durante bazar beneficente que marcou a Campanha do Agasalho 2022<\/em><\/li>\n<\/ul>\n<p><em>&nbsp;<\/em><\/p>\n<ul>\n<li><em>Mais de 200 fam\u00edlias de I\u00e7ara foram beneficiadas<\/em><\/li>\n<\/ul>\n<p><em>&nbsp;<\/em><\/p>\n<p>A Librelato, recentemente, fez um bazar beneficente, na unidade da empresa em I\u00e7ara (SC), com as mais de 10 mil pe\u00e7as de frio arrecadadas durante a Campanha do Agasalho 2022. Mais de 200 fam\u00edlias da regi\u00e3o foram beneficiadas.<\/p>&nbsp;&nbsp;\n<p>\u201c\u00c9 sempre uma satisfa\u00e7\u00e3o proporcionar o bem para a nossa comunidade e sentir que, de alguma forma, estamos contribuindo para a diminui\u00e7\u00e3o de uma desigualdade muito presente. A\u00e7\u00f5es solid\u00e1rias como essa fazem parte do DNA da Librelato e, por isso, cada vez mais estaremos engajados nesse tipo de atividade\u201d, disse o CEO da Librelato, Jos\u00e9 Carlos Spr\u00edcigo.<\/p>&nbsp;&nbsp;\n<p>No bazar, as pessoas puderam provar as pe\u00e7as, a fim de garantir que as doa\u00e7\u00f5es fossem realmente \u00fateis. Os itens mais procurados foram casacos e sapatos. \u201cA inten\u00e7\u00e3o foi de ajudar a comunidade e deixar as pessoas protegidas do frio intenso de Santa Catarina, e conseguimos! Temos certeza que cada pe\u00e7a doada far\u00e1 diferen\u00e7a para as pessoas\u201d, finaliza Spr\u00edcigo.<\/p>&nbsp;&nbsp;\n<p>Entre os itens doados estavam roupas, acess\u00f3rios, cobertores, cal\u00e7ados, al\u00e9m de outros itens entregues nos \u00faltimos meses pelos profissionais da empresa e pela comunidade diretamente nas guaritas das unidades de I\u00e7ara e Crici\u00fama.<\/p>&nbsp;&nbsp;\n<p><strong>Amigos da Comunidade<\/strong><\/p>\n<p>O bazar beneficente \u00e9 uma a\u00e7\u00e3o que faz parte do programa \u201cAmigos da Comunidade\u201d, que desde 2007 proporciona benef\u00edcios para o p\u00fablico externo, a partir de iniciativas como campanhas de doa\u00e7\u00e3o, incentivo ao esporte e comemora\u00e7\u00f5es especiais recorrentes, entre elas o Natal Cidad\u00e3o, a P\u00e1scoa Feliz, Librelato + verde e outras atividades de integra\u00e7\u00e3o que aproximam a Librelato da comunidade.<\/p>&nbsp;&nbsp;\n<p><strong>Campanha do Agasalho<\/strong><\/p>\n<p><strong>&nbsp;<\/strong><\/p>\n<p>A Campanha do Agasalho \u00e9 uma a\u00e7\u00e3o social que a Librelato apoia desde 2015, com o intuito de ajudar pessoas carentes de Santa Catarina. Desde ent\u00e3o, a empresa j\u00e1 arrecadou milhares de itens e ajudou milhares de pessoas.<\/p>&nbsp;&nbsp;\n<div class=\"post_info\">\n<div class=\"post_category\"> <span>Postado em<\/span> <span><a href=\"https:\/\/mmeditorial.com.br\/category\/release\/librelato\/\" rel=\"category tag\">Librelato<\/a>, <a href=\"https:\/\/mmeditorial.com.br\/category\/release\/\" rel=\"category tag\">Release<\/a><\/span> <\/div>\n<\/p><\/div>\n","protected":false},"excerpt":{"rendered":"<p>13 jun Librelato arrecadou e doou mais de 10 mil itens durante a Campanha do&#8230;<\/p>\n","protected":false},"author":1,"featured_media":0,"comment_status":"open","ping_status":"open","sticky":false,"template":"","format":"standard","meta":{"fifu_image_url":"","fifu_image_alt":"","footnotes":""},"categories":[727],"tags":[10666],"class_list":["post-82020","post","type-post","status-publish","format-standard","hentry","category-noticias","tag-librelatorelease","wpcat-727-id"],"_links":{"self":[{"href":"https:\/\/verde-amarelo.net\/verdeamarelo\/wp-json\/wp\/v2\/posts\/82020","targetHints":{"allow":["GET"]}}],"collection":[{"href":"https:\/\/verde-amarelo.net\/verdeamarelo\/wp-json\/wp\/v2\/posts"}],"about":[{"href":"https:\/\/verde-amarelo.net\/verdeamarelo\/wp-json\/wp\/v2\/types\/post"}],"author":[{"embeddable":true,"href":"https:\/\/verde-amarelo.net\/verdeamarelo\/wp-json\/wp\/v2\/users\/1"}],"replies":[{"embeddable":true,"href":"https:\/\/verde-amarelo.net\/verdeamarelo\/wp-json\/wp\/v2\/comments?post=82020"}],"version-history":[{"count":0,"href":"https:\/\/verde-amarelo.net\/verdeamarelo\/wp-json\/wp\/v2\/posts\/82020\/revisions"}],"wp:attachment":[{"href":"https:\/\/verde-amarelo.net\/verdeamarelo\/wp-json\/wp\/v2\/media?parent=82020"}],"wp:term":[{"taxonomy":"category","embeddable":true,"href":"https:\/\/verde-amarelo.net\/verdeamarelo\/wp-json\/wp\/v2\/categories?post=82020"},{"taxonomy":"post_tag","embeddable":true,"href":"https:\/\/verde-amarelo.net\/verdeamarelo\/wp-json\/wp\/v2\/tags?post=82020"}],"curies":[{"name":"wp","href":"https:\/\/api.w.org\/{rel}","templated":true}]}}