{"id":82321,"date":"2022-07-20T12:49:28","date_gmt":"2022-07-20T15:49:28","guid":{"rendered":"https:\/\/verde-amarelo.net\/verdeamarelo\/2022\/07\/10-anos-da-logistica-reversa-de-filtros-automotivos-no-brasil-sera-tema-do-programa-filtra-acao-de-julho\/"},"modified":"2022-07-20T12:49:28","modified_gmt":"2022-07-20T15:49:28","slug":"10-anos-da-logistica-reversa-de-filtros-automotivos-no-brasil-sera-tema-do-programa-filtra-acao-de-julho","status":"publish","type":"post","link":"https:\/\/verde-amarelo.net\/verdeamarelo\/2022\/07\/10-anos-da-logistica-reversa-de-filtros-automotivos-no-brasil-sera-tema-do-programa-filtra-acao-de-julho\/","title":{"rendered":"10 anos da log\u00edstica reversa\u00a0de filtros automotivos no Brasil ser\u00e1 tema do Programa Filtra A\u00e7\u00e3o de julho"},"content":{"rendered":"<div class=\"meta-content\" readability=\"2.14598540146\">\n<\/p><\/div>\n<p><strong>&nbsp;<\/strong><\/p>\n<p><em>Edi\u00e7\u00e3o comemorativa aos 10 anos do Programa Descarte Consciente Abrafiltros vai ao ar no dia 28 de julho (quinta-feira), \u00e0s 15h no Canal TV Filtros no Youtube.<\/em><\/p>\n<p><strong><em>&nbsp;<\/em><\/strong><\/p>\n<p>Criado em 2012, o Programa Descarte Consciente Abrafiltros atende as legisla\u00e7\u00f5es ambientais estaduais que estabelecem a rela\u00e7\u00e3o de produtos cujos fabricantes, importadores, distribuidores e comerciantes devem implantar programa de responsabilidade p\u00f3s-consumo para fins de recolhimento, tratamento e destina\u00e7\u00e3o final de res\u00edduos, entre os quais os filtros do \u00f3leo lubrificante automotivo. Em dez anos, o programa j\u00e1 reciclou 27.923 545 filtros \u2013 at\u00e9 junho de 2022 e est\u00e1 em implantado nos estados de S\u00e3o Paulo, Paran\u00e1, Esp\u00edrito Santo e Mato Grosso do Sul.<\/p>&nbsp;&nbsp;\n<p><img decoding=\"async\" src=\"data:image\/gif;base64,R0lGODlhAQABAIAAAAAAAP\/\/\/ywAAAAAAQABAAACAUwAOw==\" fifu-lazy=\"1\" fifu-data-sizes=\"auto\" fifu-data-srcset=\"https:\/\/i3.wp.com\/www.truckbrasil.com.br\/wp\/wp-content\/uploads\/2022\/07\/10-anos-da-logistica-reversa-de-filtros-automotivos-no-brasil-sera-tema-do-programa-filtra-acao-de-julho.jpg?ssl=1&w=75&resize=75&ssl=1 75w, https:\/\/i3.wp.com\/www.truckbrasil.com.br\/wp\/wp-content\/uploads\/2022\/07\/10-anos-da-logistica-reversa-de-filtros-automotivos-no-brasil-sera-tema-do-programa-filtra-acao-de-julho.jpg?ssl=1&w=100&resize=100&ssl=1 100w, https:\/\/i3.wp.com\/www.truckbrasil.com.br\/wp\/wp-content\/uploads\/2022\/07\/10-anos-da-logistica-reversa-de-filtros-automotivos-no-brasil-sera-tema-do-programa-filtra-acao-de-julho.jpg?ssl=1&w=150&resize=150&ssl=1 150w, https:\/\/i3.wp.com\/www.truckbrasil.com.br\/wp\/wp-content\/uploads\/2022\/07\/10-anos-da-logistica-reversa-de-filtros-automotivos-no-brasil-sera-tema-do-programa-filtra-acao-de-julho.jpg?ssl=1&w=240&resize=240&ssl=1 240w, https:\/\/i3.wp.com\/www.truckbrasil.com.br\/wp\/wp-content\/uploads\/2022\/07\/10-anos-da-logistica-reversa-de-filtros-automotivos-no-brasil-sera-tema-do-programa-filtra-acao-de-julho.jpg?ssl=1&w=320&resize=320&ssl=1 320w, https:\/\/i3.wp.com\/www.truckbrasil.com.br\/wp\/wp-content\/uploads\/2022\/07\/10-anos-da-logistica-reversa-de-filtros-automotivos-no-brasil-sera-tema-do-programa-filtra-acao-de-julho.jpg?ssl=1&w=500&resize=500&ssl=1 500w, https:\/\/i3.wp.com\/www.truckbrasil.com.br\/wp\/wp-content\/uploads\/2022\/07\/10-anos-da-logistica-reversa-de-filtros-automotivos-no-brasil-sera-tema-do-programa-filtra-acao-de-julho.jpg?ssl=1&w=640&resize=640&ssl=1 640w, https:\/\/i3.wp.com\/www.truckbrasil.com.br\/wp\/wp-content\/uploads\/2022\/07\/10-anos-da-logistica-reversa-de-filtros-automotivos-no-brasil-sera-tema-do-programa-filtra-acao-de-julho.jpg?ssl=1&w=800&resize=800&ssl=1 800w, https:\/\/i3.wp.com\/www.truckbrasil.com.br\/wp\/wp-content\/uploads\/2022\/07\/10-anos-da-logistica-reversa-de-filtros-automotivos-no-brasil-sera-tema-do-programa-filtra-acao-de-julho.jpg?ssl=1&w=1024&resize=1024&ssl=1 1024w, https:\/\/i3.wp.com\/www.truckbrasil.com.br\/wp\/wp-content\/uploads\/2022\/07\/10-anos-da-logistica-reversa-de-filtros-automotivos-no-brasil-sera-tema-do-programa-filtra-acao-de-julho.jpg?ssl=1&w=1280&resize=1280&ssl=1 1280w, https:\/\/i3.wp.com\/www.truckbrasil.com.br\/wp\/wp-content\/uploads\/2022\/07\/10-anos-da-logistica-reversa-de-filtros-automotivos-no-brasil-sera-tema-do-programa-filtra-acao-de-julho.jpg?ssl=1&w=1600&resize=1600&ssl=1 1600w\" class=\"alignnone size-medium wp-image-14719\" fifu-data-src=\"https:\/\/i3.wp.com\/www.truckbrasil.com.br\/wp\/wp-content\/uploads\/2022\/07\/10-anos-da-logistica-reversa-de-filtros-automotivos-no-brasil-sera-tema-do-programa-filtra-acao-de-julho.jpg?ssl=1\" alt width=\"300\" height=\"300\" srcset=\"https:\/\/www.truckbrasil.com.br\/wp\/wp-content\/uploads\/2022\/07\/10-anos-da-logistica-reversa-de-filtros-automotivos-no-brasil-sera-tema-do-programa-filtra-acao-de-julho.jpg 300w, https:\/\/www.truckbrasil.com.br\/wp\/wp-content\/uploads\/2022\/07\/10-anos-da-logistica-reversa-de-filtros-automotivos-no-brasil-sera-tema-do-programa-filtra-acao-de-julho-2.jpg 150w, https:\/\/www.truckbrasil.com.br\/wp\/wp-content\/uploads\/2022\/07\/10-anos-da-logistica-reversa-de-filtros-automotivos-no-brasil-sera-tema-do-programa-filtra-acao-de-julho-3.jpg 550w\" sizes=\"(max-width: 300px) 100vw, 300px\"><\/p>\n<p>Para falar sobre sua a evolu\u00e7\u00e3o, resultados e expectativas para o futuro, o presidente da Abrafiltros, Jo\u00e3o Moura;&nbsp;Marco Ant\u00f4nio Simon, gestor do Programa Descarte Consciente Abrafiltros e David Siqueira de Andrade, diretor-presidente do Grupo Supply Service, participam de mais uma edi\u00e7\u00e3o do Programa Filtra A\u00e7\u00e3o, conte\u00fado online da <strong>Abrafiltros \u2013 Associa\u00e7\u00e3o Brasileira das Empresas de Filtros e seus Sistemas \u2013 Automotivos e Industriais<\/strong> e das revistas Meio Filtrante e TAE.<\/p>&nbsp;&nbsp;\n<p>O encontro ser\u00e1 online no dia 28, \u00e0s 15h, e conta com o patroc\u00ednio do Grupo Supply Service, empresa respons\u00e1vel pelo recolhimento, armazenamento, coleta, transporte, tratamento e destina\u00e7\u00e3o coleta dos filtros usados.<\/p>&nbsp;&nbsp;\n<p>\u201cO Programa Filtra A\u00e7\u00e3o \u00e9 reconhecido por levar temas relevantes para o neg\u00f3cio, para o setor de filtra\u00e7\u00e3o e p\u00fablico em geral\u201d, comenta Jo\u00e3o Moura, presidente da Abrafiltros, ressaltando que o programa, por ser transmitido pela internet e ficar dispon\u00edvel gravado em canais digitais, permitiu que um maior n\u00famero de pessoas participasse da iniciativa.<\/p>&nbsp;&nbsp;\n<p>O evento \u00e9 gratuito e aberto ao p\u00fablico, com transmiss\u00e3o ao vivo no Canal TV Filtros no YouTube (www.youtube.com.br\/tvfiltros). Para participar, basta se inscrever no link: <a href=\"https:\/\/www.sympla.com.br\/programa-filtra-acao---julho-2022__1647133\">https:\/\/www.sympla.com.br\/programa-filtra-acao\u2014julho-2022__1647133<\/a><\/p>\n<p><strong>Sobre a Abrafiltros:<\/strong><\/p>\n<p>Criada em 2006, a&nbsp;<strong>Abrafiltros \u2013&nbsp;Associa\u00e7\u00e3o Brasileira das Empresas de Filtros e seus Sistemas \u2013 Automotivos e Industriais \u2013&nbsp;<\/strong>tem a miss\u00e3o de promover a integra\u00e7\u00e3o entre as empresas de filtros e sistemas de filtra\u00e7\u00e3o para os segmentos automotivo, industrial, tratamento de \u00e1gua, efluentes&nbsp;e re\u00faso, representando e defendendo de forma \u00e9tica os interesses comuns e consensuais dos associados.<\/p>&nbsp;&nbsp;\n<p><strong>&nbsp;<\/strong><\/p>\n<p><strong><em>Mais informa\u00e7\u00f5es:<\/em><\/strong><\/p>\n<p><em>Verso Comunica\u00e7\u00e3o e Assessoria de Imprensa<\/em><\/p>\n<p><em>Maj\u00f4 Gon\u00e7alves \u2013 MTB 24.475<\/em><\/p>\n<p><em>versocomunicacao@uol.com.br<\/em><\/p>\n<p><em>Solange Suzigan <\/em><\/p>\n<p><em>versocomunicacao1@uol.com.br<\/em><\/p>\n<p><em>(11) 4102-2000 \/ 99905-7008<\/em><\/p>\n<p><em>www.versoassessoriadeimprensa.com.br<\/em><\/p>\n<p><em>https:\/\/www.facebook.com\/verso.assessoria<\/em><\/p>\n<section class=\"details\" readability=\"2\">\n<p> Fotos da Not\u00edcia &#8211; (Clique para ampliar e fazer Atualizado -  das fotos) <\/p>\n<div class=\"row\">\n<div class=\"col-md-4\"> <a href=\"https:\/\/www.truckbrasil.com.br\/wp\/wp-content\/uploads\/2022\/07\/10-anos-da-logistica-reversa-de-filtros-automotivos-no-brasil-sera-tema-do-programa-filtra-acao-de-julho-1.jpg\" rel=\"nobox\"><img decoding=\"async\" src=\"data:image\/gif;base64,R0lGODlhAQABAIAAAAAAAP\/\/\/ywAAAAAAQABAAACAUwAOw==\" fifu-lazy=\"1\" fifu-data-sizes=\"auto\" fifu-data-srcset=\"https:\/\/i1.wp.com\/www.truckbrasil.com.br\/wp\/wp-content\/uploads\/2022\/07\/10-anos-da-logistica-reversa-de-filtros-automotivos-no-brasil-sera-tema-do-programa-filtra-acao-de-julho-1.jpg?ssl=1&w=75&resize=75&ssl=1 75w, https:\/\/i1.wp.com\/www.truckbrasil.com.br\/wp\/wp-content\/uploads\/2022\/07\/10-anos-da-logistica-reversa-de-filtros-automotivos-no-brasil-sera-tema-do-programa-filtra-acao-de-julho-1.jpg?ssl=1&w=100&resize=100&ssl=1 100w, https:\/\/i1.wp.com\/www.truckbrasil.com.br\/wp\/wp-content\/uploads\/2022\/07\/10-anos-da-logistica-reversa-de-filtros-automotivos-no-brasil-sera-tema-do-programa-filtra-acao-de-julho-1.jpg?ssl=1&w=150&resize=150&ssl=1 150w, https:\/\/i1.wp.com\/www.truckbrasil.com.br\/wp\/wp-content\/uploads\/2022\/07\/10-anos-da-logistica-reversa-de-filtros-automotivos-no-brasil-sera-tema-do-programa-filtra-acao-de-julho-1.jpg?ssl=1&w=240&resize=240&ssl=1 240w, https:\/\/i1.wp.com\/www.truckbrasil.com.br\/wp\/wp-content\/uploads\/2022\/07\/10-anos-da-logistica-reversa-de-filtros-automotivos-no-brasil-sera-tema-do-programa-filtra-acao-de-julho-1.jpg?ssl=1&w=320&resize=320&ssl=1 320w, https:\/\/i1.wp.com\/www.truckbrasil.com.br\/wp\/wp-content\/uploads\/2022\/07\/10-anos-da-logistica-reversa-de-filtros-automotivos-no-brasil-sera-tema-do-programa-filtra-acao-de-julho-1.jpg?ssl=1&w=500&resize=500&ssl=1 500w, https:\/\/i1.wp.com\/www.truckbrasil.com.br\/wp\/wp-content\/uploads\/2022\/07\/10-anos-da-logistica-reversa-de-filtros-automotivos-no-brasil-sera-tema-do-programa-filtra-acao-de-julho-1.jpg?ssl=1&w=640&resize=640&ssl=1 640w, https:\/\/i1.wp.com\/www.truckbrasil.com.br\/wp\/wp-content\/uploads\/2022\/07\/10-anos-da-logistica-reversa-de-filtros-automotivos-no-brasil-sera-tema-do-programa-filtra-acao-de-julho-1.jpg?ssl=1&w=800&resize=800&ssl=1 800w, https:\/\/i1.wp.com\/www.truckbrasil.com.br\/wp\/wp-content\/uploads\/2022\/07\/10-anos-da-logistica-reversa-de-filtros-automotivos-no-brasil-sera-tema-do-programa-filtra-acao-de-julho-1.jpg?ssl=1&w=1024&resize=1024&ssl=1 1024w, https:\/\/i1.wp.com\/www.truckbrasil.com.br\/wp\/wp-content\/uploads\/2022\/07\/10-anos-da-logistica-reversa-de-filtros-automotivos-no-brasil-sera-tema-do-programa-filtra-acao-de-julho-1.jpg?ssl=1&w=1280&resize=1280&ssl=1 1280w, https:\/\/i1.wp.com\/www.truckbrasil.com.br\/wp\/wp-content\/uploads\/2022\/07\/10-anos-da-logistica-reversa-de-filtros-automotivos-no-brasil-sera-tema-do-programa-filtra-acao-de-julho-1.jpg?ssl=1&w=1600&resize=1600&ssl=1 1600w\" fifu-data-src=\"https:\/\/i1.wp.com\/www.truckbrasil.com.br\/wp\/wp-content\/uploads\/2022\/07\/10-anos-da-logistica-reversa-de-filtros-automotivos-no-brasil-sera-tema-do-programa-filtra-acao-de-julho-1.jpg?ssl=1\"><\/a> <\/div>\n<div class=\"col-md-4\"> <a href=\"http:\/\/versoassessoriadeimprensa.com.br\/10-anos-da-logistica-reversa-de-filtros-automotivos-no-brasil-sera-tema-do-programa-filtra-acao-de-julho\/\" rel=\"nobox\"><img decoding=\"async\" src=\"data:image\/gif;base64,R0lGODlhAQABAIAAAAAAAP\/\/\/ywAAAAAAQABAAACAUwAOw==\" fifu-lazy=\"1\" fifu-data-sizes=\"auto\" fifu-data-srcset=\"https:\/\/i3.wp.com\/versoassessoriadeimprensa.com.br\/10-anos-da-logistica-reversa-de-filtros-automotivos-no-brasil-sera-tema-do-programa-filtra-acao-de-julho\/?ssl=1&w=75&resize=75&ssl=1 75w, https:\/\/i3.wp.com\/versoassessoriadeimprensa.com.br\/10-anos-da-logistica-reversa-de-filtros-automotivos-no-brasil-sera-tema-do-programa-filtra-acao-de-julho\/?ssl=1&w=100&resize=100&ssl=1 100w, https:\/\/i3.wp.com\/versoassessoriadeimprensa.com.br\/10-anos-da-logistica-reversa-de-filtros-automotivos-no-brasil-sera-tema-do-programa-filtra-acao-de-julho\/?ssl=1&w=150&resize=150&ssl=1 150w, https:\/\/i3.wp.com\/versoassessoriadeimprensa.com.br\/10-anos-da-logistica-reversa-de-filtros-automotivos-no-brasil-sera-tema-do-programa-filtra-acao-de-julho\/?ssl=1&w=240&resize=240&ssl=1 240w, https:\/\/i3.wp.com\/versoassessoriadeimprensa.com.br\/10-anos-da-logistica-reversa-de-filtros-automotivos-no-brasil-sera-tema-do-programa-filtra-acao-de-julho\/?ssl=1&w=320&resize=320&ssl=1 320w, https:\/\/i3.wp.com\/versoassessoriadeimprensa.com.br\/10-anos-da-logistica-reversa-de-filtros-automotivos-no-brasil-sera-tema-do-programa-filtra-acao-de-julho\/?ssl=1&w=500&resize=500&ssl=1 500w, https:\/\/i3.wp.com\/versoassessoriadeimprensa.com.br\/10-anos-da-logistica-reversa-de-filtros-automotivos-no-brasil-sera-tema-do-programa-filtra-acao-de-julho\/?ssl=1&w=640&resize=640&ssl=1 640w, https:\/\/i3.wp.com\/versoassessoriadeimprensa.com.br\/10-anos-da-logistica-reversa-de-filtros-automotivos-no-brasil-sera-tema-do-programa-filtra-acao-de-julho\/?ssl=1&w=800&resize=800&ssl=1 800w, https:\/\/i3.wp.com\/versoassessoriadeimprensa.com.br\/10-anos-da-logistica-reversa-de-filtros-automotivos-no-brasil-sera-tema-do-programa-filtra-acao-de-julho\/?ssl=1&w=1024&resize=1024&ssl=1 1024w, https:\/\/i3.wp.com\/versoassessoriadeimprensa.com.br\/10-anos-da-logistica-reversa-de-filtros-automotivos-no-brasil-sera-tema-do-programa-filtra-acao-de-julho\/?ssl=1&w=1280&resize=1280&ssl=1 1280w, https:\/\/i3.wp.com\/versoassessoriadeimprensa.com.br\/10-anos-da-logistica-reversa-de-filtros-automotivos-no-brasil-sera-tema-do-programa-filtra-acao-de-julho\/?ssl=1&w=1600&resize=1600&ssl=1 1600w\" fifu-data-src=\"https:\/\/i3.wp.com\/versoassessoriadeimprensa.com.br\/10-anos-da-logistica-reversa-de-filtros-automotivos-no-brasil-sera-tema-do-programa-filtra-acao-de-julho\/?ssl=1\"><\/a> <\/div>\n<\/p><\/div>\n<\/section>\n<section class=\"details_clipping\" readability=\"2\">\n<p> Clippings para esta not\u00edcia <\/p>\n<\/section>\n","protected":false},"excerpt":{"rendered":"<p>&nbsp; Edi\u00e7\u00e3o comemorativa aos 10 anos do Programa Descarte Consciente Abrafiltros vai ao ar no&#8230;<\/p>\n","protected":false},"author":1,"featured_media":0,"comment_status":"open","ping_status":"open","sticky":false,"template":"","format":"standard","meta":{"fifu_image_url":"","fifu_image_alt":"","footnotes":""},"categories":[727],"tags":[12603],"class_list":["post-82321","post","type-post","status-publish","format-standard","hentry","category-noticias","tag-abrafiltroseventofiltra-acaofiltracaofiltrologistica-reversamanutencao-de-veiculosmercado-de-reposicaoreparacao-de-veiculos","wpcat-727-id"],"_links":{"self":[{"href":"https:\/\/verde-amarelo.net\/verdeamarelo\/wp-json\/wp\/v2\/posts\/82321","targetHints":{"allow":["GET"]}}],"collection":[{"href":"https:\/\/verde-amarelo.net\/verdeamarelo\/wp-json\/wp\/v2\/posts"}],"about":[{"href":"https:\/\/verde-amarelo.net\/verdeamarelo\/wp-json\/wp\/v2\/types\/post"}],"author":[{"embeddable":true,"href":"https:\/\/verde-amarelo.net\/verdeamarelo\/wp-json\/wp\/v2\/users\/1"}],"replies":[{"embeddable":true,"href":"https:\/\/verde-amarelo.net\/verdeamarelo\/wp-json\/wp\/v2\/comments?post=82321"}],"version-history":[{"count":0,"href":"https:\/\/verde-amarelo.net\/verdeamarelo\/wp-json\/wp\/v2\/posts\/82321\/revisions"}],"wp:attachment":[{"href":"https:\/\/verde-amarelo.net\/verdeamarelo\/wp-json\/wp\/v2\/media?parent=82321"}],"wp:term":[{"taxonomy":"category","embeddable":true,"href":"https:\/\/verde-amarelo.net\/verdeamarelo\/wp-json\/wp\/v2\/categories?post=82321"},{"taxonomy":"post_tag","embeddable":true,"href":"https:\/\/verde-amarelo.net\/verdeamarelo\/wp-json\/wp\/v2\/tags?post=82321"}],"curies":[{"name":"wp","href":"https:\/\/api.w.org\/{rel}","templated":true}]}}