{"id":82453,"date":"2022-08-10T18:44:35","date_gmt":"2022-08-10T21:44:35","guid":{"rendered":"https:\/\/verde-amarelo.net\/verdeamarelo\/2022\/08\/librelato-inaugura-mais-uma-loja-libreparts-agora-em-goiania-go\/"},"modified":"2022-08-10T18:44:35","modified_gmt":"2022-08-10T21:44:35","slug":"librelato-inaugura-mais-uma-loja-libreparts-agora-em-goiania-go","status":"publish","type":"post","link":"https:\/\/verde-amarelo.net\/verdeamarelo\/2022\/08\/librelato-inaugura-mais-uma-loja-libreparts-agora-em-goiania-go\/","title":{"rendered":"Librelato inaugura mais uma loja Libreparts, agora em Goi\u00e2nia, GO"},"content":{"rendered":"<h2> <span class=\"date\">10 ago<\/span> Librelato inaugura mais uma loja Libreparts, agora em Goi\u00e2nia, GO <\/h2>\n<ul>\n<li><em>Unidade fica na BR-153, a quinta maior rodovia do Brasil <\/em><\/li>\n<\/ul>\n<p><em>&nbsp;<\/em><\/p>\n<ul>\n<li><em>Nova unidade deve facilitar a busca de transportadores por pe\u00e7as e componentes de implementos em Goi\u00e2nia e regi\u00e3o<\/em><\/li>\n<\/ul>\n<p><em>&nbsp;<\/em><\/p>\n<p>A Librelato inaugurou recentemente mais uma unidade Libreparts, loja da marca criada para comercializar toda a linha de pe\u00e7as e componentes genu\u00ednos para implementos, com um formato diferenciado. A nova unidade pertence ao representante Rododin\u00e2mica e est\u00e1 em uma localiza\u00e7\u00e3o privilegiada de Goi\u00e2nia (GO), a BR-153, hoje a quinta maior rodovia do Brasil. A inaugura\u00e7\u00e3o foi transmitida pelo YouTube.<\/p>&nbsp;&nbsp;\n<p>\u201cCom essa unidade, pretendemos atender todos os transportadores, tanto os de Goi\u00e2nia quanto os que est\u00e3o passando pela cidade, que est\u00e3o em busca de uma solu\u00e7\u00e3o de transporte de maneira r\u00e1pida. O fato de estarmos instalados estrategicamente em uma rodovia onde circulam em torno de 45 a 50 mil ve\u00edculos por dia ajuda muito esses clientes a nos encontrarem. Esperamos atender as empresas que buscam pe\u00e7as e queremos crescer juntos com a ind\u00fastria de implementos, trazendo muitos resultados positivos\u201d, disse um dos s\u00f3cios da Rododin\u00e2mica Glaucio Faleiro da Silva.<\/p>&nbsp;&nbsp;\n<p>Durante a live, o CEO da Librelato, Jos\u00e9 Carlos Spr\u00edcigo, agradeceu pela confian\u00e7a dos s\u00f3cios Glaucio e Edson na Librelato e disse que tanto os clientes quanto a empresa s\u00e3o beneficiados com a inaugura\u00e7\u00e3o de mais uma Libreparts. \u201cN\u00f3s da Librelato ficamos muito felizes por Goi\u00e2nia investir nessa melhoria do atendimento. Ao ficarmos mais pr\u00f3ximos do cliente, facilitamos a vida dele. E esse com certeza \u00e9 um dos objetivos da Librelato. Acredito que esse investimento vai trazer grande apoio ao mercado de autope\u00e7as e de implementos rodovi\u00e1rios\u201d.<\/p>&nbsp;&nbsp;\n<p>Para quem perdeu a live de inaugura\u00e7\u00e3o, \u00e9 poss\u00edvel assistir pelo link: <a href=\"https:\/\/bit.ly\/3yQto2m\">https:\/\/bit.ly\/3yQto2m<\/a><\/p>\n<p><strong>Conceito Libreparts<\/strong><\/p>\n<p>O conceito de autoatendimento aplicado \u00e0s lojas Libreparts \u00e9 um dos mais inovadores do setor. A configura\u00e7\u00e3o trouxe mais agilidade na comercializa\u00e7\u00e3o e foi inspirada no modelo de lojas de departamentos, no qual o pr\u00f3prio cliente escolhe o que precisa entre pe\u00e7as e acess\u00f3rios.<\/p>&nbsp;&nbsp;\n<p>A vis\u00e3o abrangente de todas as pe\u00e7as expostas nas lojas Libreparts permite ao cliente visualizar tudo que seu caminh\u00e3o e carreta precisam. \u201cGeralmente, o cliente j\u00e1 chega no balc\u00e3o sabendo o que quer, por\u00e9m, com os produtos j\u00e1 em exposi\u00e7\u00e3o, aumentam as oportunidades dele perceber outras necessidades\u201d, pontua Spr\u00edcigo. \u201cA configura\u00e7\u00e3o da Libreparts permite ainda mais neg\u00f3cios e benef\u00edcios aos nossos clientes e representantes\u201d, conclui.<\/p>&nbsp;&nbsp;\n<p>A Librelato criou um sistema log\u00edstico que agiliza a reposi\u00e7\u00e3o do estoque em cada unidade em menor tempo poss\u00edvel, permitindo o r\u00e1pido abastecimento das lojas com os produtos de maior venda. Al\u00e9m disso, a padroniza\u00e7\u00e3o de layout, bem como do atendimento s\u00e3o itens rigorosamente respeitados nas novas unidades.<\/p>&nbsp;&nbsp;\n<div class=\"post_info\">\n<div class=\"post_category\"> <span>Postado em<\/span> <span><a href=\"https:\/\/mmeditorial.com.br\/category\/release\/librelato\/\" rel=\"category tag\">Librelato<\/a>, <a href=\"https:\/\/mmeditorial.com.br\/category\/release\/\" rel=\"category tag\">Release<\/a><\/span> <\/div>\n<\/p><\/div>\n","protected":false},"excerpt":{"rendered":"<p>10 ago Librelato inaugura mais uma loja Libreparts, agora em Goi\u00e2nia, GO Unidade fica na&#8230;<\/p>\n","protected":false},"author":1,"featured_media":0,"comment_status":"open","ping_status":"open","sticky":false,"template":"","format":"standard","meta":{"fifu_image_url":"","fifu_image_alt":"","footnotes":""},"categories":[727],"tags":[10666],"class_list":["post-82453","post","type-post","status-publish","format-standard","hentry","category-noticias","tag-librelatorelease","wpcat-727-id"],"_links":{"self":[{"href":"https:\/\/verde-amarelo.net\/verdeamarelo\/wp-json\/wp\/v2\/posts\/82453","targetHints":{"allow":["GET"]}}],"collection":[{"href":"https:\/\/verde-amarelo.net\/verdeamarelo\/wp-json\/wp\/v2\/posts"}],"about":[{"href":"https:\/\/verde-amarelo.net\/verdeamarelo\/wp-json\/wp\/v2\/types\/post"}],"author":[{"embeddable":true,"href":"https:\/\/verde-amarelo.net\/verdeamarelo\/wp-json\/wp\/v2\/users\/1"}],"replies":[{"embeddable":true,"href":"https:\/\/verde-amarelo.net\/verdeamarelo\/wp-json\/wp\/v2\/comments?post=82453"}],"version-history":[{"count":0,"href":"https:\/\/verde-amarelo.net\/verdeamarelo\/wp-json\/wp\/v2\/posts\/82453\/revisions"}],"wp:attachment":[{"href":"https:\/\/verde-amarelo.net\/verdeamarelo\/wp-json\/wp\/v2\/media?parent=82453"}],"wp:term":[{"taxonomy":"category","embeddable":true,"href":"https:\/\/verde-amarelo.net\/verdeamarelo\/wp-json\/wp\/v2\/categories?post=82453"},{"taxonomy":"post_tag","embeddable":true,"href":"https:\/\/verde-amarelo.net\/verdeamarelo\/wp-json\/wp\/v2\/tags?post=82453"}],"curies":[{"name":"wp","href":"https:\/\/api.w.org\/{rel}","templated":true}]}}