{"id":83001,"date":"2023-04-25T14:09:35","date_gmt":"2023-04-25T17:09:35","guid":{"rendered":"https:\/\/verde-amarelo.net\/verdeamarelo\/?p=83001"},"modified":"2023-04-27T21:35:18","modified_gmt":"2023-04-28T00:35:18","slug":"parceria-reduz-deficit-habitacional-no-parana","status":"publish","type":"post","link":"https:\/\/verde-amarelo.net\/verdeamarelo\/2023\/04\/parceria-reduz-deficit-habitacional-no-parana\/","title":{"rendered":"Parceria reduz d\u00e9ficit habitacional no Paran\u00e1"},"content":{"rendered":"<table id=\"mce_14\" class=\"mce-content-body\" style=\"font-family: arial, helvetica, sans-serif; position: relative;\" role=\"presentation\" contenteditable=\"true\" spellcheck=\"false\" border=\"0\" width=\"100%\" cellspacing=\"0\" cellpadding=\"0\">\n<tbody>\n<tr>\n<td align=\"left\">\n<h2>At\u00e9 o ano passado, a MRV habilitou 22 empreendimentos no programa Casa F\u00e1cil Paran\u00e1; Com subs\u00eddio de mais de R$ 35 milh\u00f5es, Cohapar viabilizou aquisi\u00e7\u00e3o de mais de 2,3 mil im\u00f3veis da construtora<\/h2>\n<\/td>\n<\/tr>\n<\/tbody>\n<\/table>\n<table role=\"presentation\" border=\"0\" width=\"100%\" cellspacing=\"0\" cellpadding=\"0\">\n<tbody>\n<tr>\n<td align=\"left\">\n<table border=\"0\" width=\"100%\" cellspacing=\"0\" cellpadding=\"0\">\n<tbody>\n<tr>\n<td align=\"center\">\n<div><\/div>\n<div>\n<div><\/div>\n<div><img decoding=\"async\" src=\"data:image\/gif;base64,R0lGODlhAQABAIAAAAAAAP\/\/\/ywAAAAAAQABAAACAUwAOw==\" fifu-lazy=\"1\" fifu-data-sizes=\"auto\" fifu-data-srcset=\"https:\/\/i2.wp.com\/cache.isend.com.br\/gallery\/0692D092568AD7CF57DFE5A2CFC43ABA1C0FD203C7BA8655?ssl=1&w=75&resize=75&ssl=1 75w, https:\/\/i2.wp.com\/cache.isend.com.br\/gallery\/0692D092568AD7CF57DFE5A2CFC43ABA1C0FD203C7BA8655?ssl=1&w=100&resize=100&ssl=1 100w, https:\/\/i2.wp.com\/cache.isend.com.br\/gallery\/0692D092568AD7CF57DFE5A2CFC43ABA1C0FD203C7BA8655?ssl=1&w=150&resize=150&ssl=1 150w, https:\/\/i2.wp.com\/cache.isend.com.br\/gallery\/0692D092568AD7CF57DFE5A2CFC43ABA1C0FD203C7BA8655?ssl=1&w=240&resize=240&ssl=1 240w, https:\/\/i2.wp.com\/cache.isend.com.br\/gallery\/0692D092568AD7CF57DFE5A2CFC43ABA1C0FD203C7BA8655?ssl=1&w=320&resize=320&ssl=1 320w, https:\/\/i2.wp.com\/cache.isend.com.br\/gallery\/0692D092568AD7CF57DFE5A2CFC43ABA1C0FD203C7BA8655?ssl=1&w=500&resize=500&ssl=1 500w, https:\/\/i2.wp.com\/cache.isend.com.br\/gallery\/0692D092568AD7CF57DFE5A2CFC43ABA1C0FD203C7BA8655?ssl=1&w=640&resize=640&ssl=1 640w, https:\/\/i2.wp.com\/cache.isend.com.br\/gallery\/0692D092568AD7CF57DFE5A2CFC43ABA1C0FD203C7BA8655?ssl=1&w=800&resize=800&ssl=1 800w, https:\/\/i2.wp.com\/cache.isend.com.br\/gallery\/0692D092568AD7CF57DFE5A2CFC43ABA1C0FD203C7BA8655?ssl=1&w=1024&resize=1024&ssl=1 1024w, https:\/\/i2.wp.com\/cache.isend.com.br\/gallery\/0692D092568AD7CF57DFE5A2CFC43ABA1C0FD203C7BA8655?ssl=1&w=1280&resize=1280&ssl=1 1280w, https:\/\/i2.wp.com\/cache.isend.com.br\/gallery\/0692D092568AD7CF57DFE5A2CFC43ABA1C0FD203C7BA8655?ssl=1&w=1600&resize=1600&ssl=1 1600w\" title=\"\" fifu-data-src=\"https:\/\/i2.wp.com\/cache.isend.com.br\/gallery\/0692D092568AD7CF57DFE5A2CFC43ABA1C0FD203C7BA8655?ssl=1\" alt=\"\" width=\"610\" align=\"center\" border=\"0\" \/><\/div>\n<\/div>\n<\/td>\n<\/tr>\n<\/tbody>\n<\/table>\n<\/td>\n<\/tr>\n<\/tbody>\n<\/table>\n<table role=\"presentation\" border=\"0\" width=\"100%\" cellspacing=\"0\" cellpadding=\"0\">\n<tbody>\n<tr>\n<td align=\"left\">\n<table border=\"0\" width=\"100%\" cellspacing=\"0\" cellpadding=\"0\">\n<tbody>\n<tr>\n<td align=\"center\">\n<div><\/div>\n<div>\n<div><\/div>\n<div><img decoding=\"async\" src=\"data:image\/gif;base64,R0lGODlhAQABAIAAAAAAAP\/\/\/ywAAAAAAQABAAACAUwAOw==\" fifu-lazy=\"1\" fifu-data-sizes=\"auto\" fifu-data-srcset=\"https:\/\/i0.wp.com\/cache.isend.com.br\/gallery\/BF5FEF4C12910D4F3C9627A64EC63E120292604AF8336C2C?ssl=1&w=75&resize=75&ssl=1 75w, https:\/\/i0.wp.com\/cache.isend.com.br\/gallery\/BF5FEF4C12910D4F3C9627A64EC63E120292604AF8336C2C?ssl=1&w=100&resize=100&ssl=1 100w, https:\/\/i0.wp.com\/cache.isend.com.br\/gallery\/BF5FEF4C12910D4F3C9627A64EC63E120292604AF8336C2C?ssl=1&w=150&resize=150&ssl=1 150w, https:\/\/i0.wp.com\/cache.isend.com.br\/gallery\/BF5FEF4C12910D4F3C9627A64EC63E120292604AF8336C2C?ssl=1&w=240&resize=240&ssl=1 240w, https:\/\/i0.wp.com\/cache.isend.com.br\/gallery\/BF5FEF4C12910D4F3C9627A64EC63E120292604AF8336C2C?ssl=1&w=320&resize=320&ssl=1 320w, https:\/\/i0.wp.com\/cache.isend.com.br\/gallery\/BF5FEF4C12910D4F3C9627A64EC63E120292604AF8336C2C?ssl=1&w=500&resize=500&ssl=1 500w, https:\/\/i0.wp.com\/cache.isend.com.br\/gallery\/BF5FEF4C12910D4F3C9627A64EC63E120292604AF8336C2C?ssl=1&w=640&resize=640&ssl=1 640w, https:\/\/i0.wp.com\/cache.isend.com.br\/gallery\/BF5FEF4C12910D4F3C9627A64EC63E120292604AF8336C2C?ssl=1&w=800&resize=800&ssl=1 800w, https:\/\/i0.wp.com\/cache.isend.com.br\/gallery\/BF5FEF4C12910D4F3C9627A64EC63E120292604AF8336C2C?ssl=1&w=1024&resize=1024&ssl=1 1024w, https:\/\/i0.wp.com\/cache.isend.com.br\/gallery\/BF5FEF4C12910D4F3C9627A64EC63E120292604AF8336C2C?ssl=1&w=1280&resize=1280&ssl=1 1280w, https:\/\/i0.wp.com\/cache.isend.com.br\/gallery\/BF5FEF4C12910D4F3C9627A64EC63E120292604AF8336C2C?ssl=1&w=1600&resize=1600&ssl=1 1600w\" title=\"\" fifu-data-src=\"https:\/\/i0.wp.com\/cache.isend.com.br\/gallery\/BF5FEF4C12910D4F3C9627A64EC63E120292604AF8336C2C?ssl=1\" alt=\"\" width=\"610\" align=\"center\" border=\"0\" \/><\/div>\n<\/div>\n<\/td>\n<\/tr>\n<\/tbody>\n<\/table>\n<\/td>\n<\/tr>\n<\/tbody>\n<\/table>\n<table id=\"mce_15\" class=\"mce-content-body\" style=\"font-family: arial, helvetica, sans-serif; position: relative;\" role=\"presentation\" contenteditable=\"true\" spellcheck=\"false\" border=\"0\" width=\"100%\" cellspacing=\"0\" cellpadding=\"0\">\n<tbody>\n<tr>\n<td align=\"left\">\n<div>\n<p>A MRV, empresa do grupo MRV&amp;CO l\u00edder no mercado de habita\u00e7\u00f5es na Am\u00e9rica Latina, \u00e9 uma das grandes parceiras do programa Casa F\u00e1cil Paran\u00e1, iniciativa da Companhia de Habita\u00e7\u00e3o do Paran\u00e1 (Cohapar), apoiada pelo Governo do Estado, prefeituras e iniciativa privada, que objetiva reduzir a demanda por moradia no Estado.<\/p>&nbsp;&nbsp;\n<p>At\u00e9 dezembro de 2022, 2.344 unidades habitacionais da construtora haviam sido adquiridas por pessoas inscritas no programa. O aporte da Cohapar para viabilizar a aquisi\u00e7\u00e3o dessas unidades \u00e9 de mais de R$ 35 milh\u00f5es. At\u00e9 o ano passado, foram 22 empreendimentos da MRV habilitados pelo Casa F\u00e1cil. Os residenciais est\u00e3o distribu\u00eddos nas cidades de Arapongas, Arauc\u00e1ria, Curitiba, Camb\u00e9, Londrina, Maring\u00e1, Ponta Grossa e S\u00e3o Jos\u00e9 dos Pinhais. No per\u00edodo, a regi\u00e3o Norte do Paran\u00e1 concentrou 1.918 unidades e a regi\u00e3o Sul do Estado totalizou 510 im\u00f3veis subsidiados.<\/p>&nbsp;&nbsp;\n<p>Para 2023, j\u00e1 h\u00e1 dois empreendimentos da MRV habilitados no Casa F\u00e1cil Paran\u00e1. Trata-se do residencial Canto das Arauc\u00e1rias localizado em Curitiba e o residencial Camembert, em Arauc\u00e1ria. Em ambos os condom\u00ednios, a soma das unidades enquadradas no programa \u00e9 402.<\/p>&nbsp;&nbsp;\n<p>O diretor de Desenvolvimento Imobili\u00e1rio da MRV, Ricardo Polizzi, destaca que o Casa F\u00e1cil \u00e9 uma refer\u00eancia nacional em pol\u00edtica habitacional. &#8220;Al\u00e9m de incentivar quem mais precisa de moradia e ajudar as fam\u00edlias a darem a entrada na compra da casa pr\u00f3pria, o Casa F\u00e1cil permitiu que as opera\u00e7\u00f5es imobili\u00e1rias chegassem a mais cidades, por isso \u00e9 uma iniciativa efetiva e de muito sucesso. Esse \u00e9 um dos programas mais bem feitos do pa\u00eds&#8221;, elogia.<\/p>&nbsp;&nbsp;\n<p>Funcionamento<\/p>\n<p>Por meio do programa Casa F\u00e1cil Paran\u00e1, a Cohapar auxilia a aquisi\u00e7\u00e3o de casas para fam\u00edlias com renda de at\u00e9 3 (tr\u00eas) sal\u00e1rios m\u00ednimos por meio de um subs\u00eddio de R$ 15 mil, destinado para abatimento do valor de entrada de im\u00f3veis financiados pela Caixa Econ\u00f4mica por meio do programa Minha Casa Minha Vida. O benef\u00edcio \u00e9 concedido para empreendimentos habilitados pelas construtoras em um chamamento p\u00fablico da Cohapar, e todo o processo \u00e9 feito de forma digital.<\/p>&nbsp;&nbsp;\n<p>Segundo o Plano Estadual de Habita\u00e7\u00e3o de Interesse Social (PEHIS), realizado pela Cohapar e as prefeituras do Paran\u00e1, o d\u00e9ficit de moradia no Paran\u00e1 \u00e9 de 322 mil casas. 90% das fam\u00edlias que integram esse indicador t\u00eam renda de at\u00e9 tr\u00eas sal\u00e1rios m\u00ednimos. Al\u00e9m do investimento direto na habita\u00e7\u00e3o, o Casa F\u00e1cil Paran\u00e1 contribui para a gera\u00e7\u00e3o de empregos no setor da constru\u00e7\u00e3o civil.<\/p>&nbsp;&nbsp;\n<p>Desde que foi lan\u00e7ado pelo Governador Carlos Massa Ratinho Junior, o Programa j\u00e1 habilitou mais de 32 mil unidades em todo o Paran\u00e1, contribuindo para um investimento total de mais de R$ 8 bilh\u00f5es e gerando aproximadamente 100 mil empregos diretos e indiretos.<\/p>&nbsp;&nbsp;\n<p>Os aportes estaduais do programa somam-se a outros descontos e juros reduzidos do programa federal, al\u00e9m da possibilidade de uso do saldo do Fundo de Garantia do Tempo de Servi\u00e7o (FGTS) para abatimento do valor financiado. Interessados em se cadastrar no Casa F\u00e1cil Paran\u00e1 podem obter informa\u00e7\u00f5es em <a href=\"https:\/\/app.isend.com.br\/iSend\/external\/34DFF222809DA9334F38B7B8C51F9F9D32D10AA2E26B4A47D70B6306AB3EACBDF2123D03A3A9970E4C35528684EA594515E48651B7350EED20A166B3AD3ABBBCBA09617BE12E5071\" target=\"_blank\" rel=\"noopener\">https:\/\/www.cohapar.pr.gov.br<\/a>.<\/p>&nbsp;&nbsp;\n<p>&nbsp;<\/p>\n<\/div>\n<\/td>\n<\/tr>\n<\/tbody>\n<\/table>\n<table id=\"mce_16\" class=\"mce-content-body\" style=\"font-family: arial, helvetica, sans-serif; position: relative;\" role=\"presentation\" contenteditable=\"true\" spellcheck=\"false\" border=\"0\" width=\"100%\" cellspacing=\"0\" cellpadding=\"0\">\n<tbody>\n<tr>\n<td align=\"left\">\n<div>\n<p>Sobre a MRV<\/p>\n<p>Com mais de quatro d\u00e9cadas de mercado, a MRV acumula um hist\u00f3rico robusto de inova\u00e7\u00f5es para proporcionar experi\u00eancias diferenciadas para seus clientes, se posicionando na vanguarda da ind\u00fastria nacional. Seu processo de transforma\u00e7\u00e3o digital vem consolidando a companhia na chamada ind\u00fastria 4.0. Com foco principal no cliente, todo o investimento em inova\u00e7\u00e3o tem como finalidade proporcionar uma experi\u00eancia diferenciada para esse p\u00fablico que conta com uma base de mais de 500 mil fam\u00edlias. A MRV \u00e9 profunda conhecedora de seus consumidores, seus h\u00e1bitos de consumo e sa\u00fade financeira destas milhares de pessoas. Com foco na evolu\u00e7\u00e3o constante de seus processos, a MRV foi a primeira empresa de seu setor a desenvolver e colocar em funcionamento uma plataforma de vendas, que possibilita aos seus clientes realizarem todo o processo de compra de um im\u00f3vel digitalmente. Acesse e conhe\u00e7a mais sobre a MRV: <a href=\"http:\/\/www.mrv.com.br\">www.mrv.com.br<\/a><\/p>\n<\/div>\n<\/td>\n<\/tr>\n<\/tbody>\n<\/table>\n","protected":false},"excerpt":{"rendered":"<p>At\u00e9 o ano passado, a MRV habilitou 22 empreendimentos no programa Casa F\u00e1cil Paran\u00e1; Com&#8230;<\/p>\n","protected":false},"author":1,"featured_media":0,"comment_status":"closed","ping_status":"closed","sticky":false,"template":"","format":"standard","meta":{"fifu_image_url":"","fifu_image_alt":"","footnotes":""},"categories":[727],"tags":[],"class_list":["post-83001","post","type-post","status-publish","format-standard","hentry","category-noticias","wpcat-727-id"],"_links":{"self":[{"href":"https:\/\/verde-amarelo.net\/verdeamarelo\/wp-json\/wp\/v2\/posts\/83001","targetHints":{"allow":["GET"]}}],"collection":[{"href":"https:\/\/verde-amarelo.net\/verdeamarelo\/wp-json\/wp\/v2\/posts"}],"about":[{"href":"https:\/\/verde-amarelo.net\/verdeamarelo\/wp-json\/wp\/v2\/types\/post"}],"author":[{"embeddable":true,"href":"https:\/\/verde-amarelo.net\/verdeamarelo\/wp-json\/wp\/v2\/users\/1"}],"replies":[{"embeddable":true,"href":"https:\/\/verde-amarelo.net\/verdeamarelo\/wp-json\/wp\/v2\/comments?post=83001"}],"version-history":[{"count":0,"href":"https:\/\/verde-amarelo.net\/verdeamarelo\/wp-json\/wp\/v2\/posts\/83001\/revisions"}],"wp:attachment":[{"href":"https:\/\/verde-amarelo.net\/verdeamarelo\/wp-json\/wp\/v2\/media?parent=83001"}],"wp:term":[{"taxonomy":"category","embeddable":true,"href":"https:\/\/verde-amarelo.net\/verdeamarelo\/wp-json\/wp\/v2\/categories?post=83001"},{"taxonomy":"post_tag","embeddable":true,"href":"https:\/\/verde-amarelo.net\/verdeamarelo\/wp-json\/wp\/v2\/tags?post=83001"}],"curies":[{"name":"wp","href":"https:\/\/api.w.org\/{rel}","templated":true}]}}