{"id":83662,"date":"2023-04-29T14:00:11","date_gmt":"2023-04-29T17:00:11","guid":{"rendered":"https:\/\/www.highspeedbrazil.com.br\/?p=40365"},"modified":"2024-01-18T18:04:52","modified_gmt":"2024-01-18T21:04:52","slug":"nascar-brasil-felipinho-tozzo-desembarca-pela-primeira-vez-em-interlagos","status":"publish","type":"post","link":"https:\/\/verde-amarelo.net\/verdeamarelo\/2023\/04\/nascar-brasil-felipinho-tozzo-desembarca-pela-primeira-vez-em-interlagos\/","title":{"rendered":"Nascar Brasil: Felipinho Tozzo desembarca pela primeira vez em Interlagos"},"content":{"rendered":"<p><em>Chapecoense busca conhecimento e evolu\u00e7\u00e3o no templo do automobilismo brasileiro<\/em><\/p>\n<p><a href=\"https:\/\/i1.wp.com\/www.highspeedbrazil.com.br\/wp-content\/uploads\/2023\/04\/421598_1056297_au5z2067_web_.jpg?ssl=1\"><img src=\"data:image\/gif;base64,R0lGODlhAQABAIAAAAAAAP\/\/\/ywAAAAAAQABAAACAUwAOw==\" fifu-lazy=\"1\" fifu-data-sizes=\"auto\" fifu-data-srcset=\"https:\/\/i3.wp.com\/verde-amarelo.net\/verdeamarelo\/wp-content\/uploads\/2023\/04\/nascar-brasil-felipinho-tozzo-desembarca-pela-primeira-vez-em-interlagos.webp?ssl=1&w=75&resize=75&ssl=1 75w, https:\/\/i3.wp.com\/verde-amarelo.net\/verdeamarelo\/wp-content\/uploads\/2023\/04\/nascar-brasil-felipinho-tozzo-desembarca-pela-primeira-vez-em-interlagos.webp?ssl=1&w=100&resize=100&ssl=1 100w, https:\/\/i3.wp.com\/verde-amarelo.net\/verdeamarelo\/wp-content\/uploads\/2023\/04\/nascar-brasil-felipinho-tozzo-desembarca-pela-primeira-vez-em-interlagos.webp?ssl=1&w=150&resize=150&ssl=1 150w, https:\/\/i3.wp.com\/verde-amarelo.net\/verdeamarelo\/wp-content\/uploads\/2023\/04\/nascar-brasil-felipinho-tozzo-desembarca-pela-primeira-vez-em-interlagos.webp?ssl=1&w=240&resize=240&ssl=1 240w, https:\/\/i3.wp.com\/verde-amarelo.net\/verdeamarelo\/wp-content\/uploads\/2023\/04\/nascar-brasil-felipinho-tozzo-desembarca-pela-primeira-vez-em-interlagos.webp?ssl=1&w=320&resize=320&ssl=1 320w, https:\/\/i3.wp.com\/verde-amarelo.net\/verdeamarelo\/wp-content\/uploads\/2023\/04\/nascar-brasil-felipinho-tozzo-desembarca-pela-primeira-vez-em-interlagos.webp?ssl=1&w=500&resize=500&ssl=1 500w, https:\/\/i3.wp.com\/verde-amarelo.net\/verdeamarelo\/wp-content\/uploads\/2023\/04\/nascar-brasil-felipinho-tozzo-desembarca-pela-primeira-vez-em-interlagos.webp?ssl=1&w=640&resize=640&ssl=1 640w, https:\/\/i3.wp.com\/verde-amarelo.net\/verdeamarelo\/wp-content\/uploads\/2023\/04\/nascar-brasil-felipinho-tozzo-desembarca-pela-primeira-vez-em-interlagos.webp?ssl=1&w=800&resize=800&ssl=1 800w, https:\/\/i3.wp.com\/verde-amarelo.net\/verdeamarelo\/wp-content\/uploads\/2023\/04\/nascar-brasil-felipinho-tozzo-desembarca-pela-primeira-vez-em-interlagos.webp?ssl=1&w=1024&resize=1024&ssl=1 1024w, https:\/\/i3.wp.com\/verde-amarelo.net\/verdeamarelo\/wp-content\/uploads\/2023\/04\/nascar-brasil-felipinho-tozzo-desembarca-pela-primeira-vez-em-interlagos.webp?ssl=1&w=1280&resize=1280&ssl=1 1280w, https:\/\/i3.wp.com\/verde-amarelo.net\/verdeamarelo\/wp-content\/uploads\/2023\/04\/nascar-brasil-felipinho-tozzo-desembarca-pela-primeira-vez-em-interlagos.webp?ssl=1&w=1600&resize=1600&ssl=1 1600w\" decoding=\"async\" loading=\"lazy\" data-attachment-id=\"40366\" data-permalink=\"https:\/\/www.highspeedbrazil.com.br\/nascar-brasil-felipinho-tozzo-desembarca-pela-primeira-vez-em-interlagos\/421598_1056297_au5z2067_web_\/\" data-orig-file=\"https:\/\/i1.wp.com\/www.highspeedbrazil.com.br\/wp-content\/uploads\/2023\/04\/421598_1056297_au5z2067_web_.jpg?fit=600%2C400&ssl=1\" data-orig-size=\"600,400\" data-comments-opened=\"1\" data-image-meta=\"{\"aperture\":\"0\",\"credit\":\"\",\"camera\":\"\",\"caption\":\"\",\"created_timestamp\":\"0\",\"copyright\":\"\",\"focal_length\":\"0\",\"iso\":\"0\",\"shutter_speed\":\"0\",\"title\":\"\",\"orientation\":\"0\"}\" data-image-title=\"421598_1056297_au5z2067_web_\" data-image-description data-medium-file=\"https:\/\/i1.wp.com\/www.highspeedbrazil.com.br\/wp-content\/uploads\/2023\/04\/421598_1056297_au5z2067_web_.jpg?fit=300%2C200&ssl=1\" data-large-file=\"https:\/\/i1.wp.com\/www.highspeedbrazil.com.br\/wp-content\/uploads\/2023\/04\/421598_1056297_au5z2067_web_.jpg?fit=600%2C400&ssl=1\" class=\" wp-image-40366 alignleft jetpack-lazy-image\" fifu-data-src=\"https:\/\/i3.wp.com\/verde-amarelo.net\/verdeamarelo\/wp-content\/uploads\/2023\/04\/nascar-brasil-felipinho-tozzo-desembarca-pela-primeira-vez-em-interlagos.webp?ssl=1\" alt width=\"318\" height=\"212\" data-recalc-dims=\"1\" data-lazy-srcset=\"https:\/\/verde-amarelo.net\/verdeamarelo\/wp-content\/uploads\/2023\/04\/nascar-brasil-felipinho-tozzo-desembarca-pela-primeira-vez-em-interlagos-1.jpg 600w, https:\/\/verde-amarelo.net\/verdeamarelo\/wp-content\/uploads\/2023\/04\/nascar-brasil-felipinho-tozzo-desembarca-pela-primeira-vez-em-interlagos-2.jpg 300w\" data-lazy-sizes=\"(max-width: 318px) 100vw, 318px\" srcset=\"data:image\/gif;base64,R0lGODlhAQABAIAAAAAAAP\/\/\/yH5BAEAAAAALAAAAAABAAEAAAIBRAA7\"><\/a><\/p>\n<p><noscript><img src=\"data:image\/gif;base64,R0lGODlhAQABAIAAAAAAAP\/\/\/ywAAAAAAQABAAACAUwAOw==\" fifu-lazy=\"1\" fifu-data-sizes=\"auto\" fifu-data-srcset=\"https:\/\/i3.wp.com\/verde-amarelo.net\/verdeamarelo\/wp-content\/uploads\/2023\/04\/nascar-brasil-felipinho-tozzo-desembarca-pela-primeira-vez-em-interlagos.webp?ssl=1&w=75&resize=75&ssl=1 75w, https:\/\/i3.wp.com\/verde-amarelo.net\/verdeamarelo\/wp-content\/uploads\/2023\/04\/nascar-brasil-felipinho-tozzo-desembarca-pela-primeira-vez-em-interlagos.webp?ssl=1&w=100&resize=100&ssl=1 100w, https:\/\/i3.wp.com\/verde-amarelo.net\/verdeamarelo\/wp-content\/uploads\/2023\/04\/nascar-brasil-felipinho-tozzo-desembarca-pela-primeira-vez-em-interlagos.webp?ssl=1&w=150&resize=150&ssl=1 150w, https:\/\/i3.wp.com\/verde-amarelo.net\/verdeamarelo\/wp-content\/uploads\/2023\/04\/nascar-brasil-felipinho-tozzo-desembarca-pela-primeira-vez-em-interlagos.webp?ssl=1&w=240&resize=240&ssl=1 240w, https:\/\/i3.wp.com\/verde-amarelo.net\/verdeamarelo\/wp-content\/uploads\/2023\/04\/nascar-brasil-felipinho-tozzo-desembarca-pela-primeira-vez-em-interlagos.webp?ssl=1&w=320&resize=320&ssl=1 320w, https:\/\/i3.wp.com\/verde-amarelo.net\/verdeamarelo\/wp-content\/uploads\/2023\/04\/nascar-brasil-felipinho-tozzo-desembarca-pela-primeira-vez-em-interlagos.webp?ssl=1&w=500&resize=500&ssl=1 500w, https:\/\/i3.wp.com\/verde-amarelo.net\/verdeamarelo\/wp-content\/uploads\/2023\/04\/nascar-brasil-felipinho-tozzo-desembarca-pela-primeira-vez-em-interlagos.webp?ssl=1&w=640&resize=640&ssl=1 640w, https:\/\/i3.wp.com\/verde-amarelo.net\/verdeamarelo\/wp-content\/uploads\/2023\/04\/nascar-brasil-felipinho-tozzo-desembarca-pela-primeira-vez-em-interlagos.webp?ssl=1&w=800&resize=800&ssl=1 800w, https:\/\/i3.wp.com\/verde-amarelo.net\/verdeamarelo\/wp-content\/uploads\/2023\/04\/nascar-brasil-felipinho-tozzo-desembarca-pela-primeira-vez-em-interlagos.webp?ssl=1&w=1024&resize=1024&ssl=1 1024w, https:\/\/i3.wp.com\/verde-amarelo.net\/verdeamarelo\/wp-content\/uploads\/2023\/04\/nascar-brasil-felipinho-tozzo-desembarca-pela-primeira-vez-em-interlagos.webp?ssl=1&w=1280&resize=1280&ssl=1 1280w, https:\/\/i3.wp.com\/verde-amarelo.net\/verdeamarelo\/wp-content\/uploads\/2023\/04\/nascar-brasil-felipinho-tozzo-desembarca-pela-primeira-vez-em-interlagos.webp?ssl=1&w=1600&resize=1600&ssl=1 1600w\" decoding=\"async\" loading=\"lazy\" data-attachment-id=\"40366\" data-permalink=\"https:\/\/www.highspeedbrazil.com.br\/nascar-brasil-felipinho-tozzo-desembarca-pela-primeira-vez-em-interlagos\/421598_1056297_au5z2067_web_\/\" data-orig-file=\"https:\/\/i1.wp.com\/www.highspeedbrazil.com.br\/wp-content\/uploads\/2023\/04\/421598_1056297_au5z2067_web_.jpg?fit=600%2C400&ssl=1\" data-orig-size=\"600,400\" data-comments-opened=\"1\" data-image-meta=\"{\"aperture\":\"0\",\"credit\":\"\",\"camera\":\"\",\"caption\":\"\",\"created_timestamp\":\"0\",\"copyright\":\"\",\"focal_length\":\"0\",\"iso\":\"0\",\"shutter_speed\":\"0\",\"title\":\"\",\"orientation\":\"0\"}\" data-image-title=\"421598_1056297_au5z2067_web_\" data-image-description data-medium-file=\"https:\/\/i1.wp.com\/www.highspeedbrazil.com.br\/wp-content\/uploads\/2023\/04\/421598_1056297_au5z2067_web_.jpg?fit=300%2C200&ssl=1\" data-large-file=\"https:\/\/i1.wp.com\/www.highspeedbrazil.com.br\/wp-content\/uploads\/2023\/04\/421598_1056297_au5z2067_web_.jpg?fit=600%2C400&ssl=1\" class=\" wp-image-40366 alignleft\" fifu-data-src=\"https:\/\/i3.wp.com\/verde-amarelo.net\/verdeamarelo\/wp-content\/uploads\/2023\/04\/nascar-brasil-felipinho-tozzo-desembarca-pela-primeira-vez-em-interlagos.webp?ssl=1\" alt width=\"318\" height=\"212\" srcset=\"https:\/\/verde-amarelo.net\/verdeamarelo\/wp-content\/uploads\/2023\/04\/nascar-brasil-felipinho-tozzo-desembarca-pela-primeira-vez-em-interlagos-1.jpg 600w, https:\/\/verde-amarelo.net\/verdeamarelo\/wp-content\/uploads\/2023\/04\/nascar-brasil-felipinho-tozzo-desembarca-pela-primeira-vez-em-interlagos-2.jpg 300w\" sizes=\"auto, (max-width: 318px) 100vw, 318px\" data-recalc-dims=\"1\"><\/noscript>A Nascar Brasil far\u00e1 sua segunda etapa do calend\u00e1rio 2023 neste final de semana em Interlagos. Felipinho Tozzo estar\u00e1 mais uma vez disputando ao lado de Jo\u00e3o Bortoluzzi pela categoria PROAM.<\/p>&nbsp;&nbsp;\n<p>Filho de peixe, peixinho \u00e9, isso mesmo, Felipinho Tozzo segue os passos do Paiz\u00e3o Felipe Tozzo e realiza sonho neste final de semana, afinal, ele vai escrever seu nome em Interlagos a bordo do Camaro 57 da Nascar Brasil.<\/p>&nbsp;&nbsp;\n<p>Felipinho est\u00e1 confiante para fazer bons treinos e buscar o primeiro p\u00f3dio\u2026 \u201cA minha expectativa para essa etapa \u00e9 bem grande, desde Goi\u00e2nia aumentei o foco e os treinos f\u00edsicos e de simulador. J\u00e1 andei em Interlagos neste carro e tive bons resultados, com certeza isso faz a diferen\u00e7a no que se diz respeito a buscar o nosso melhor. Vamos trabalhar para ter a evolu\u00e7\u00e3o necess\u00e1ria e colher resultados positivos\u201d, finalizou Felipinho com o patroc\u00ednio Konkreta Foods, Openz, Limpanno, GranSuites Family Resort, Raumak, Atacad\u00e3o Pneus, GYM House Academia, Nova Turismo, Nuctramix, Patrimonial, Toj\u00f4 e Unochapec\u00f3.<\/p>&nbsp;&nbsp;\n<p>Os hor\u00e1rios do final de semana ser\u00e3o divididos em dois shakedown e um treino extra na sexta-feira (28). No s\u00e1bado (29) ocorrem dois treinos livres e duas qualifica\u00e7\u00f5es (YouTube Nascar Brasil). As corridas acontecer\u00e3o no domingo (30) \u00e0s 8h35 e \u00e0s 11h50. A transmiss\u00e3o completa ser\u00e1 pelos canais digitais da Nascar Brasil, Motorsport.com, portal HighSpeed e a corrida 02 na Band Sports.<\/p>&nbsp;&nbsp;\n<p><strong>DRAX SPORTS<br \/><\/strong>Fotos: Vanderley Soares<\/p>\n<div class=\"sharedaddy sd-sharing-enabled\">\n<div class=\"robots-nocontent sd-block sd-social sd-social-icon sd-sharing\">\n<h3 class=\"sd-title\">Compartilhe isso:<\/h3>\n<\/div>\n<\/div>\n<p> Cr\u00e9ditos: High Speed Brazil<\/p>\n","protected":false},"excerpt":{"rendered":"<p>Chapecoense busca conhecimento e evolu\u00e7\u00e3o no templo do automobilismo brasileiro A Nascar Brasil far\u00e1 sua&#8230;<\/p>\n","protected":false},"author":1,"featured_media":83663,"comment_status":"closed","ping_status":"closed","sticky":false,"template":"","format":"standard","meta":{"fifu_image_url":"","fifu_image_alt":"","footnotes":""},"categories":[8428,7488,7492,727,8425],"tags":[7738,1919,6029,6347,4898,1874,735,4437,7666,2989,4355,1817,297,7000,75,1471,8545,3824,3897,3657,2457,1735,4273,6585,6068,8405,3555,1780,3754,2456,6367,3476,8242,859,6948,8426,1613],"class_list":["post-83662","post","type-post","status-publish","format-standard","has-post-thumbnail","hentry","category-automobilismo","category-destaques","category-esportes","category-noticias","category-verde-amarelo","tag-7738","tag-atacadao","tag-automobilismo","tag-automobilismo-brasileiro","tag-band","tag-bem","tag-brasil","tag-brasileiro","tag-calendario","tag-canais","tag-canais-digitais","tag-carro","tag-categoria","tag-chapecoense","tag-conhecimento","tag-corrida","tag-creditos","tag-digitais","tag-e","tag-esportes","tag-expectativa","tag-extra","tag-feira","tag-goiania","tag-interlagos","tag-nascar","tag-nova","tag-patrocinio","tag-peixe","tag-resultados","tag-segunda-etapa","tag-transmissao","tag-treino","tag-turismo","tag-vamos","tag-verde-amarelo","tag-youtube","wpcat-8428-id","wpcat-7488-id","wpcat-7492-id","wpcat-727-id","wpcat-8425-id"],"_links":{"self":[{"href":"https:\/\/verde-amarelo.net\/verdeamarelo\/wp-json\/wp\/v2\/posts\/83662","targetHints":{"allow":["GET"]}}],"collection":[{"href":"https:\/\/verde-amarelo.net\/verdeamarelo\/wp-json\/wp\/v2\/posts"}],"about":[{"href":"https:\/\/verde-amarelo.net\/verdeamarelo\/wp-json\/wp\/v2\/types\/post"}],"author":[{"embeddable":true,"href":"https:\/\/verde-amarelo.net\/verdeamarelo\/wp-json\/wp\/v2\/users\/1"}],"replies":[{"embeddable":true,"href":"https:\/\/verde-amarelo.net\/verdeamarelo\/wp-json\/wp\/v2\/comments?post=83662"}],"version-history":[{"count":0,"href":"https:\/\/verde-amarelo.net\/verdeamarelo\/wp-json\/wp\/v2\/posts\/83662\/revisions"}],"wp:featuredmedia":[{"embeddable":true,"href":"https:\/\/verde-amarelo.net\/verdeamarelo\/wp-json\/wp\/v2\/media\/83663"}],"wp:attachment":[{"href":"https:\/\/verde-amarelo.net\/verdeamarelo\/wp-json\/wp\/v2\/media?parent=83662"}],"wp:term":[{"taxonomy":"category","embeddable":true,"href":"https:\/\/verde-amarelo.net\/verdeamarelo\/wp-json\/wp\/v2\/categories?post=83662"},{"taxonomy":"post_tag","embeddable":true,"href":"https:\/\/verde-amarelo.net\/verdeamarelo\/wp-json\/wp\/v2\/tags?post=83662"}],"curies":[{"name":"wp","href":"https:\/\/api.w.org\/{rel}","templated":true}]}}