{"id":83796,"date":"2023-05-01T19:43:15","date_gmt":"2023-05-01T22:43:15","guid":{"rendered":"https:\/\/www.highspeedbrazil.com.br\/?p=40457"},"modified":"2024-01-18T18:16:53","modified_gmt":"2024-01-18T21:16:53","slug":"copa-truck-monteiro-e-zini-vencem-corridas-agitadas-em-interlagos","status":"publish","type":"post","link":"https:\/\/verde-amarelo.net\/verdeamarelo\/2023\/05\/copa-truck-monteiro-e-zini-vencem-corridas-agitadas-em-interlagos\/","title":{"rendered":"Copa Truck: Monteiro e Zini vencem corridas agitadas em Interlagos"},"content":{"rendered":"<p><em>Segunda etapa da temporada viu disputas intensas, toques, batidas e puni\u00e7\u00f5es. Jaidzon Zini segue l\u00edder do campeonato<\/em><\/p>\n<p><a href=\"https:\/\/i1.wp.com\/www.highspeedbrazil.com.br\/wp-content\/uploads\/2023\/05\/421751_1056823_sAGBPopaulo_interlagos_rafacatelan_8593.jpg?ssl=1\"><img src=\"data:image\/gif;base64,R0lGODlhAQABAIAAAAAAAP\/\/\/ywAAAAAAQABAAACAUwAOw==\" fifu-lazy=\"1\" fifu-data-sizes=\"auto\" fifu-data-srcset=\"https:\/\/i2.wp.com\/verde-amarelo.net\/verdeamarelo\/wp-content\/uploads\/2023\/05\/copa-truck-monteiro-e-zini-vencem-corridas-agitadas-em-interlagos.webp?ssl=1&w=75&resize=75&ssl=1 75w, https:\/\/i2.wp.com\/verde-amarelo.net\/verdeamarelo\/wp-content\/uploads\/2023\/05\/copa-truck-monteiro-e-zini-vencem-corridas-agitadas-em-interlagos.webp?ssl=1&w=100&resize=100&ssl=1 100w, https:\/\/i2.wp.com\/verde-amarelo.net\/verdeamarelo\/wp-content\/uploads\/2023\/05\/copa-truck-monteiro-e-zini-vencem-corridas-agitadas-em-interlagos.webp?ssl=1&w=150&resize=150&ssl=1 150w, https:\/\/i2.wp.com\/verde-amarelo.net\/verdeamarelo\/wp-content\/uploads\/2023\/05\/copa-truck-monteiro-e-zini-vencem-corridas-agitadas-em-interlagos.webp?ssl=1&w=240&resize=240&ssl=1 240w, https:\/\/i2.wp.com\/verde-amarelo.net\/verdeamarelo\/wp-content\/uploads\/2023\/05\/copa-truck-monteiro-e-zini-vencem-corridas-agitadas-em-interlagos.webp?ssl=1&w=320&resize=320&ssl=1 320w, https:\/\/i2.wp.com\/verde-amarelo.net\/verdeamarelo\/wp-content\/uploads\/2023\/05\/copa-truck-monteiro-e-zini-vencem-corridas-agitadas-em-interlagos.webp?ssl=1&w=500&resize=500&ssl=1 500w, https:\/\/i2.wp.com\/verde-amarelo.net\/verdeamarelo\/wp-content\/uploads\/2023\/05\/copa-truck-monteiro-e-zini-vencem-corridas-agitadas-em-interlagos.webp?ssl=1&w=640&resize=640&ssl=1 640w, https:\/\/i2.wp.com\/verde-amarelo.net\/verdeamarelo\/wp-content\/uploads\/2023\/05\/copa-truck-monteiro-e-zini-vencem-corridas-agitadas-em-interlagos.webp?ssl=1&w=800&resize=800&ssl=1 800w, https:\/\/i2.wp.com\/verde-amarelo.net\/verdeamarelo\/wp-content\/uploads\/2023\/05\/copa-truck-monteiro-e-zini-vencem-corridas-agitadas-em-interlagos.webp?ssl=1&w=1024&resize=1024&ssl=1 1024w, https:\/\/i2.wp.com\/verde-amarelo.net\/verdeamarelo\/wp-content\/uploads\/2023\/05\/copa-truck-monteiro-e-zini-vencem-corridas-agitadas-em-interlagos.webp?ssl=1&w=1280&resize=1280&ssl=1 1280w, https:\/\/i2.wp.com\/verde-amarelo.net\/verdeamarelo\/wp-content\/uploads\/2023\/05\/copa-truck-monteiro-e-zini-vencem-corridas-agitadas-em-interlagos.webp?ssl=1&w=1600&resize=1600&ssl=1 1600w\" decoding=\"async\" loading=\"lazy\" data-attachment-id=\"40458\" data-permalink=\"https:\/\/www.highspeedbrazil.com.br\/copa-truck-monteiro-e-zini-vencem-corridas-agitadas-em-interlagos\/421751_1056823_sagbpopaulo_interlagos_rafacatelan_8593\/\" data-orig-file=\"https:\/\/i1.wp.com\/www.highspeedbrazil.com.br\/wp-content\/uploads\/2023\/05\/421751_1056823_sAGBPopaulo_interlagos_rafacatelan_8593.jpg?fit=4417%2C2939&ssl=1\" data-orig-size=\"4417,2939\" data-comments-opened=\"1\" data-image-meta=\"{\"aperture\":\"0\",\"credit\":\"\",\"camera\":\"\",\"caption\":\"\",\"created_timestamp\":\"0\",\"copyright\":\"\",\"focal_length\":\"0\",\"iso\":\"0\",\"shutter_speed\":\"0\",\"title\":\"\",\"orientation\":\"0\"}\" data-image-title=\"421751_1056823_sAGBPopaulo_interlagos_rafacatelan_8593\" data-image-description data-medium-file=\"https:\/\/i1.wp.com\/www.highspeedbrazil.com.br\/wp-content\/uploads\/2023\/05\/421751_1056823_sAGBPopaulo_interlagos_rafacatelan_8593.jpg?fit=300%2C200&ssl=1\" data-large-file=\"https:\/\/i1.wp.com\/www.highspeedbrazil.com.br\/wp-content\/uploads\/2023\/05\/421751_1056823_sAGBPopaulo_interlagos_rafacatelan_8593.jpg?fit=620%2C412&ssl=1\" class=\" wp-image-40458 alignleft jetpack-lazy-image\" fifu-data-src=\"https:\/\/i2.wp.com\/verde-amarelo.net\/verdeamarelo\/wp-content\/uploads\/2023\/05\/copa-truck-monteiro-e-zini-vencem-corridas-agitadas-em-interlagos.webp?ssl=1\" alt width=\"314\" height=\"209\" data-recalc-dims=\"1\" data-lazy-srcset=\"https:\/\/verde-amarelo.net\/verdeamarelo\/wp-content\/uploads\/2023\/05\/copa-truck-monteiro-e-zini-vencem-corridas-agitadas-em-interlagos-1.jpg 4417w, https:\/\/verde-amarelo.net\/verdeamarelo\/wp-content\/uploads\/2023\/05\/copa-truck-monteiro-e-zini-vencem-corridas-agitadas-em-interlagos-2.jpg 300w, https:\/\/verde-amarelo.net\/verdeamarelo\/wp-content\/uploads\/2023\/05\/copa-truck-monteiro-e-zini-vencem-corridas-agitadas-em-interlagos-3.jpg 768w, https:\/\/verde-amarelo.net\/verdeamarelo\/wp-content\/uploads\/2023\/05\/copa-truck-monteiro-e-zini-vencem-corridas-agitadas-em-interlagos-4.jpg 1024w, https:\/\/verde-amarelo.net\/verdeamarelo\/wp-content\/uploads\/2023\/05\/copa-truck-monteiro-e-zini-vencem-corridas-agitadas-em-interlagos-5.jpg 1240w, https:\/\/verde-amarelo.net\/verdeamarelo\/wp-content\/uploads\/2023\/05\/copa-truck-monteiro-e-zini-vencem-corridas-agitadas-em-interlagos-6.jpg 1860w\" data-lazy-sizes=\"(max-width: 314px) 100vw, 314px\" srcset=\"data:image\/gif;base64,R0lGODlhAQABAIAAAAAAAP\/\/\/yH5BAEAAAAALAAAAAABAAEAAAIBRAA7\"><\/a><\/p>\n<p><noscript><img src=\"data:image\/gif;base64,R0lGODlhAQABAIAAAAAAAP\/\/\/ywAAAAAAQABAAACAUwAOw==\" fifu-lazy=\"1\" fifu-data-sizes=\"auto\" fifu-data-srcset=\"https:\/\/i2.wp.com\/verde-amarelo.net\/verdeamarelo\/wp-content\/uploads\/2023\/05\/copa-truck-monteiro-e-zini-vencem-corridas-agitadas-em-interlagos.webp?ssl=1&w=75&resize=75&ssl=1 75w, https:\/\/i2.wp.com\/verde-amarelo.net\/verdeamarelo\/wp-content\/uploads\/2023\/05\/copa-truck-monteiro-e-zini-vencem-corridas-agitadas-em-interlagos.webp?ssl=1&w=100&resize=100&ssl=1 100w, https:\/\/i2.wp.com\/verde-amarelo.net\/verdeamarelo\/wp-content\/uploads\/2023\/05\/copa-truck-monteiro-e-zini-vencem-corridas-agitadas-em-interlagos.webp?ssl=1&w=150&resize=150&ssl=1 150w, https:\/\/i2.wp.com\/verde-amarelo.net\/verdeamarelo\/wp-content\/uploads\/2023\/05\/copa-truck-monteiro-e-zini-vencem-corridas-agitadas-em-interlagos.webp?ssl=1&w=240&resize=240&ssl=1 240w, https:\/\/i2.wp.com\/verde-amarelo.net\/verdeamarelo\/wp-content\/uploads\/2023\/05\/copa-truck-monteiro-e-zini-vencem-corridas-agitadas-em-interlagos.webp?ssl=1&w=320&resize=320&ssl=1 320w, https:\/\/i2.wp.com\/verde-amarelo.net\/verdeamarelo\/wp-content\/uploads\/2023\/05\/copa-truck-monteiro-e-zini-vencem-corridas-agitadas-em-interlagos.webp?ssl=1&w=500&resize=500&ssl=1 500w, https:\/\/i2.wp.com\/verde-amarelo.net\/verdeamarelo\/wp-content\/uploads\/2023\/05\/copa-truck-monteiro-e-zini-vencem-corridas-agitadas-em-interlagos.webp?ssl=1&w=640&resize=640&ssl=1 640w, https:\/\/i2.wp.com\/verde-amarelo.net\/verdeamarelo\/wp-content\/uploads\/2023\/05\/copa-truck-monteiro-e-zini-vencem-corridas-agitadas-em-interlagos.webp?ssl=1&w=800&resize=800&ssl=1 800w, https:\/\/i2.wp.com\/verde-amarelo.net\/verdeamarelo\/wp-content\/uploads\/2023\/05\/copa-truck-monteiro-e-zini-vencem-corridas-agitadas-em-interlagos.webp?ssl=1&w=1024&resize=1024&ssl=1 1024w, https:\/\/i2.wp.com\/verde-amarelo.net\/verdeamarelo\/wp-content\/uploads\/2023\/05\/copa-truck-monteiro-e-zini-vencem-corridas-agitadas-em-interlagos.webp?ssl=1&w=1280&resize=1280&ssl=1 1280w, https:\/\/i2.wp.com\/verde-amarelo.net\/verdeamarelo\/wp-content\/uploads\/2023\/05\/copa-truck-monteiro-e-zini-vencem-corridas-agitadas-em-interlagos.webp?ssl=1&w=1600&resize=1600&ssl=1 1600w\" decoding=\"async\" loading=\"lazy\" data-attachment-id=\"40458\" data-permalink=\"https:\/\/www.highspeedbrazil.com.br\/copa-truck-monteiro-e-zini-vencem-corridas-agitadas-em-interlagos\/421751_1056823_sagbpopaulo_interlagos_rafacatelan_8593\/\" data-orig-file=\"https:\/\/i1.wp.com\/www.highspeedbrazil.com.br\/wp-content\/uploads\/2023\/05\/421751_1056823_sAGBPopaulo_interlagos_rafacatelan_8593.jpg?fit=4417%2C2939&ssl=1\" data-orig-size=\"4417,2939\" data-comments-opened=\"1\" data-image-meta=\"{\"aperture\":\"0\",\"credit\":\"\",\"camera\":\"\",\"caption\":\"\",\"created_timestamp\":\"0\",\"copyright\":\"\",\"focal_length\":\"0\",\"iso\":\"0\",\"shutter_speed\":\"0\",\"title\":\"\",\"orientation\":\"0\"}\" data-image-title=\"421751_1056823_sAGBPopaulo_interlagos_rafacatelan_8593\" data-image-description data-medium-file=\"https:\/\/i1.wp.com\/www.highspeedbrazil.com.br\/wp-content\/uploads\/2023\/05\/421751_1056823_sAGBPopaulo_interlagos_rafacatelan_8593.jpg?fit=300%2C200&ssl=1\" data-large-file=\"https:\/\/i1.wp.com\/www.highspeedbrazil.com.br\/wp-content\/uploads\/2023\/05\/421751_1056823_sAGBPopaulo_interlagos_rafacatelan_8593.jpg?fit=620%2C412&ssl=1\" class=\" wp-image-40458 alignleft\" fifu-data-src=\"https:\/\/i2.wp.com\/verde-amarelo.net\/verdeamarelo\/wp-content\/uploads\/2023\/05\/copa-truck-monteiro-e-zini-vencem-corridas-agitadas-em-interlagos.webp?ssl=1\" alt width=\"314\" height=\"209\" srcset=\"https:\/\/verde-amarelo.net\/verdeamarelo\/wp-content\/uploads\/2023\/05\/copa-truck-monteiro-e-zini-vencem-corridas-agitadas-em-interlagos-1.jpg 4417w, https:\/\/verde-amarelo.net\/verdeamarelo\/wp-content\/uploads\/2023\/05\/copa-truck-monteiro-e-zini-vencem-corridas-agitadas-em-interlagos-2.jpg 300w, https:\/\/verde-amarelo.net\/verdeamarelo\/wp-content\/uploads\/2023\/05\/copa-truck-monteiro-e-zini-vencem-corridas-agitadas-em-interlagos-3.jpg 768w, https:\/\/verde-amarelo.net\/verdeamarelo\/wp-content\/uploads\/2023\/05\/copa-truck-monteiro-e-zini-vencem-corridas-agitadas-em-interlagos-4.jpg 1024w, https:\/\/verde-amarelo.net\/verdeamarelo\/wp-content\/uploads\/2023\/05\/copa-truck-monteiro-e-zini-vencem-corridas-agitadas-em-interlagos-5.jpg 1240w, https:\/\/verde-amarelo.net\/verdeamarelo\/wp-content\/uploads\/2023\/05\/copa-truck-monteiro-e-zini-vencem-corridas-agitadas-em-interlagos-6.jpg 1860w\" sizes=\"auto, (max-width: 314px) 100vw, 314px\" data-recalc-dims=\"1\"><\/noscript>A Copa Truck teve uma segunda etapa das mais acirradas neste domingo (30) no Aut\u00f3dromo de Interlagos, em S\u00e3o Paulo (SP). O segundo encontro de 2023 teve 25 graus de temperatura ambiente e 38,8 graus no asfalto, segundo aferi\u00e7\u00f5es da Fras-le, fornecedora oficial das pastilhas de freio da categoria. Nas disputas, a temperatura foi bem mais alta. Beto Monteiro e Jaidson Zini foram os vencedores do dia na segunda etapa.<\/p>&nbsp;&nbsp;\n<p>A vit\u00f3ria na primeira corrida foi de Beto Monteiro, que tomou a lideran\u00e7a do pole position Raphael Abbate j\u00e1 no final da segunda volta. O pernambucano da Volkswagen terminou a segunda prova em oitavo comemorando os pontos, mas tamb\u00e9m reclamando da postura de alguns concorrentes.<\/p>&nbsp;&nbsp;\n<p>\u201c(A vit\u00f3ria) \u00c9 importante para a pontua\u00e7\u00e3o no campeonato. Mas o problema tem sido as corridas 2. O pessoal sai na loucura: tem dois pilotos a\u00ed que a CBA precisa ver a situa\u00e7\u00e3o e come\u00e7ar a punir, porque \u00e9 muita pancadaria sem necessidade. De novo, importante pelos pontos. Fico muito feliz em vencer mais uma vez em Interlagos, sair pontuando bem e vamos para a pr\u00f3xima\u201d, disse Monteiro sem citar nomes.&nbsp;Ele segue vice-l\u00edder a dois pontos de Jaidson Zini.<\/p>&nbsp;&nbsp;\n<p>Felipe Giaffone e Paulo Salustiano completaram o p\u00f3dio da primeira corrida. Abbate, Adalberto Jardim, Zini, Andr\u00e9 Marques e D\u00e9bora Rodrigues formaram o grupo de oito pilotos que fizeram a invers\u00e3o din\u00e2mica para o grid da corrida 2.<\/p>&nbsp;&nbsp;\n<p>Esta sim, bastante disputada. Cheia de toques, batidas e de puni\u00e7\u00e3o ap\u00f3s a bandeirada. Os pilotos usaram tudo de seus caminh\u00f5es, e na pista que mais exige dos freios em toda a temporada, a Fras-le monitorou de perto o comportamento das pastilhas de freio.<\/p>&nbsp;&nbsp;\n<p>\u201cEm fun\u00e7\u00e3o da grande demanda do sistema de freios em Interlagos, mantivemos nossa engenharia atenta ao longo de toda a prova, monitorando a temperatura dos ve\u00edculos. Essa \u00e9 uma etapa chave do calend\u00e1rio e toda a informa\u00e7\u00e3o \u00e9 extremamente importante, por isso, estamos sempre junto \u00e0s equipes para extrair ao m\u00e1ximo informa\u00e7\u00f5es sobre o comportamento do nosso material, avaliando principalmente o n\u00edvel de desgaste do material ao fim de cada etapa\u201d, destacou Roger Lusa dos Santos, engenheiro de aplica\u00e7\u00e3o da Fras-le, fornecedora oficial das pastilhas de freio da Copa Truck.<\/p>&nbsp;&nbsp;\n<p>A segunda prova teve Zini tomando a lideran\u00e7a de D\u00e9bora logo no in\u00edcio, trazendo Andr\u00e9 Marques em seu encal\u00e7o. Marques concretizou a ultrapassagem sobre o concorrente da Mercedes; entretanto, na vis\u00e3o dos comiss\u00e1rios, o fez usando tra\u00e7ado n\u00e3o-oficial. Ele cruzou a linha de chegada em primeiro, mas horas depois da bandeirada, o piloto da R9 foi punido com o acr\u00e9scimo de cinco segundos a seu tempo de prova, fazendo-o cair para o terceiro posto. Assim, oficialmente a vit\u00f3ria na corrida 2 ficou com Jaidson Zini.<\/p>&nbsp;&nbsp;\n<p>\u201cMais uma vez fizemos um trabalho excepcional. Nosso ritmo n\u00e3o nos permitiu brigar pela vit\u00f3ria na primeira corrida, ent\u00e3o passamos a direcionar o foco para a segunda pensando nos pontos do campeonato. A vit\u00f3ria veio com a penaliza\u00e7\u00e3o do Andr\u00e9, e vamos continuar fazendo um bom trabalho olhando agora para Londrina\u201d, afirmou o piloto da ASG Motorsport, dono de duas vit\u00f3rias no ano. Roberval Andrade e Marques completaram o p\u00f3dio, com D\u00e9bora Rodrigues, Raphael Abbate, Danilo Dirani, Beto Monteiro e Felipe Giaffone fechando os oito primeiros colocados.<\/p>&nbsp;&nbsp;\n<p>O paranaense, assim, mant\u00e9m a lideran\u00e7a do campeonato, agora dois pontos \u00e0 frente de Monteiro: 65 pontos a 63 sobre Beto. Giaffone \u00e9 o terceiro com 55, um ponto \u00e0 frente de Andr\u00e9 Marques.&nbsp;O pr\u00f3ximo encontro da Copa Truck ser\u00e1 com rodada dupla: Londrina (PR) recebe a terceira e quarta etapas do ano, nos dias 3 e 4 de junho.<\/p>&nbsp;&nbsp;\n<p>A Fras-le segue pelo terceiro ano consecutivo como fornecedora oficial e exclusiva das pastilhas de freio da Copa Truck. A empresa \u00e9 a maior fabricante de materiais de fric\u00e7\u00e3o da Am\u00e9rica Latina e uma das l\u00edderes mundiais no segmento. A empresa, fundada em 1954 em Caxias do Sul (RS), oferece produtos de qualidade e foco na seguran\u00e7a e no controle de movimentos nas ruas, estradas, pistas de pouso, trilhos e tamb\u00e9m pelos aut\u00f3dromos do pa\u00eds por meio do fornecimento oficial e exclusivo de pastilhas de freio \u00e0 Copa Truck e tamb\u00e9m \u00e0 Stock Car.<\/p>&nbsp;&nbsp;\n<p><strong>Resultado Corrida 1 (Top-10)<\/strong><br \/>1. 88 Beto Monteiro (VW\/R9 Competi\u00e7\u00f5es)<br \/>2. 4 Felipe Giaffone (VW\/R9 Competi\u00e7\u00f5es)<br \/>3. 55. Paulo Salustiano (VW\/R9 Odapel Racing)<br \/>4. 26 Raphael Abbate (MB\/ASG Motorsport)<br \/>5. 5 Adalberto Jardim (MB\/J5 EcoSports)<br \/>6. 25 Jaidson Zini (MB\/ASG Motorsport)<br \/>7. 77 Andr\u00e9 Marques (VW\/R9 Competi\u00e7\u00f5es)<br \/>8. 7 D\u00e9bora Rodrigues (VW\/R9 Competi\u00e7\u00f5es)<br \/>9. 57 Felipe Tozzo (IVE\/Dakar Motorsport)*<br \/>10. 23 Victor&nbsp; Franzoni (MB\/Tiger Team)<\/p>\n<p><strong>Resultado Corrida 2 (Top-10)<br \/><\/strong>1. 25 Jaidson Zini (MB\/ASG Motorsport)<br \/>2. 15 Roberval Andrade (MB\/ASG Motorsport)<br \/>3. 77 Andr\u00e9 Marques (VW\/R9 Competi\u00e7\u00f5es)<br \/>4. 7 D\u00e9bora Rodrigues (WV\/R9 Competi\u00e7\u00f5es)<br \/>5. 26 Raphael Abbate (MB\/ASG Motorsport)<br \/>6. 28 Danilo Dirani (IVE\/Usual Racing)<br \/>7. 88 Beto Monteiro (VW\/R9 Competi\u00e7\u00f5es)<br \/>8. 4 Felipe Giaffone (VW\/G9 Competi\u00e7\u00f5es)<br \/>9. 0 Danilo Alamini (VW\/R9 Competi\u00e7\u00f5es<br \/>10. 5 Adalberto Jardim (MB\/J5 EcoSports)<br \/><em>MB (Mercedes-Benz)<br \/>IVE (Iveco)<br \/>VW (Volkswagen)<\/em><\/p>\n<p><strong>Top-10 do Campeonato (Copa Truck classe PRO)<br \/><\/strong>1. Jaidson Zini \u2013 65 pontos<br \/>2. Beto Monteiro \u2013 63<br \/>3. Felipe Giaffone \u2013 55<br \/>4. Andr\u00e9 Marques \u2013 54<br \/>5. D\u00e9bora Rodrigues \u2013 50<br \/>6. Raphael Abbate \u2013 49<br \/>7. Roberval Andrade \u2013 36<br \/>8. Victor Franzoni \u2013 36<br \/>9. Adalberto Jardim \u2013 34<br \/>10. Paulo Salustiano \u2013 33<br \/><strong><\/strong><\/p>\n<p>Sobre a FRAS-LE:<\/p>\n<p><em>A Fras-le destaca-se por ser um powerhouse de reposi\u00e7\u00e3o em autope\u00e7as, reunindo produtos de alta qualidade e marcas reconhecidas pelo mercado em seu portf\u00f3lio. Al\u00e9m disso, \u00e9 uma das maiores fabricantes mundiais de material de fric\u00e7\u00e3o, atendendo os segmentos de montadoras e reposi\u00e7\u00e3o. A companhia desenvolve, produz e comercializa produtos para autom\u00f3veis, motos, ve\u00edculos pesados, avia\u00e7\u00e3o e tamb\u00e9m para as linhas ferrovi\u00e1ria e industrial. Com unidades nos Estados Unidos, China, Argentina, Uruguai e \u00cdndia, possui 11 plantas industriais, seis centros de distribui\u00e7\u00e3o, quatro escrit\u00f3rios comerciais, dois centros de tecnologia e desenvolvimento e uma equipe capacitada para atender os clientes em mais de 125 pa\u00edses nos cinco continentes, oferecendo mais de 14 mil refer\u00eancias em solu\u00e7\u00f5es em autope\u00e7as. Desde 1996 a Fras-le \u00e9 controlada pelas Empresas Randon.<\/em><\/p>\n<p><em>A empresa \u00e9 l\u00edder no mercado de reposi\u00e7\u00e3o e coloca ao alcance do consumidor produtos com a qualidade da pe\u00e7a original, por meio das marcas Fras-le, Lonaflex, Fremax, Controil e Nakata.&nbsp;<\/em><em>Desde 2016, a Fras-le \u00e9 a fornecedora oficial das pastilhas de freio dos carros da Stock&nbsp;<\/em><em>Car, Stock Ligh<\/em><em>t<\/em><em>&nbsp;e Mercedes-Benz Challenge.&nbsp;&nbsp;A F<\/em><em>remax, desde 2004,<\/em><em>&nbsp;tamb\u00e9m \u00e9 a fornecedora oficial&nbsp;<\/em><em>dos discos de freio da Stock Car Pro Series e de sua categoria de acesso, a Stock Series,&nbsp; assim como da<\/em><em>&nbsp;Porsche Cup<\/em><em>&nbsp;Brasil<\/em><em>&nbsp;e&nbsp;<\/em><em>GT Sprint Race.<\/em><em><\/em><\/p>\n<p><strong><u>FRAS-LE<br \/><\/u><\/strong>Site:&nbsp;<a href=\"https:\/\/click.presskit.com.br\/url\/939015b859\/60386107700\" target=\"_blank\" rel=\"nofollow noopener noreferrer\">www.fras-le.com<\/a><br \/>Facebook: @FrasleOficial<br \/>Instagram: @frasleoficial<\/p>\n<p><strong>Foto:&nbsp;Rafa Catelan\/P1 Media Relations<br \/><\/strong>Por: Cleber Bernuci \u2013 P1 Media Relations<\/p>\n<div class=\"sharedaddy sd-sharing-enabled\">\n<div class=\"robots-nocontent sd-block sd-social sd-social-icon sd-sharing\">\n<h3 class=\"sd-title\">Compartilhe isso:<\/h3>\n<\/div>\n<\/div>\n<p> Cr\u00e9ditos: High Speed Brazil<\/p>\n","protected":false},"excerpt":{"rendered":"<p>Segunda etapa da temporada viu disputas intensas, toques, batidas e puni\u00e7\u00f5es. Jaidzon Zini segue l\u00edder&#8230;<\/p>\n","protected":false},"author":1,"featured_media":83797,"comment_status":"closed","ping_status":"closed","sticky":false,"template":"","format":"standard","meta":{"fifu_image_url":"","fifu_image_alt":"","footnotes":""},"categories":[8428,7488,7492,727,8425],"tags":[11761,7738,2490,4404,1513,3841,7935,3836,6183,1583,6029,2821,855,1874,6307,735,7666,2224,160,1666,297,3571,967,585,2994,768,89,7561,4015,7591,6520,1471,8545,8583,2435,3340,1739,1026,3897,2008,39,354,6531,1984,3657,1096,4088,3888,4117,3282,6522,5622,7568,6617,7583,2025,7662,7578,3567,6068,8496,8509,2655,1489,1488,4268,777,32,6133,1972,1973,2225,8674,6134,7570,3414,3444,6728,6320,2940,1558,7675,7681,591,5920,779,6220,8585,8507,6523,1796,8533,874,8056,3375,6367,1191,1459,8300,2183,8266,8406,6028,6468,6027,3005,42,2101,3259,8476,152,1910,3368,6524,6948,1589,8426,6798,3742,1867,1923],"class_list":["post-83796","post","type-post","status-publish","format-standard","has-post-thumbnail","hentry","category-automobilismo","category-destaques","category-esportes","category-noticias","category-verde-amarelo","tag-11761","tag-7738","tag-alta","tag-america","tag-america-latina","tag-argentina","tag-asg-motorsport","tag-assim","tag-autodromo-de-interlagos","tag-automoveis","tag-automobilismo","tag-autopecas","tag-aviacao","tag-bem","tag-beto-monteiro","tag-brasil","tag-calendario","tag-caminhoes","tag-campeonato","tag-carros","tag-categoria","tag-centros-de-distribuicao","tag-china","tag-clientes","tag-companhia","tag-comportamento","tag-consumidor","tag-controil","tag-controle","tag-copa","tag-copa-truck","tag-corrida","tag-creditos","tag-danilo-dirani","tag-demanda","tag-desenvolvimento","tag-dia","tag-distribuicao","tag-e","tag-empresa","tag-empresas","tag-encontro","tag-engenharia","tag-equipe","tag-esportes","tag-estados-unidos","tag-estradas","tag-exclusivo","tag-fabricante","tag-fabricantes","tag-felipe-giaffone","tag-fico","tag-freio","tag-freios","tag-fremax","tag-grupo","tag-gt-sprint-race","tag-industrial","tag-informacoes","tag-interlagos","tag-iveco","tag-jaidson-zini","tag-lider","tag-lideres","tag-lideranca","tag-logo","tag-marcas","tag-mercado","tag-mercado-de-reposicao","tag-mercedes","tag-mercedes-benz","tag-montadoras","tag-motos","tag-nakata","tag-pastilhas-de-freio","tag-peca","tag-pessoal","tag-plantas","tag-pole-position","tag-ponto","tag-pontos","tag-porsche","tag-porsche-cup","tag-portfolio","tag-pr","tag-produtos","tag-qualidade","tag-r9","tag-r9-competicoes","tag-raphael-abbate","tag-resultado","tag-roberval-andrade","tag-sao-paulo","tag-santos","tag-segmento","tag-segunda-etapa","tag-seguranca","tag-sistema","tag-situacao","tag-solucoes","tag-sp","tag-sprint-race","tag-stock-car","tag-stock-car-pro-series","tag-stock-light","tag-sul","tag-tecnologia","tag-temporada","tag-tiger","tag-tiger-team","tag-trabalho","tag-unidades","tag-uruguai","tag-usual-racing","tag-vamos","tag-veiculos","tag-verde-amarelo","tag-visao","tag-viu","tag-volkswagen","tag-vw","wpcat-8428-id","wpcat-7488-id","wpcat-7492-id","wpcat-727-id","wpcat-8425-id"],"_links":{"self":[{"href":"https:\/\/verde-amarelo.net\/verdeamarelo\/wp-json\/wp\/v2\/posts\/83796","targetHints":{"allow":["GET"]}}],"collection":[{"href":"https:\/\/verde-amarelo.net\/verdeamarelo\/wp-json\/wp\/v2\/posts"}],"about":[{"href":"https:\/\/verde-amarelo.net\/verdeamarelo\/wp-json\/wp\/v2\/types\/post"}],"author":[{"embeddable":true,"href":"https:\/\/verde-amarelo.net\/verdeamarelo\/wp-json\/wp\/v2\/users\/1"}],"replies":[{"embeddable":true,"href":"https:\/\/verde-amarelo.net\/verdeamarelo\/wp-json\/wp\/v2\/comments?post=83796"}],"version-history":[{"count":0,"href":"https:\/\/verde-amarelo.net\/verdeamarelo\/wp-json\/wp\/v2\/posts\/83796\/revisions"}],"wp:featuredmedia":[{"embeddable":true,"href":"https:\/\/verde-amarelo.net\/verdeamarelo\/wp-json\/wp\/v2\/media\/83797"}],"wp:attachment":[{"href":"https:\/\/verde-amarelo.net\/verdeamarelo\/wp-json\/wp\/v2\/media?parent=83796"}],"wp:term":[{"taxonomy":"category","embeddable":true,"href":"https:\/\/verde-amarelo.net\/verdeamarelo\/wp-json\/wp\/v2\/categories?post=83796"},{"taxonomy":"post_tag","embeddable":true,"href":"https:\/\/verde-amarelo.net\/verdeamarelo\/wp-json\/wp\/v2\/tags?post=83796"}],"curies":[{"name":"wp","href":"https:\/\/api.w.org\/{rel}","templated":true}]}}