{"id":86438,"date":"2023-05-11T09:42:16","date_gmt":"2023-05-11T12:42:16","guid":{"rendered":"https:\/\/verde-amarelo.net\/verdeamarelo\/?p=86438"},"modified":"2023-05-11T14:42:10","modified_gmt":"2023-05-11T17:42:10","slug":"dm-vai-ao-apas-show-para-debater-gestao-de-novas-tecnologias","status":"publish","type":"post","link":"https:\/\/verde-amarelo.net\/verdeamarelo\/2023\/05\/dm-vai-ao-apas-show-para-debater-gestao-de-novas-tecnologias\/","title":{"rendered":"DM vai ao APAS Show para debater gest\u00e3o de novas tecnologias"},"content":{"rendered":"<div class=\"postie-post\">\n<div>\n<div style=\"font-family: Arial; font-size: 10pt;\">\n<div style=\"text-align: left;\">\n<p style=\"font-size: 14pt; font-weight: bold; text-align: center;\">\n<p style=\"font-size: 12pt; text-align: center;\"><i>O assunto ser\u00e1 apresentado no evento pelo CEO Denis Correia, acompanhado de grandes nomes do setor supermercadista<\/i><\/p>\n<div style=\"text-align: justify; font-size: 11pt;\">\n<p><span style=\"font-weight: 400;\">Acontece entre os dias 15 e 18 de maio, no Expo Center Norte, o APAS Show, o maior evento de alimentos e bebidas para o setor supermercadista, organizado pela Associa\u00e7\u00e3o Paulista de Supermercados. Sob o tema &#8220;Al\u00e9m dos alimentos&#8221;, a feira ter\u00e1 a participa\u00e7\u00e3o de diferentes stakeholders, das \u00e1reas de inova\u00e7\u00e3o, log\u00edstica, infraestrutura, etc. A DM, grupo de produtos financeiros, vai marcar presen\u00e7a durante o evento e participa de um painel sobre tecnologia, trazendo a vis\u00e3o que tornou a empresa l\u00edder nacional em gest\u00e3o de cart\u00f5es de loja (private label).<\/span><\/p>\n<p><span style=\"font-weight: 400;\">No painel &#8220;Novas tecnologias: escolha, implementa\u00e7\u00e3o e gest\u00e3o&#8221;, Denis Correia, CEO da DM, vai trazer um pouco da expertise da empresa e as formas com que transforma\u00e7\u00f5es digitais podem contribuir para o desenvolvimento do setor. Ao seu lado estar\u00e3o Margarete Piai, Diretora de TI do Supermercado Nagumo, e Samuel Vanio Costa Jr, Diretor-presidente do grupo Enxuto &#8211; um dos grandes parceiros da DM. O debate ocorrer\u00e1 no dia 17, \u00e0s 10h, enquanto, ao longo de todo o evento, a empresa receber\u00e1 convidados para sua sala VIP, onde ter\u00e1 espa\u00e7o para conversas mais prolongadas e negocia\u00e7\u00f5es.<\/span><\/p>\n<p><span style=\"font-weight: 400;\">Para Fabio Trivedi, Gerente de Expans\u00e3o na DM, <\/span><span style=\"font-weight: 400;\">o principal objetivo da participa\u00e7\u00e3o da empresa no APAS Show \u00e9 prospectar novos clientes e consolidar o relacionamento com os parceiros j\u00e1 existentes. &#8220;Vamos apresentar nossos produtos e servi\u00e7os, e divulgar os resultados do mais recente estudo da NielsenIQ que comprova a import\u00e2ncia do cart\u00e3o de loja para estimular o consumo&#8221;. Segundo um levantamento da pesquisa, lares que utilizam cart\u00e3o de supermercados ou atacados gastam 20% mais do que os que usam outra forma de pagamento.<\/span><\/p>\n<p><span style=\"font-weight: 400;\">Fabio Trivedi ainda acrescenta que a presen\u00e7a da DM no evento faz com que a empresa estreite la\u00e7os com potenciais fornecedores e parceiros. &#8220;\u00c9 uma excelente oportunidade para nos mantermos atualizados sobre as tend\u00eancias e novidades do mercado, o que pode nos ajudar a tomar decis\u00f5es estrat\u00e9gicas mais informadas e a desenvolver novas estrat\u00e9gias de neg\u00f3cios&#8221;, finaliza.<\/span><\/p>\n<p><strong>Servi\u00e7o<\/strong><\/p>\n<p><span style=\"font-weight: 400;\">APAS Show<\/span><\/p>\n<p><span style=\"font-weight: 400;\">De 15 a 18 de maio<\/span><\/p>\n<p><span style=\"font-weight: 400;\">17 de maio &#8211; Painel <\/span><span style=\"font-weight: 400;\">&#8220;Novas tecnologias: escolha, implementa\u00e7\u00e3o e gest\u00e3o&#8221;, \u00e0s 10h, no audit\u00f3rio Transforma\u00e7\u00e3o Estrat\u00e9gica<\/span><\/p>\n<p><span style=\"font-weight: 400;\">Inscri\u00e7\u00f5es: <\/span><a href=\"https:\/\/apas.easyeventos.com.br\/inscricoes\/?idioma=PT\"><span style=\"font-weight: 400;\">https:\/\/apas.easyeventos.com.br\/inscricoes\/?idioma=PT<\/span><\/a><span style=\"font-weight: 400;\">\u00a0<\/span><\/p>\n<p><strong>Sobre a DM<\/strong><\/p>\n<p><span style=\"font-weight: 400;\">Fundada em 2002, a DM se consolidou no mercado como a maior gestora de cart\u00f5es de\u00a0<\/span><span style=\"font-weight: 400;\">loja (private label) de supermercado. Hoje \u00e9 uma prestadora de servi\u00e7os financeiros, com\u00a0<\/span><span style=\"font-weight: 400;\">foco na democratiza\u00e7\u00e3o do acesso ao cr\u00e9dito no Brasil. Por meio dos cart\u00f5es private label, a empresa est\u00e1 presente em quase 4 mil pontos de venda. Al\u00e9m disso, conta tamb\u00e9m com cart\u00f5es de cr\u00e9dito com bandeira Mastercard, o aplicativo DM App para gest\u00e3o de cart\u00f5es e de conta digital, oferta de microcr\u00e9dito, dentre outros servi\u00e7os.<\/span><\/p>\n<\/div>\n<\/div>\n<\/div>\n<p>&nbsp;<\/p>\n<\/div>\n<\/div>\n","protected":false},"excerpt":{"rendered":"<p>O assunto ser\u00e1 apresentado no evento pelo CEO Denis Correia, acompanhado de grandes nomes do&#8230;<\/p>\n","protected":false},"author":1,"featured_media":0,"comment_status":"closed","ping_status":"closed","sticky":false,"template":"","format":"standard","meta":{"fifu_image_url":"","fifu_image_alt":"","footnotes":""},"categories":[29,727,27],"tags":[],"class_list":["post-86438","post","type-post","status-publish","format-standard","hentry","category-eventos","category-noticias","category-tecnologia","wpcat-29-id","wpcat-727-id","wpcat-27-id"],"_links":{"self":[{"href":"https:\/\/verde-amarelo.net\/verdeamarelo\/wp-json\/wp\/v2\/posts\/86438","targetHints":{"allow":["GET"]}}],"collection":[{"href":"https:\/\/verde-amarelo.net\/verdeamarelo\/wp-json\/wp\/v2\/posts"}],"about":[{"href":"https:\/\/verde-amarelo.net\/verdeamarelo\/wp-json\/wp\/v2\/types\/post"}],"author":[{"embeddable":true,"href":"https:\/\/verde-amarelo.net\/verdeamarelo\/wp-json\/wp\/v2\/users\/1"}],"replies":[{"embeddable":true,"href":"https:\/\/verde-amarelo.net\/verdeamarelo\/wp-json\/wp\/v2\/comments?post=86438"}],"version-history":[{"count":0,"href":"https:\/\/verde-amarelo.net\/verdeamarelo\/wp-json\/wp\/v2\/posts\/86438\/revisions"}],"wp:attachment":[{"href":"https:\/\/verde-amarelo.net\/verdeamarelo\/wp-json\/wp\/v2\/media?parent=86438"}],"wp:term":[{"taxonomy":"category","embeddable":true,"href":"https:\/\/verde-amarelo.net\/verdeamarelo\/wp-json\/wp\/v2\/categories?post=86438"},{"taxonomy":"post_tag","embeddable":true,"href":"https:\/\/verde-amarelo.net\/verdeamarelo\/wp-json\/wp\/v2\/tags?post=86438"}],"curies":[{"name":"wp","href":"https:\/\/api.w.org\/{rel}","templated":true}]}}