{"id":86439,"date":"2023-05-11T09:45:57","date_gmt":"2023-05-11T12:45:57","guid":{"rendered":"https:\/\/verde-amarelo.net\/verdeamarelo\/?p=86439"},"modified":"2023-05-11T14:37:46","modified_gmt":"2023-05-11T17:37:46","slug":"projeto-liberdade-para-trabalhar-revela-disparidade-na-aprovacao-da-lei-de-liberdade-economica-nos-estados-do-sudeste","status":"publish","type":"post","link":"https:\/\/verde-amarelo.net\/verdeamarelo\/2023\/05\/projeto-liberdade-para-trabalhar-revela-disparidade-na-aprovacao-da-lei-de-liberdade-economica-nos-estados-do-sudeste\/","title":{"rendered":"Projeto Liberdade Para Trabalhar revela disparidade na aprova\u00e7\u00e3o da Lei de Liberdade Econ\u00f4mica nos estados do Sudeste"},"content":{"rendered":"<div class=\"postie-post\">\n<h2 class=\"ql-align-center\" style=\"margin: 0; text-align: center;\"><em>Regi\u00e3o Sudeste apresenta disparidade na aprova\u00e7\u00e3o da Lei de Liberdade Econ\u00f4mica, revela projeto do ILISP<\/em><\/h2>\n<p style=\"margin: 0;\">\n<p style=\"margin: 0;\"><span style=\"color: #000000; background-color: transparent;\">O projeto Liberdade Para Trabalhar, realizado pelo Instituto Liberal de S\u00e3o Paulo (ILISP), revelou uma grande disparidade na aprova\u00e7\u00e3o da Lei de Liberdade Econ\u00f4mica (LLE) em todo o pa\u00eds. A LLE foi aprovada em setembro de 2019 para simplificar e desburocratizar o ambiente de neg\u00f3cios no pa\u00eds, facilitando a abertura e o funcionamento de empresas.<\/span><\/p>\n<p style=\"margin: 0;\">\n<p style=\"margin: 0;\"><span style=\"color: #000000; background-color: transparent;\">Entre as medidas implantadas pela LLE destaca-se a dispensa de alvar\u00e1s de bombeiros, vigil\u00e2ncia sanit\u00e1ria e meio ambiente para atividades de baixo risco. No entanto, de acordo com os dados do projeto Liberdade Para Trabalhar, apenas 8,53% dos munic\u00edpios mapeados no estado de S\u00e3o Paulo aprovaram a lei. Em Minas Gerais, o n\u00famero \u00e9 de 42,79%, enquanto no Rio de Janeiro \u00e9 de 23,91%. O Esp\u00edrito Santo \u00e9 o estado com a maior porcentagem de munic\u00edpios que aprovaram a LLE na regi\u00e3o sudeste, com 49,35%.<\/span><\/p>\n<p style=\"margin: 0;\">\n<p style=\"margin: 0;\"><span style=\"color: #000000; background-color: transparent;\">Os dados do projeto Liberdade Para Trabalhar foram obtidos por meio de mapeamento dos munic\u00edpios brasileiros e atualizados at\u00e9 mar\u00e7o de 2023. <\/span><a style=\"color: #1155cc; background-color: transparent;\" href=\"https:\/\/click.cse360.com.br\/Click\/AddCampaignEmailClick\/5b042d90-5550-469d-f8da-08db4fb7d41b\/https%253a%252f%252fliberdadeparatrabalhar.com.br%252f\/83288b97-4297-4165-cec0-08d7c5ff26d1\/redacao@redepress.com.br\/True\" target=\"_blank\" rel=\"noopener noreferrer\">No site do projeto<\/a><span style=\"color: #000000; background-color: transparent;\"> \u00e9 poss\u00edvel consultar os dados completos dos estados e munic\u00edpios, incluindo a data de aprova\u00e7\u00e3o da LLE, o n\u00famero de munic\u00edpios mapeados, o n\u00famero de munic\u00edpios que aprovaram a lei e a porcentagem correspondente.<\/span><\/p>\n<p style=\"margin: 0;\">\n<p style=\"margin: 0;\"><span style=\"color: #000000; background-color: transparent;\">&#8220;Liberdade econ\u00f4mica \u00e9 essencial para o desenvolvimento de qualquer pa\u00eds, mas a disparidade na ado\u00e7\u00e3o da Lei de Liberdade Econ\u00f4mica entre os estados brasileiros mostra que ainda temos muito trabalho a fazer para garantir um ambiente de neg\u00f3cios mais simplificado e desburocratizado em todo o pa\u00eds\u201d afirmou Marcelo Faria, CEO do ILISP.<\/span><\/p>\n<p style=\"margin: 0;\">\n<p style=\"margin: 0;\"><span style=\"color: #000000; background-color: transparent;\">Dados de estudos feitos pelo ILISP em parceria com o Instituto Millenium mostram um <\/span><a style=\"color: #1155cc; background-color: transparent;\" href=\"https:\/\/click.cse360.com.br\/Click\/AddCampaignEmailClick\/5b042d90-5550-469d-f8da-08db4fb7d41b\/https%253a%252f%252fmilleniumpapers.institutomillenium.org.br%252fmillenium-paper-o-impacto-da-lei-de-liberdade-economica-na-empregabilidade%252f\/83288b97-4297-4165-cec0-08d7c5ff26d1\/redacao@redepress.com.br\/True\" target=\"_blank\" rel=\"noopener noreferrer\">aumento de 40% na m\u00e9dia de empregos gerados<\/a><span style=\"color: #000000; background-color: transparent;\"> nas cidades que aprovaram a LLE e um <\/span><a style=\"color: #1155cc; background-color: transparent;\" href=\"https:\/\/click.cse360.com.br\/Click\/AddCampaignEmailClick\/5b042d90-5550-469d-f8da-08db4fb7d41b\/https%253a%252f%252fmilleniumpapers.institutomillenium.org.br%252fwp-content%252fuploads%252f2023%252f03%252f03LO_PAPER_EDICAO_21_MILLENIUM_00.pdf\/83288b97-4297-4165-cec0-08d7c5ff26d1\/redacao@redepress.com.br\/True\" target=\"_blank\" rel=\"noopener noreferrer\">aumento de 89% na m\u00e9dia anual de novas empresas abertas<\/a><span style=\"color: #000000; background-color: transparent;\"> nestas cidades, o que mostra a import\u00e2ncia de que a Lei de Liberdade Econ\u00f4mica seja aprovada em todos os estados e munic\u00edpios brasileiros, sendo este justamente o principal objetivo do projeto Liberdade para Trabalhar.<\/span><\/p>\n<p style=\"margin: 0;\">\n<p class=\"ql-align-justify\" style=\"margin: 0; text-align: justify;\"><strong style=\"color: #000000; background-color: transparent;\">Sobre o Instituto Liberal de S\u00e3o Paulo (ILISP)<\/strong><\/p>\n<p style=\"margin: 0;\">\n<p class=\"ql-align-justify\" style=\"margin: 0; text-align: justify;\"><span style=\"color: #000000; background-color: transparent;\">O projeto Liberdade para Trabalhar \u00e9 uma iniciativa do ILISP &#8211; Instituto Liberal de S\u00e3o Paulo, think-tank liberal criado em 2014 para tornar o Brasil um pa\u00eds onde as pessoas tenham plenos direitos \u00e0 vida, \u00e0 liberdade e \u00e0 propriedade. O estudo foi feito com base em informa\u00e7\u00f5es oficiais dos estados e munic\u00edpios. O instituto tamb\u00e9m atua junto a estados e munic\u00edpios para ampliar a aprova\u00e7\u00e3o da Lei de Liberdade Econ\u00f4mica em todo o pa\u00eds.<\/span><\/p>\n<p style=\"margin: 0;\">\n<hr \/>\n<p class=\"ql-align-justify\" style=\"margin: 0; text-align: justify;\">\n<h6 class=\"ql-align-justify\" style=\"margin: 0; text-align: justify;\"><span style=\"color: #000000; background-color: transparent;\">\u00a0\u00a0\u00a0Marciel de Oliveira | Account Executive Conte\u00fado Editora Brasil<\/span><\/h6>\n<h6 class=\"ql-align-justify\" style=\"margin: 0; text-align: justify;\"><span style=\"color: #000000; background-color: transparent;\">\u00a0\u00a0\u00a0<\/span><span style=\"color: #1155cc; background-color: transparent;\">marciel@conteudoeditora.com.br<\/span><\/h6>\n<h6 class=\"ql-align-justify\" style=\"margin: 0; text-align: justify;\"><span style=\"color: #000000; background-color: transparent;\">\u00a0\u00a0\u00a0+55 11 974336-378<\/span><\/h6>\n<\/div>\n","protected":false},"excerpt":{"rendered":"<p>Regi\u00e3o Sudeste apresenta disparidade na aprova\u00e7\u00e3o da Lei de Liberdade Econ\u00f4mica, revela projeto do ILISP&#8230;<\/p>\n","protected":false},"author":1,"featured_media":0,"comment_status":"closed","ping_status":"closed","sticky":false,"template":"","format":"standard","meta":{"fifu_image_url":"","fifu_image_alt":"","footnotes":""},"categories":[7488,8703,727],"tags":[],"class_list":["post-86439","post","type-post","status-publish","format-standard","hentry","category-destaques","category-economia","category-noticias","wpcat-7488-id","wpcat-8703-id","wpcat-727-id"],"_links":{"self":[{"href":"https:\/\/verde-amarelo.net\/verdeamarelo\/wp-json\/wp\/v2\/posts\/86439","targetHints":{"allow":["GET"]}}],"collection":[{"href":"https:\/\/verde-amarelo.net\/verdeamarelo\/wp-json\/wp\/v2\/posts"}],"about":[{"href":"https:\/\/verde-amarelo.net\/verdeamarelo\/wp-json\/wp\/v2\/types\/post"}],"author":[{"embeddable":true,"href":"https:\/\/verde-amarelo.net\/verdeamarelo\/wp-json\/wp\/v2\/users\/1"}],"replies":[{"embeddable":true,"href":"https:\/\/verde-amarelo.net\/verdeamarelo\/wp-json\/wp\/v2\/comments?post=86439"}],"version-history":[{"count":0,"href":"https:\/\/verde-amarelo.net\/verdeamarelo\/wp-json\/wp\/v2\/posts\/86439\/revisions"}],"wp:attachment":[{"href":"https:\/\/verde-amarelo.net\/verdeamarelo\/wp-json\/wp\/v2\/media?parent=86439"}],"wp:term":[{"taxonomy":"category","embeddable":true,"href":"https:\/\/verde-amarelo.net\/verdeamarelo\/wp-json\/wp\/v2\/categories?post=86439"},{"taxonomy":"post_tag","embeddable":true,"href":"https:\/\/verde-amarelo.net\/verdeamarelo\/wp-json\/wp\/v2\/tags?post=86439"}],"curies":[{"name":"wp","href":"https:\/\/api.w.org\/{rel}","templated":true}]}}