{"id":87045,"date":"2023-05-13T09:27:15","date_gmt":"2023-05-13T12:27:15","guid":{"rendered":"https:\/\/www.highspeedbrazil.com.br\/?p=40608"},"modified":"2024-03-13T17:04:32","modified_gmt":"2024-03-13T20:04:32","slug":"piloto-de-campinas-mantem-preparacao-em-paulinia-para-o-brasileiro-de-kart-2023","status":"publish","type":"post","link":"https:\/\/verde-amarelo.net\/verdeamarelo\/2023\/05\/piloto-de-campinas-mantem-preparacao-em-paulinia-para-o-brasileiro-de-kart-2023\/","title":{"rendered":"Piloto de Campinas mant\u00e9m prepara\u00e7\u00e3o em Paul\u00ednia para o Brasileiro de Kart 2023"},"content":{"rendered":"<p><i>Fred Bueno, de 21 anos, tem como foco os treinos f\u00edsicos e t\u00e9cnicos em pista para tentar conquistar o t\u00edtulo de campe\u00e3o brasileiro<\/i><\/p>\n<p class=\"yiv1543942163MsoNormal\"><a href=\"https:\/\/i2.wp.com\/www.highspeedbrazil.com.br\/wp-content\/uploads\/2023\/05\/Fred-no-Brasileiro-de-Kart-2022-1.jpeg?ssl=1\"><img src=\"data:image\/gif;base64,R0lGODlhAQABAIAAAAAAAP\/\/\/ywAAAAAAQABAAACAUwAOw==\" fifu-lazy=\"1\" fifu-data-sizes=\"auto\" fifu-data-srcset=\"https:\/\/i3.wp.com\/verde-amarelo.net\/verdeamarelo\/wp-content\/uploads\/2023\/05\/piloto-de-campinas-mantem-preparacao-em-paulinia-para-o-brasileiro-de-kart-2023.webp?ssl=1&w=75&resize=75&ssl=1 75w, https:\/\/i3.wp.com\/verde-amarelo.net\/verdeamarelo\/wp-content\/uploads\/2023\/05\/piloto-de-campinas-mantem-preparacao-em-paulinia-para-o-brasileiro-de-kart-2023.webp?ssl=1&w=100&resize=100&ssl=1 100w, https:\/\/i3.wp.com\/verde-amarelo.net\/verdeamarelo\/wp-content\/uploads\/2023\/05\/piloto-de-campinas-mantem-preparacao-em-paulinia-para-o-brasileiro-de-kart-2023.webp?ssl=1&w=150&resize=150&ssl=1 150w, https:\/\/i3.wp.com\/verde-amarelo.net\/verdeamarelo\/wp-content\/uploads\/2023\/05\/piloto-de-campinas-mantem-preparacao-em-paulinia-para-o-brasileiro-de-kart-2023.webp?ssl=1&w=240&resize=240&ssl=1 240w, https:\/\/i3.wp.com\/verde-amarelo.net\/verdeamarelo\/wp-content\/uploads\/2023\/05\/piloto-de-campinas-mantem-preparacao-em-paulinia-para-o-brasileiro-de-kart-2023.webp?ssl=1&w=320&resize=320&ssl=1 320w, https:\/\/i3.wp.com\/verde-amarelo.net\/verdeamarelo\/wp-content\/uploads\/2023\/05\/piloto-de-campinas-mantem-preparacao-em-paulinia-para-o-brasileiro-de-kart-2023.webp?ssl=1&w=500&resize=500&ssl=1 500w, https:\/\/i3.wp.com\/verde-amarelo.net\/verdeamarelo\/wp-content\/uploads\/2023\/05\/piloto-de-campinas-mantem-preparacao-em-paulinia-para-o-brasileiro-de-kart-2023.webp?ssl=1&w=640&resize=640&ssl=1 640w, https:\/\/i3.wp.com\/verde-amarelo.net\/verdeamarelo\/wp-content\/uploads\/2023\/05\/piloto-de-campinas-mantem-preparacao-em-paulinia-para-o-brasileiro-de-kart-2023.webp?ssl=1&w=800&resize=800&ssl=1 800w, https:\/\/i3.wp.com\/verde-amarelo.net\/verdeamarelo\/wp-content\/uploads\/2023\/05\/piloto-de-campinas-mantem-preparacao-em-paulinia-para-o-brasileiro-de-kart-2023.webp?ssl=1&w=1024&resize=1024&ssl=1 1024w, https:\/\/i3.wp.com\/verde-amarelo.net\/verdeamarelo\/wp-content\/uploads\/2023\/05\/piloto-de-campinas-mantem-preparacao-em-paulinia-para-o-brasileiro-de-kart-2023.webp?ssl=1&w=1280&resize=1280&ssl=1 1280w, https:\/\/i3.wp.com\/verde-amarelo.net\/verdeamarelo\/wp-content\/uploads\/2023\/05\/piloto-de-campinas-mantem-preparacao-em-paulinia-para-o-brasileiro-de-kart-2023.webp?ssl=1&w=1600&resize=1600&ssl=1 1600w\" decoding=\"async\" loading=\"lazy\" data-attachment-id=\"40609\" data-permalink=\"https:\/\/www.highspeedbrazil.com.br\/piloto-de-campinas-mantem-preparacao-em-paulinia-para-o-brasileiro-de-kart-2023\/fred-no-brasileiro-de-kart-2022-1\/\" data-orig-file=\"https:\/\/i2.wp.com\/www.highspeedbrazil.com.br\/wp-content\/uploads\/2023\/05\/Fred-no-Brasileiro-de-Kart-2022-1.jpeg?fit=1600%2C1066&ssl=1\" data-orig-size=\"1600,1066\" data-comments-opened=\"1\" data-image-meta=\"{\"aperture\":\"0\",\"credit\":\"\",\"camera\":\"\",\"caption\":\"\",\"created_timestamp\":\"0\",\"copyright\":\"\",\"focal_length\":\"0\",\"iso\":\"0\",\"shutter_speed\":\"0\",\"title\":\"\",\"orientation\":\"0\"}\" data-image-title=\"Fred no Brasileiro de Kart 2022 1\" data-image-description data-medium-file=\"https:\/\/i2.wp.com\/www.highspeedbrazil.com.br\/wp-content\/uploads\/2023\/05\/Fred-no-Brasileiro-de-Kart-2022-1.jpeg?fit=300%2C200&ssl=1\" data-large-file=\"https:\/\/i2.wp.com\/www.highspeedbrazil.com.br\/wp-content\/uploads\/2023\/05\/Fred-no-Brasileiro-de-Kart-2022-1.jpeg?fit=620%2C413&ssl=1\" class=\" wp-image-40609 alignleft jetpack-lazy-image\" fifu-data-src=\"https:\/\/i3.wp.com\/verde-amarelo.net\/verdeamarelo\/wp-content\/uploads\/2023\/05\/piloto-de-campinas-mantem-preparacao-em-paulinia-para-o-brasileiro-de-kart-2023.webp?ssl=1\" alt width=\"299\" height=\"199\" data-recalc-dims=\"1\" data-lazy-srcset=\"https:\/\/verde-amarelo.net\/verdeamarelo\/wp-content\/uploads\/2023\/05\/piloto-de-campinas-mantem-preparacao-em-paulinia-para-o-brasileiro-de-kart-2023-1.jpg 1600w, https:\/\/verde-amarelo.net\/verdeamarelo\/wp-content\/uploads\/2023\/05\/piloto-de-campinas-mantem-preparacao-em-paulinia-para-o-brasileiro-de-kart-2023-2.jpg 300w, https:\/\/verde-amarelo.net\/verdeamarelo\/wp-content\/uploads\/2023\/05\/piloto-de-campinas-mantem-preparacao-em-paulinia-para-o-brasileiro-de-kart-2023-3.jpg 768w, https:\/\/verde-amarelo.net\/verdeamarelo\/wp-content\/uploads\/2023\/05\/piloto-de-campinas-mantem-preparacao-em-paulinia-para-o-brasileiro-de-kart-2023-4.jpg 1024w, https:\/\/verde-amarelo.net\/verdeamarelo\/wp-content\/uploads\/2023\/05\/piloto-de-campinas-mantem-preparacao-em-paulinia-para-o-brasileiro-de-kart-2023-5.jpg 1240w\" data-lazy-sizes=\"(max-width: 299px) 100vw, 299px\" srcset=\"data:image\/gif;base64,R0lGODlhAQABAIAAAAAAAP\/\/\/yH5BAEAAAAALAAAAAABAAEAAAIBRAA7\"><\/a><\/p>\n<p><noscript><img src=\"data:image\/gif;base64,R0lGODlhAQABAIAAAAAAAP\/\/\/ywAAAAAAQABAAACAUwAOw==\" fifu-lazy=\"1\" fifu-data-sizes=\"auto\" fifu-data-srcset=\"https:\/\/i3.wp.com\/verde-amarelo.net\/verdeamarelo\/wp-content\/uploads\/2023\/05\/piloto-de-campinas-mantem-preparacao-em-paulinia-para-o-brasileiro-de-kart-2023.webp?ssl=1&w=75&resize=75&ssl=1 75w, https:\/\/i3.wp.com\/verde-amarelo.net\/verdeamarelo\/wp-content\/uploads\/2023\/05\/piloto-de-campinas-mantem-preparacao-em-paulinia-para-o-brasileiro-de-kart-2023.webp?ssl=1&w=100&resize=100&ssl=1 100w, https:\/\/i3.wp.com\/verde-amarelo.net\/verdeamarelo\/wp-content\/uploads\/2023\/05\/piloto-de-campinas-mantem-preparacao-em-paulinia-para-o-brasileiro-de-kart-2023.webp?ssl=1&w=150&resize=150&ssl=1 150w, https:\/\/i3.wp.com\/verde-amarelo.net\/verdeamarelo\/wp-content\/uploads\/2023\/05\/piloto-de-campinas-mantem-preparacao-em-paulinia-para-o-brasileiro-de-kart-2023.webp?ssl=1&w=240&resize=240&ssl=1 240w, https:\/\/i3.wp.com\/verde-amarelo.net\/verdeamarelo\/wp-content\/uploads\/2023\/05\/piloto-de-campinas-mantem-preparacao-em-paulinia-para-o-brasileiro-de-kart-2023.webp?ssl=1&w=320&resize=320&ssl=1 320w, https:\/\/i3.wp.com\/verde-amarelo.net\/verdeamarelo\/wp-content\/uploads\/2023\/05\/piloto-de-campinas-mantem-preparacao-em-paulinia-para-o-brasileiro-de-kart-2023.webp?ssl=1&w=500&resize=500&ssl=1 500w, https:\/\/i3.wp.com\/verde-amarelo.net\/verdeamarelo\/wp-content\/uploads\/2023\/05\/piloto-de-campinas-mantem-preparacao-em-paulinia-para-o-brasileiro-de-kart-2023.webp?ssl=1&w=640&resize=640&ssl=1 640w, https:\/\/i3.wp.com\/verde-amarelo.net\/verdeamarelo\/wp-content\/uploads\/2023\/05\/piloto-de-campinas-mantem-preparacao-em-paulinia-para-o-brasileiro-de-kart-2023.webp?ssl=1&w=800&resize=800&ssl=1 800w, https:\/\/i3.wp.com\/verde-amarelo.net\/verdeamarelo\/wp-content\/uploads\/2023\/05\/piloto-de-campinas-mantem-preparacao-em-paulinia-para-o-brasileiro-de-kart-2023.webp?ssl=1&w=1024&resize=1024&ssl=1 1024w, https:\/\/i3.wp.com\/verde-amarelo.net\/verdeamarelo\/wp-content\/uploads\/2023\/05\/piloto-de-campinas-mantem-preparacao-em-paulinia-para-o-brasileiro-de-kart-2023.webp?ssl=1&w=1280&resize=1280&ssl=1 1280w, https:\/\/i3.wp.com\/verde-amarelo.net\/verdeamarelo\/wp-content\/uploads\/2023\/05\/piloto-de-campinas-mantem-preparacao-em-paulinia-para-o-brasileiro-de-kart-2023.webp?ssl=1&w=1600&resize=1600&ssl=1 1600w\" decoding=\"async\" loading=\"lazy\" data-attachment-id=\"40609\" data-permalink=\"https:\/\/www.highspeedbrazil.com.br\/piloto-de-campinas-mantem-preparacao-em-paulinia-para-o-brasileiro-de-kart-2023\/fred-no-brasileiro-de-kart-2022-1\/\" data-orig-file=\"https:\/\/i2.wp.com\/www.highspeedbrazil.com.br\/wp-content\/uploads\/2023\/05\/Fred-no-Brasileiro-de-Kart-2022-1.jpeg?fit=1600%2C1066&ssl=1\" data-orig-size=\"1600,1066\" data-comments-opened=\"1\" data-image-meta=\"{\"aperture\":\"0\",\"credit\":\"\",\"camera\":\"\",\"caption\":\"\",\"created_timestamp\":\"0\",\"copyright\":\"\",\"focal_length\":\"0\",\"iso\":\"0\",\"shutter_speed\":\"0\",\"title\":\"\",\"orientation\":\"0\"}\" data-image-title=\"Fred no Brasileiro de Kart 2022 1\" data-image-description data-medium-file=\"https:\/\/i2.wp.com\/www.highspeedbrazil.com.br\/wp-content\/uploads\/2023\/05\/Fred-no-Brasileiro-de-Kart-2022-1.jpeg?fit=300%2C200&ssl=1\" data-large-file=\"https:\/\/i2.wp.com\/www.highspeedbrazil.com.br\/wp-content\/uploads\/2023\/05\/Fred-no-Brasileiro-de-Kart-2022-1.jpeg?fit=620%2C413&ssl=1\" class=\" wp-image-40609 alignleft\" fifu-data-src=\"https:\/\/i3.wp.com\/verde-amarelo.net\/verdeamarelo\/wp-content\/uploads\/2023\/05\/piloto-de-campinas-mantem-preparacao-em-paulinia-para-o-brasileiro-de-kart-2023.webp?ssl=1\" alt width=\"299\" height=\"199\" srcset=\"https:\/\/verde-amarelo.net\/verdeamarelo\/wp-content\/uploads\/2023\/05\/piloto-de-campinas-mantem-preparacao-em-paulinia-para-o-brasileiro-de-kart-2023-1.jpg 1600w, https:\/\/verde-amarelo.net\/verdeamarelo\/wp-content\/uploads\/2023\/05\/piloto-de-campinas-mantem-preparacao-em-paulinia-para-o-brasileiro-de-kart-2023-2.jpg 300w, https:\/\/verde-amarelo.net\/verdeamarelo\/wp-content\/uploads\/2023\/05\/piloto-de-campinas-mantem-preparacao-em-paulinia-para-o-brasileiro-de-kart-2023-3.jpg 768w, https:\/\/verde-amarelo.net\/verdeamarelo\/wp-content\/uploads\/2023\/05\/piloto-de-campinas-mantem-preparacao-em-paulinia-para-o-brasileiro-de-kart-2023-4.jpg 1024w, https:\/\/verde-amarelo.net\/verdeamarelo\/wp-content\/uploads\/2023\/05\/piloto-de-campinas-mantem-preparacao-em-paulinia-para-o-brasileiro-de-kart-2023-5.jpg 1240w\" sizes=\"auto, (max-width: 299px) 100vw, 299px\" data-recalc-dims=\"1\"><\/noscript>&nbsp;Vice-campe\u00e3o brasileiro de kart e pole position na categoria Novatos, em 2021, o piloto campineiro Fred Bueno se prepara desde o in\u00edcio do ano, em Paul\u00ednia, para disputar o 58\u00ba Campeonato Brasileiro de Kart. A competi\u00e7\u00e3o, a maior e mais importante do kartismo brasileiro, ser\u00e1 realizada entre 7 e 14 de outubro, em Nova Santa Rita (RS).<\/p>&nbsp;&nbsp;\n<p class=\"yiv1543942163MsoNormal\">Aos 21 anos, Bueno (Scuderia Marcelino\/Thunder Technology) busca o tetracampeonato da categoria F4 Graduado, na Copa F-Racers, campeonato regional sediado no Kart\u00f3dromo San Marino, em Paul\u00ednia. Ele conta que, por meio da competi\u00e7\u00e3o, vem se preparando para o principal campeonato nacional da modalidade.<\/p>&nbsp;&nbsp;\n<p class=\"yiv1543942163MsoNormal\">\u201cCom motores 4 tempos, a categoria \u00e9 bastante disputada em Paul\u00ednia. O grid mescla pilotos amadores e profissionais, alguns desses j\u00e1 campe\u00f5es no Brasileiro de Kart e na Copa Brasil, principais competi\u00e7\u00f5es do kartismo nacional, o que ajuda muito no meu treinamento. Al\u00e9m disso, tem a prepara\u00e7\u00e3o f\u00edsica, muito importante para que eu chegue ao Brasileiro na melhor forma poss\u00edvel. Em 2021 foi por pouco, ano passado fui o 4\u00ba melhor do Brasil, mas, neste ano, minha meta \u00e9 trazer o trof\u00e9u de campe\u00e3o para o interior\u201d, ressalta o piloto.<\/p>&nbsp;&nbsp;\n<p class=\"yiv1543942163MsoNormal\">O piloto e chefe de equipe da Scuderia Marcelino, Carlos Marcelino, tem atuado fortemente na forma\u00e7\u00e3o do piloto campineiro, desde as categorias iniciais da modalidade at\u00e9 o momento. Ele deposita muita confian\u00e7a no talento de Fred Bueno, tanto que o mant\u00e9m como treinador de cinco pilotos da equipe. \u201cO Fred \u00e9 um garoto excepcional, que desde cedo se dedica completamente ao esporte. A prova \u00e9 que ele foi vice no Brasileiro de 2021 e o 4\u00ba melhor piloto do Brasil em sua categoria, no ano passado. Tenho certeza de que ainda ter\u00e1 muitas conquistas pela frente, no kart e, quem sabe, no automobilismo\u201d, ressalta Marcelino.<\/p>&nbsp;&nbsp;\n<p class=\"yiv1543942163MsoNormal\"><b>Trajet\u00f3ria de Fred Bueno come\u00e7ou em Campinas<\/b><\/p>\n<p class=\"yiv1543942163MsoNormal\">Nascido em Campinas, Fred Bueno come\u00e7ou no esporte ainda no Kart\u00f3dromo do Taquaral, em 2007, na cidade que era a sede da equipe Marcelino. Iniciou na categoria Mirim (6 a 8 anos), passando pela Cadete (8 a 11 anos), at\u00e9 chegar \u00e0s categorias Novatos e Graduados, na F4. \u201cMeu pai me levava ao Taquaral para assistir \u00e0s corridas, a\u00ed gostei e comecei com o Marcelino, onde estou at\u00e9 hoje. Atualmente, eu sou coach para cinco pilotos da Scuderia e ajudo na parte de organiza\u00e7\u00e3o. Tenho como metas, no kart, conquistar meu primeiro t\u00edtulo nacional na categoria, e, no automobilismo, subir para uma categoria de carros, independentemente de qual seja, e poder viver do esporte\u201d, revela o piloto.<\/p>&nbsp;&nbsp;\n<p class=\"yiv1543942163MsoNormal\">Al\u00e9m de contar com apoios da Scuderia Marcelino e da fabricante de karts Thunder Technologies, Fred Bueno ainda \u00e9 apoiado pela A Academia, por meio do preparador f\u00edsico Cl\u00f3vis Cavalo, \u00d3tica Vitra e Pr\u00e1xis M\u00eddia e Conte\u00fado. Outras empresas interessadas em patrocinar o piloto podem entrar em contato pelo (19) 97415-0189.<\/p>&nbsp;&nbsp;\n<p class=\"yiv1543942163MsoNormal\">Foto: Divulga\u00e7\u00e3o<\/p>\n<p class=\"yiv1543942163MsoNormal\"><b>Por: Pr\u00e1xis M\u00eddia e Conte\u00fado<\/b><\/p>\n<div class=\"sharedaddy sd-sharing-enabled\">\n<div class=\"robots-nocontent sd-block sd-social sd-social-icon sd-sharing\">\n<h3 class=\"sd-title\">Compartilhe isso:<\/h3>\n<\/div>\n<\/div>\n<p> Cr\u00e9ditos: High Speed Brazil<\/p>\n","protected":false},"excerpt":{"rendered":"<p>Fred Bueno, de 21 anos, tem como foco os treinos f\u00edsicos e t\u00e9cnicos em pista&#8230;<\/p>\n","protected":false},"author":1,"featured_media":87046,"comment_status":"closed","ping_status":"closed","sticky":false,"template":"","format":"standard","meta":{"fifu_image_url":"","fifu_image_alt":"","footnotes":""},"categories":[8428,7488,7492,727,8425],"tags":[2584,8285,6029,735,4437,6237,6255,6637,160,6168,6107,3908,1666,297,161,163,1003,2475,1896,7591,7655,8545,3897,39,1984,1134,3657,4007,4117,260,410,3518,6248,6064,6640,6071,6078,4285,4682,4759,3555,1531,6104,8371,6320,574,3167,7638,3519,6084,1367,8426],"class_list":["post-87045","post","type-post","status-publish","format-standard","has-post-thumbnail","hentry","category-automobilismo","category-destaques","category-esportes","category-noticias","category-verde-amarelo","tag-2584","tag-ajuda","tag-automobilismo","tag-brasil","tag-brasileiro","tag-cadete","tag-campeao","tag-campeoes","tag-campeonato","tag-campeonato-brasileiro","tag-campeonato-regional","tag-campinas","tag-carros","tag-categoria","tag-categorias","tag-competicao","tag-confianca","tag-conta","tag-conteudo","tag-copa","tag-copa-brasil","tag-creditos","tag-e","tag-empresas","tag-equipe","tag-esporte","tag-esportes","tag-fisico","tag-fabricante","tag-forma","tag-formacao","tag-garoto","tag-graduados","tag-kart","tag-kartismo","tag-kartismo-brasileiro","tag-kartismo-nacional","tag-midia","tag-meta","tag-momento","tag-nova","tag-organizacao","tag-outras","tag-paulinia","tag-pole-position","tag-profissionais","tag-sede","tag-titulo","tag-talento","tag-thunder-technology","tag-treinamento","tag-verde-amarelo","wpcat-8428-id","wpcat-7488-id","wpcat-7492-id","wpcat-727-id","wpcat-8425-id"],"_links":{"self":[{"href":"https:\/\/verde-amarelo.net\/verdeamarelo\/wp-json\/wp\/v2\/posts\/87045","targetHints":{"allow":["GET"]}}],"collection":[{"href":"https:\/\/verde-amarelo.net\/verdeamarelo\/wp-json\/wp\/v2\/posts"}],"about":[{"href":"https:\/\/verde-amarelo.net\/verdeamarelo\/wp-json\/wp\/v2\/types\/post"}],"author":[{"embeddable":true,"href":"https:\/\/verde-amarelo.net\/verdeamarelo\/wp-json\/wp\/v2\/users\/1"}],"replies":[{"embeddable":true,"href":"https:\/\/verde-amarelo.net\/verdeamarelo\/wp-json\/wp\/v2\/comments?post=87045"}],"version-history":[{"count":0,"href":"https:\/\/verde-amarelo.net\/verdeamarelo\/wp-json\/wp\/v2\/posts\/87045\/revisions"}],"wp:featuredmedia":[{"embeddable":true,"href":"https:\/\/verde-amarelo.net\/verdeamarelo\/wp-json\/wp\/v2\/media\/87046"}],"wp:attachment":[{"href":"https:\/\/verde-amarelo.net\/verdeamarelo\/wp-json\/wp\/v2\/media?parent=87045"}],"wp:term":[{"taxonomy":"category","embeddable":true,"href":"https:\/\/verde-amarelo.net\/verdeamarelo\/wp-json\/wp\/v2\/categories?post=87045"},{"taxonomy":"post_tag","embeddable":true,"href":"https:\/\/verde-amarelo.net\/verdeamarelo\/wp-json\/wp\/v2\/tags?post=87045"}],"curies":[{"name":"wp","href":"https:\/\/api.w.org\/{rel}","templated":true}]}}