{"id":87850,"date":"2023-05-17T11:08:41","date_gmt":"2023-05-17T14:08:41","guid":{"rendered":"https:\/\/www.highspeedbrazil.com.br\/?p=40654"},"modified":"2024-03-13T18:49:00","modified_gmt":"2024-03-13T21:49:00","slug":"tres-decadas-formando-talentos-os-30-anos-de-stock-series","status":"publish","type":"post","link":"https:\/\/verde-amarelo.net\/verdeamarelo\/2023\/05\/tres-decadas-formando-talentos-os-30-anos-de-stock-series\/","title":{"rendered":"Tr\u00eas d\u00e9cadas formando talentos: os 30 anos de Stock Series"},"content":{"rendered":"<p><em>Em 30 anos, divis\u00e3o de acesso \u00e0 Stock Car formou cerca de 400 pilotos. \u00c9 a escola de alto n\u00edvel mais longeva do Brasil<\/em><\/p>\n<p><a href=\"https:\/\/i0.wp.com\/www.highspeedbrazil.com.br\/wp-content\/uploads\/2023\/05\/422379_1058743_2465266096_721efe6344_o_web_.jpg?ssl=1\"><img src=\"data:image\/gif;base64,R0lGODlhAQABAIAAAAAAAP\/\/\/ywAAAAAAQABAAACAUwAOw==\" fifu-lazy=\"1\" fifu-data-sizes=\"auto\" fifu-data-srcset=\"https:\/\/i0.wp.com\/verde-amarelo.net\/verdeamarelo\/wp-content\/uploads\/2023\/05\/tres-decadas-formando-talentos-os-30-anos-de-stock-series.webp?ssl=1&w=75&resize=75&ssl=1 75w, https:\/\/i0.wp.com\/verde-amarelo.net\/verdeamarelo\/wp-content\/uploads\/2023\/05\/tres-decadas-formando-talentos-os-30-anos-de-stock-series.webp?ssl=1&w=100&resize=100&ssl=1 100w, https:\/\/i0.wp.com\/verde-amarelo.net\/verdeamarelo\/wp-content\/uploads\/2023\/05\/tres-decadas-formando-talentos-os-30-anos-de-stock-series.webp?ssl=1&w=150&resize=150&ssl=1 150w, https:\/\/i0.wp.com\/verde-amarelo.net\/verdeamarelo\/wp-content\/uploads\/2023\/05\/tres-decadas-formando-talentos-os-30-anos-de-stock-series.webp?ssl=1&w=240&resize=240&ssl=1 240w, https:\/\/i0.wp.com\/verde-amarelo.net\/verdeamarelo\/wp-content\/uploads\/2023\/05\/tres-decadas-formando-talentos-os-30-anos-de-stock-series.webp?ssl=1&w=320&resize=320&ssl=1 320w, https:\/\/i0.wp.com\/verde-amarelo.net\/verdeamarelo\/wp-content\/uploads\/2023\/05\/tres-decadas-formando-talentos-os-30-anos-de-stock-series.webp?ssl=1&w=500&resize=500&ssl=1 500w, https:\/\/i0.wp.com\/verde-amarelo.net\/verdeamarelo\/wp-content\/uploads\/2023\/05\/tres-decadas-formando-talentos-os-30-anos-de-stock-series.webp?ssl=1&w=640&resize=640&ssl=1 640w, https:\/\/i0.wp.com\/verde-amarelo.net\/verdeamarelo\/wp-content\/uploads\/2023\/05\/tres-decadas-formando-talentos-os-30-anos-de-stock-series.webp?ssl=1&w=800&resize=800&ssl=1 800w, https:\/\/i0.wp.com\/verde-amarelo.net\/verdeamarelo\/wp-content\/uploads\/2023\/05\/tres-decadas-formando-talentos-os-30-anos-de-stock-series.webp?ssl=1&w=1024&resize=1024&ssl=1 1024w, https:\/\/i0.wp.com\/verde-amarelo.net\/verdeamarelo\/wp-content\/uploads\/2023\/05\/tres-decadas-formando-talentos-os-30-anos-de-stock-series.webp?ssl=1&w=1280&resize=1280&ssl=1 1280w, https:\/\/i0.wp.com\/verde-amarelo.net\/verdeamarelo\/wp-content\/uploads\/2023\/05\/tres-decadas-formando-talentos-os-30-anos-de-stock-series.webp?ssl=1&w=1600&resize=1600&ssl=1 1600w\" decoding=\"async\" loading=\"lazy\" data-attachment-id=\"40655\" data-permalink=\"https:\/\/www.highspeedbrazil.com.br\/tres-decadas-formando-talentos-os-30-anos-de-stock-series\/422379_1058743_2465266096_721efe6344_o_web_\/\" data-orig-file=\"https:\/\/i0.wp.com\/www.highspeedbrazil.com.br\/wp-content\/uploads\/2023\/05\/422379_1058743_2465266096_721efe6344_o_web_.jpg?fit=600%2C399&ssl=1\" data-orig-size=\"600,399\" data-comments-opened=\"1\" data-image-meta=\"{\"aperture\":\"0\",\"credit\":\"\",\"camera\":\"\",\"caption\":\"\",\"created_timestamp\":\"0\",\"copyright\":\"\",\"focal_length\":\"0\",\"iso\":\"0\",\"shutter_speed\":\"0\",\"title\":\"\",\"orientation\":\"0\"}\" data-image-title=\"422379_1058743_2465266096_721efe6344_o_web_\" data-image-description data-medium-file=\"https:\/\/i0.wp.com\/www.highspeedbrazil.com.br\/wp-content\/uploads\/2023\/05\/422379_1058743_2465266096_721efe6344_o_web_.jpg?fit=300%2C200&ssl=1\" data-large-file=\"https:\/\/i0.wp.com\/www.highspeedbrazil.com.br\/wp-content\/uploads\/2023\/05\/422379_1058743_2465266096_721efe6344_o_web_.jpg?fit=600%2C399&ssl=1\" class=\" wp-image-40655 alignleft jetpack-lazy-image\" fifu-data-src=\"https:\/\/i0.wp.com\/verde-amarelo.net\/verdeamarelo\/wp-content\/uploads\/2023\/05\/tres-decadas-formando-talentos-os-30-anos-de-stock-series.webp?ssl=1\" alt width=\"305\" height=\"203\" data-recalc-dims=\"1\" data-lazy-srcset=\"https:\/\/verde-amarelo.net\/verdeamarelo\/wp-content\/uploads\/2023\/05\/tres-decadas-formando-talentos-os-30-anos-de-stock-series-1.jpg 600w, https:\/\/verde-amarelo.net\/verdeamarelo\/wp-content\/uploads\/2023\/05\/tres-decadas-formando-talentos-os-30-anos-de-stock-series-2.jpg 300w\" data-lazy-sizes=\"(max-width: 305px) 100vw, 305px\" srcset=\"data:image\/gif;base64,R0lGODlhAQABAIAAAAAAAP\/\/\/yH5BAEAAAAALAAAAAABAAEAAAIBRAA7\"><\/a><\/p>\n<p><noscript><img src=\"data:image\/gif;base64,R0lGODlhAQABAIAAAAAAAP\/\/\/ywAAAAAAQABAAACAUwAOw==\" fifu-lazy=\"1\" fifu-data-sizes=\"auto\" fifu-data-srcset=\"https:\/\/i0.wp.com\/verde-amarelo.net\/verdeamarelo\/wp-content\/uploads\/2023\/05\/tres-decadas-formando-talentos-os-30-anos-de-stock-series.webp?ssl=1&w=75&resize=75&ssl=1 75w, https:\/\/i0.wp.com\/verde-amarelo.net\/verdeamarelo\/wp-content\/uploads\/2023\/05\/tres-decadas-formando-talentos-os-30-anos-de-stock-series.webp?ssl=1&w=100&resize=100&ssl=1 100w, https:\/\/i0.wp.com\/verde-amarelo.net\/verdeamarelo\/wp-content\/uploads\/2023\/05\/tres-decadas-formando-talentos-os-30-anos-de-stock-series.webp?ssl=1&w=150&resize=150&ssl=1 150w, https:\/\/i0.wp.com\/verde-amarelo.net\/verdeamarelo\/wp-content\/uploads\/2023\/05\/tres-decadas-formando-talentos-os-30-anos-de-stock-series.webp?ssl=1&w=240&resize=240&ssl=1 240w, https:\/\/i0.wp.com\/verde-amarelo.net\/verdeamarelo\/wp-content\/uploads\/2023\/05\/tres-decadas-formando-talentos-os-30-anos-de-stock-series.webp?ssl=1&w=320&resize=320&ssl=1 320w, https:\/\/i0.wp.com\/verde-amarelo.net\/verdeamarelo\/wp-content\/uploads\/2023\/05\/tres-decadas-formando-talentos-os-30-anos-de-stock-series.webp?ssl=1&w=500&resize=500&ssl=1 500w, https:\/\/i0.wp.com\/verde-amarelo.net\/verdeamarelo\/wp-content\/uploads\/2023\/05\/tres-decadas-formando-talentos-os-30-anos-de-stock-series.webp?ssl=1&w=640&resize=640&ssl=1 640w, https:\/\/i0.wp.com\/verde-amarelo.net\/verdeamarelo\/wp-content\/uploads\/2023\/05\/tres-decadas-formando-talentos-os-30-anos-de-stock-series.webp?ssl=1&w=800&resize=800&ssl=1 800w, https:\/\/i0.wp.com\/verde-amarelo.net\/verdeamarelo\/wp-content\/uploads\/2023\/05\/tres-decadas-formando-talentos-os-30-anos-de-stock-series.webp?ssl=1&w=1024&resize=1024&ssl=1 1024w, https:\/\/i0.wp.com\/verde-amarelo.net\/verdeamarelo\/wp-content\/uploads\/2023\/05\/tres-decadas-formando-talentos-os-30-anos-de-stock-series.webp?ssl=1&w=1280&resize=1280&ssl=1 1280w, https:\/\/i0.wp.com\/verde-amarelo.net\/verdeamarelo\/wp-content\/uploads\/2023\/05\/tres-decadas-formando-talentos-os-30-anos-de-stock-series.webp?ssl=1&w=1600&resize=1600&ssl=1 1600w\" decoding=\"async\" loading=\"lazy\" data-attachment-id=\"40655\" data-permalink=\"https:\/\/www.highspeedbrazil.com.br\/tres-decadas-formando-talentos-os-30-anos-de-stock-series\/422379_1058743_2465266096_721efe6344_o_web_\/\" data-orig-file=\"https:\/\/i0.wp.com\/www.highspeedbrazil.com.br\/wp-content\/uploads\/2023\/05\/422379_1058743_2465266096_721efe6344_o_web_.jpg?fit=600%2C399&ssl=1\" data-orig-size=\"600,399\" data-comments-opened=\"1\" data-image-meta=\"{\"aperture\":\"0\",\"credit\":\"\",\"camera\":\"\",\"caption\":\"\",\"created_timestamp\":\"0\",\"copyright\":\"\",\"focal_length\":\"0\",\"iso\":\"0\",\"shutter_speed\":\"0\",\"title\":\"\",\"orientation\":\"0\"}\" data-image-title=\"422379_1058743_2465266096_721efe6344_o_web_\" data-image-description data-medium-file=\"https:\/\/i0.wp.com\/www.highspeedbrazil.com.br\/wp-content\/uploads\/2023\/05\/422379_1058743_2465266096_721efe6344_o_web_.jpg?fit=300%2C200&ssl=1\" data-large-file=\"https:\/\/i0.wp.com\/www.highspeedbrazil.com.br\/wp-content\/uploads\/2023\/05\/422379_1058743_2465266096_721efe6344_o_web_.jpg?fit=600%2C399&ssl=1\" class=\" wp-image-40655 alignleft\" fifu-data-src=\"https:\/\/i0.wp.com\/verde-amarelo.net\/verdeamarelo\/wp-content\/uploads\/2023\/05\/tres-decadas-formando-talentos-os-30-anos-de-stock-series.webp?ssl=1\" alt width=\"305\" height=\"203\" srcset=\"https:\/\/verde-amarelo.net\/verdeamarelo\/wp-content\/uploads\/2023\/05\/tres-decadas-formando-talentos-os-30-anos-de-stock-series-1.jpg 600w, https:\/\/verde-amarelo.net\/verdeamarelo\/wp-content\/uploads\/2023\/05\/tres-decadas-formando-talentos-os-30-anos-de-stock-series-2.jpg 300w\" sizes=\"auto, (max-width: 305px) 100vw, 305px\" data-recalc-dims=\"1\"><\/noscript>Lewis Hamilton, Tony Kanaan e Cac\u00e1 Bueno t\u00eam alguns pontos em comum. Os tr\u00eas s\u00e3o grandes nomes do automobilismo e t\u00eam nas suas prateleiras uma galeria de trof\u00e9us e t\u00edtulos conquistados. Outro fato que une os pilotos \u00e9 que todos foram formados em categorias de acesso antes de atingirem o sucesso nas suas respectivas carreiras.<br \/>Tentando chegar \u00e0 F-1, Hamilton aprendeu sua arte enquanto conquistava o t\u00edtulo da antiga GP2, atualmente chamada F\u00f3rmula 2, em 2006. Tony Kanaan foi campe\u00e3o da Indy Lights em 1997, o que o ajudou a chegar \u00e0 F-Indy. No mesmo ano, Cac\u00e1 Bueno ergueu o trof\u00e9u de campe\u00e3o da Stock B, chamada hoje de Stock Series, o que abriu o caminho para sua carreira na Stock Car Pro Series.<br \/>Completando 30 anos de exist\u00eancia em 2023, a Stock Series j\u00e1 formou cerca de 400 pilotos. A categoria disputar\u00e1 no pr\u00f3ximo domingo, em Tarum\u00e3, a segunda etapa da temporada. Em meio a um ano de comemora\u00e7\u00e3o, os jovens talentos t\u00eam outras boas raz\u00f5es para tentar o t\u00edtulo. Atualmente, al\u00e9m de formar pilotos em alto n\u00edvel, a categoria tamb\u00e9m concede ao campe\u00e3o o maior pr\u00eamio da hist\u00f3ria do automobilismo brasileiro: uma bolsa equivalente a R$ 2,5 milh\u00f5es, equivalente ao custo de uma temporada completa na Stock Car Pro Series.<\/p>&nbsp;&nbsp;\n<p><strong>13 t\u00edtulos em 19 anos \u2013<\/strong>&nbsp;Em todo o mundo, as divis\u00f5es de acesso nasceram com o objetivo principal de oferecer espa\u00e7o e lapidar novos talentos que visam chegar \u00e0s categorias de ponta. O \u00faltimo degrau antes da Stock Car \u00e9 a Stock Series. Fundada em 1993, com 30 anos a Stock Series \u00e9 a divis\u00e3o de acesso mais longeva da hist\u00f3ria do automobilismo brasileiro. Dos \u00faltimos 19 t\u00edtulos colocados em jogo pela Stock principal, 13 foram conquistados por pilotos formados na Series.<br \/>Alguns dos centenas de pilotos formdos na Stock Series alcan\u00e7aram enorme sucesso. Al\u00e9m do pentacampe\u00e3o Cac\u00e1 Bueno, a categoria formou nomes como o tricampe\u00e3o Daniel Serra e os campe\u00f5es Felipe Fraga, Marcos Gomes e Gabriel Casagrande. A Series forjou ainda muitos outros vencedores para a Pro: Thiago Camilo (tricampe\u00e3o da Corrida do Milh\u00e3o), Guilherme Salas, Gaetano Di Mauro e Felipe Baptista est\u00e3o entre eles. Veja abaixo marcos importantes registrados pela Stock Series para o automobilismo brasileiro.<\/p>&nbsp;&nbsp;\n<p><strong>Funda\u00e7\u00e3o:<\/strong>&nbsp;1993<br \/><strong>Carro de estreia:<\/strong>&nbsp;Chevrolet Omega (monobloco de f\u00e1brica)<br \/><strong>Primeiros campe\u00f5es:<\/strong>&nbsp;Carlos Col \/ Georges \u201cGrego\u201d Lemonias<br \/><strong>Carro atual:<\/strong>&nbsp;Chevrolet Cruze Stock Series (estrutura tubular)<br \/><strong>Campe\u00e3o 2022:<\/strong>&nbsp;Vitor Baptista<br \/><strong>Custo por temporada:<\/strong>&nbsp;m\u00e1ximo de R$ 750 mil<br \/><strong>Pr\u00eamio ao campe\u00e3o:<\/strong>&nbsp;equivalente a R$ 2,5 milh\u00f5es<strong><br \/>Corridas em 2023:<\/strong>&nbsp;18<br \/><strong>Alguns campe\u00f5es na Stock principal:<\/strong>&nbsp;Cac\u00e1 Bueno (2006, 2007, 2009, 2011, 2012), Daniel Serra (2017, 2018, 2019), Marcos Gomes (2015), Felipe Fraga (2016) e Gabriel Casagrande (2021)<br \/><strong>Alguns destaques:<\/strong>&nbsp;Thiago Camilo (tricampe\u00e3o da Corrida do Milh\u00e3o), Felipe Baptista, Guilherme Salas, Gaetano Di Mauro \u2013 todos vencedores de corridas na Stock Pro<br \/><strong>Pilotos formados:<\/strong>&nbsp;Mais de 400 (estimativa)<\/p>\n<p><strong>Foto:&nbsp;Fernanda Freixosa\/Stock Car<br \/><\/strong>Por: Rodolpho Siqueira \/ Fernando Silva \/ Bruno Vicaria<\/p>\n<div class=\"sharedaddy sd-sharing-enabled\">\n<div class=\"robots-nocontent sd-block sd-social sd-social-icon sd-sharing\">\n<h3 class=\"sd-title\">Compartilhe isso:<\/h3>\n<\/div>\n<\/div>\n<p> Cr\u00e9ditos: High Speed Brazil<\/p>\n","protected":false},"excerpt":{"rendered":"<p>Em 30 anos, divis\u00e3o de acesso \u00e0 Stock Car formou cerca de 400 pilotos. \u00c9&#8230;<\/p>\n","protected":false},"author":1,"featured_media":87851,"comment_status":"closed","ping_status":"closed","sticky":false,"template":"","format":"standard","meta":{"fifu_image_url":"","fifu_image_alt":"","footnotes":""},"categories":[8428,7488,7492,727,8425],"tags":[11761,2584,2585,7738,3743,6029,6347,1432,735,4437,6255,6637,1525,1514,297,161,5912,1471,8545,3517,5524,6506,50,3897,1388,3657,1520,6141,6251,6562,2677,2640,2857,6437,6503,707,536,6104,1558,2670,6367,8616,6028,6468,6160,7638,2101,6507,1999,8426],"class_list":["post-87850","post","type-post","status-publish","format-standard","has-post-thumbnail","hentry","category-automobilismo","category-destaques","category-esportes","category-noticias","category-verde-amarelo","tag-11761","tag-2584","tag-2585","tag-7738","tag-arte","tag-automobilismo","tag-automobilismo-brasileiro","tag-bolsa","tag-brasil","tag-brasileiro","tag-campeao","tag-campeoes","tag-carreira","tag-carreiras","tag-categoria","tag-categorias","tag-chevrolet","tag-corrida","tag-creditos","tag-custo","tag-daniel","tag-daniel-serra","tag-destaques","tag-e","tag-escola","tag-esportes","tag-fabrica","tag-felipe-baptista","tag-gabriel-casagrande","tag-galeria","tag-historia","tag-jogo","tag-jovens","tag-lewis-hamilton","tag-marcos-gomes","tag-mundo","tag-novos-talentos","tag-outras","tag-pontos","tag-premio","tag-segunda-etapa","tag-serra","tag-stock-car","tag-stock-car-pro-series","tag-sucesso","tag-titulo","tag-temporada","tag-thiago-camilo","tag-veja","tag-verde-amarelo","wpcat-8428-id","wpcat-7488-id","wpcat-7492-id","wpcat-727-id","wpcat-8425-id"],"_links":{"self":[{"href":"https:\/\/verde-amarelo.net\/verdeamarelo\/wp-json\/wp\/v2\/posts\/87850","targetHints":{"allow":["GET"]}}],"collection":[{"href":"https:\/\/verde-amarelo.net\/verdeamarelo\/wp-json\/wp\/v2\/posts"}],"about":[{"href":"https:\/\/verde-amarelo.net\/verdeamarelo\/wp-json\/wp\/v2\/types\/post"}],"author":[{"embeddable":true,"href":"https:\/\/verde-amarelo.net\/verdeamarelo\/wp-json\/wp\/v2\/users\/1"}],"replies":[{"embeddable":true,"href":"https:\/\/verde-amarelo.net\/verdeamarelo\/wp-json\/wp\/v2\/comments?post=87850"}],"version-history":[{"count":0,"href":"https:\/\/verde-amarelo.net\/verdeamarelo\/wp-json\/wp\/v2\/posts\/87850\/revisions"}],"wp:featuredmedia":[{"embeddable":true,"href":"https:\/\/verde-amarelo.net\/verdeamarelo\/wp-json\/wp\/v2\/media\/87851"}],"wp:attachment":[{"href":"https:\/\/verde-amarelo.net\/verdeamarelo\/wp-json\/wp\/v2\/media?parent=87850"}],"wp:term":[{"taxonomy":"category","embeddable":true,"href":"https:\/\/verde-amarelo.net\/verdeamarelo\/wp-json\/wp\/v2\/categories?post=87850"},{"taxonomy":"post_tag","embeddable":true,"href":"https:\/\/verde-amarelo.net\/verdeamarelo\/wp-json\/wp\/v2\/tags?post=87850"}],"curies":[{"name":"wp","href":"https:\/\/api.w.org\/{rel}","templated":true}]}}