{"id":88058,"date":"2023-05-18T14:05:41","date_gmt":"2023-05-18T17:05:41","guid":{"rendered":"https:\/\/www.highspeedbrazil.com.br\/?p=40676"},"modified":"2024-03-13T19:15:10","modified_gmt":"2024-03-13T22:15:10","slug":"o-retorno-da-lenda-taruma-separa-os-homens-dos-meninos","status":"publish","type":"post","link":"https:\/\/verde-amarelo.net\/verdeamarelo\/2023\/05\/o-retorno-da-lenda-taruma-separa-os-homens-dos-meninos\/","title":{"rendered":"O retorno da lenda: \u201cTarum\u00e3 separa os homens dos meninos\u201d"},"content":{"rendered":"<p><em>Her\u00f3is da Stock Car falam da pista que desafia a t\u00e9cnica e a coragem dos pilotos. Categoria n\u00e3o compete no tra\u00e7ado desde 2017<\/em><\/p>\n<p><a href=\"https:\/\/i1.wp.com\/www.highspeedbrazil.com.br\/wp-content\/uploads\/2023\/05\/422448_1058923_ingo_2008_porfernandafreixosa.jpg?ssl=1\"><img src=\"data:image\/gif;base64,R0lGODlhAQABAIAAAAAAAP\/\/\/ywAAAAAAQABAAACAUwAOw==\" fifu-lazy=\"1\" fifu-data-sizes=\"auto\" fifu-data-srcset=\"https:\/\/i1.wp.com\/verde-amarelo.net\/verdeamarelo\/wp-content\/uploads\/2023\/05\/o-retorno-da-lenda-taruma-separa-os-homens-dos-meninos.webp?ssl=1&w=75&resize=75&ssl=1 75w, https:\/\/i1.wp.com\/verde-amarelo.net\/verdeamarelo\/wp-content\/uploads\/2023\/05\/o-retorno-da-lenda-taruma-separa-os-homens-dos-meninos.webp?ssl=1&w=100&resize=100&ssl=1 100w, https:\/\/i1.wp.com\/verde-amarelo.net\/verdeamarelo\/wp-content\/uploads\/2023\/05\/o-retorno-da-lenda-taruma-separa-os-homens-dos-meninos.webp?ssl=1&w=150&resize=150&ssl=1 150w, https:\/\/i1.wp.com\/verde-amarelo.net\/verdeamarelo\/wp-content\/uploads\/2023\/05\/o-retorno-da-lenda-taruma-separa-os-homens-dos-meninos.webp?ssl=1&w=240&resize=240&ssl=1 240w, https:\/\/i1.wp.com\/verde-amarelo.net\/verdeamarelo\/wp-content\/uploads\/2023\/05\/o-retorno-da-lenda-taruma-separa-os-homens-dos-meninos.webp?ssl=1&w=320&resize=320&ssl=1 320w, https:\/\/i1.wp.com\/verde-amarelo.net\/verdeamarelo\/wp-content\/uploads\/2023\/05\/o-retorno-da-lenda-taruma-separa-os-homens-dos-meninos.webp?ssl=1&w=500&resize=500&ssl=1 500w, https:\/\/i1.wp.com\/verde-amarelo.net\/verdeamarelo\/wp-content\/uploads\/2023\/05\/o-retorno-da-lenda-taruma-separa-os-homens-dos-meninos.webp?ssl=1&w=640&resize=640&ssl=1 640w, https:\/\/i1.wp.com\/verde-amarelo.net\/verdeamarelo\/wp-content\/uploads\/2023\/05\/o-retorno-da-lenda-taruma-separa-os-homens-dos-meninos.webp?ssl=1&w=800&resize=800&ssl=1 800w, https:\/\/i1.wp.com\/verde-amarelo.net\/verdeamarelo\/wp-content\/uploads\/2023\/05\/o-retorno-da-lenda-taruma-separa-os-homens-dos-meninos.webp?ssl=1&w=1024&resize=1024&ssl=1 1024w, https:\/\/i1.wp.com\/verde-amarelo.net\/verdeamarelo\/wp-content\/uploads\/2023\/05\/o-retorno-da-lenda-taruma-separa-os-homens-dos-meninos.webp?ssl=1&w=1280&resize=1280&ssl=1 1280w, https:\/\/i1.wp.com\/verde-amarelo.net\/verdeamarelo\/wp-content\/uploads\/2023\/05\/o-retorno-da-lenda-taruma-separa-os-homens-dos-meninos.webp?ssl=1&w=1600&resize=1600&ssl=1 1600w\" decoding=\"async\" loading=\"lazy\" data-attachment-id=\"40677\" data-permalink=\"https:\/\/www.highspeedbrazil.com.br\/o-retorno-da-lenda-taruma-separa-os-homens-dos-meninos\/422448_1058923_ingo_2008_porfernandafreixosa\/\" data-orig-file=\"https:\/\/i1.wp.com\/www.highspeedbrazil.com.br\/wp-content\/uploads\/2023\/05\/422448_1058923_ingo_2008_porfernandafreixosa.jpg?fit=640%2C425&ssl=1\" data-orig-size=\"640,425\" data-comments-opened=\"1\" data-image-meta=\"{\"aperture\":\"0\",\"credit\":\"\",\"camera\":\"\",\"caption\":\"\",\"created_timestamp\":\"0\",\"copyright\":\"\",\"focal_length\":\"0\",\"iso\":\"0\",\"shutter_speed\":\"0\",\"title\":\"\",\"orientation\":\"0\"}\" data-image-title=\"422448_1058923_ingo_2008_porfernandafreixosa\" data-image-description data-medium-file=\"https:\/\/i1.wp.com\/www.highspeedbrazil.com.br\/wp-content\/uploads\/2023\/05\/422448_1058923_ingo_2008_porfernandafreixosa.jpg?fit=300%2C199&ssl=1\" data-large-file=\"https:\/\/i1.wp.com\/www.highspeedbrazil.com.br\/wp-content\/uploads\/2023\/05\/422448_1058923_ingo_2008_porfernandafreixosa.jpg?fit=620%2C412&ssl=1\" class=\" wp-image-40677 alignleft jetpack-lazy-image\" fifu-data-src=\"https:\/\/i1.wp.com\/verde-amarelo.net\/verdeamarelo\/wp-content\/uploads\/2023\/05\/o-retorno-da-lenda-taruma-separa-os-homens-dos-meninos.webp?ssl=1\" alt width=\"303\" height=\"201\" data-recalc-dims=\"1\" data-lazy-srcset=\"https:\/\/verde-amarelo.net\/verdeamarelo\/wp-content\/uploads\/2023\/05\/o-retorno-da-lenda-taruma-separa-os-homens-dos-meninos-1.jpg 640w, https:\/\/verde-amarelo.net\/verdeamarelo\/wp-content\/uploads\/2023\/05\/o-retorno-da-lenda-taruma-separa-os-homens-dos-meninos-2.jpg 300w\" data-lazy-sizes=\"(max-width: 303px) 100vw, 303px\" srcset=\"data:image\/gif;base64,R0lGODlhAQABAIAAAAAAAP\/\/\/yH5BAEAAAAALAAAAAABAAEAAAIBRAA7\"><\/a><\/p>\n<p><noscript><img src=\"data:image\/gif;base64,R0lGODlhAQABAIAAAAAAAP\/\/\/ywAAAAAAQABAAACAUwAOw==\" fifu-lazy=\"1\" fifu-data-sizes=\"auto\" fifu-data-srcset=\"https:\/\/i1.wp.com\/verde-amarelo.net\/verdeamarelo\/wp-content\/uploads\/2023\/05\/o-retorno-da-lenda-taruma-separa-os-homens-dos-meninos.webp?ssl=1&w=75&resize=75&ssl=1 75w, https:\/\/i1.wp.com\/verde-amarelo.net\/verdeamarelo\/wp-content\/uploads\/2023\/05\/o-retorno-da-lenda-taruma-separa-os-homens-dos-meninos.webp?ssl=1&w=100&resize=100&ssl=1 100w, https:\/\/i1.wp.com\/verde-amarelo.net\/verdeamarelo\/wp-content\/uploads\/2023\/05\/o-retorno-da-lenda-taruma-separa-os-homens-dos-meninos.webp?ssl=1&w=150&resize=150&ssl=1 150w, https:\/\/i1.wp.com\/verde-amarelo.net\/verdeamarelo\/wp-content\/uploads\/2023\/05\/o-retorno-da-lenda-taruma-separa-os-homens-dos-meninos.webp?ssl=1&w=240&resize=240&ssl=1 240w, https:\/\/i1.wp.com\/verde-amarelo.net\/verdeamarelo\/wp-content\/uploads\/2023\/05\/o-retorno-da-lenda-taruma-separa-os-homens-dos-meninos.webp?ssl=1&w=320&resize=320&ssl=1 320w, https:\/\/i1.wp.com\/verde-amarelo.net\/verdeamarelo\/wp-content\/uploads\/2023\/05\/o-retorno-da-lenda-taruma-separa-os-homens-dos-meninos.webp?ssl=1&w=500&resize=500&ssl=1 500w, https:\/\/i1.wp.com\/verde-amarelo.net\/verdeamarelo\/wp-content\/uploads\/2023\/05\/o-retorno-da-lenda-taruma-separa-os-homens-dos-meninos.webp?ssl=1&w=640&resize=640&ssl=1 640w, https:\/\/i1.wp.com\/verde-amarelo.net\/verdeamarelo\/wp-content\/uploads\/2023\/05\/o-retorno-da-lenda-taruma-separa-os-homens-dos-meninos.webp?ssl=1&w=800&resize=800&ssl=1 800w, https:\/\/i1.wp.com\/verde-amarelo.net\/verdeamarelo\/wp-content\/uploads\/2023\/05\/o-retorno-da-lenda-taruma-separa-os-homens-dos-meninos.webp?ssl=1&w=1024&resize=1024&ssl=1 1024w, https:\/\/i1.wp.com\/verde-amarelo.net\/verdeamarelo\/wp-content\/uploads\/2023\/05\/o-retorno-da-lenda-taruma-separa-os-homens-dos-meninos.webp?ssl=1&w=1280&resize=1280&ssl=1 1280w, https:\/\/i1.wp.com\/verde-amarelo.net\/verdeamarelo\/wp-content\/uploads\/2023\/05\/o-retorno-da-lenda-taruma-separa-os-homens-dos-meninos.webp?ssl=1&w=1600&resize=1600&ssl=1 1600w\" decoding=\"async\" loading=\"lazy\" data-attachment-id=\"40677\" data-permalink=\"https:\/\/www.highspeedbrazil.com.br\/o-retorno-da-lenda-taruma-separa-os-homens-dos-meninos\/422448_1058923_ingo_2008_porfernandafreixosa\/\" data-orig-file=\"https:\/\/i1.wp.com\/www.highspeedbrazil.com.br\/wp-content\/uploads\/2023\/05\/422448_1058923_ingo_2008_porfernandafreixosa.jpg?fit=640%2C425&ssl=1\" data-orig-size=\"640,425\" data-comments-opened=\"1\" data-image-meta=\"{\"aperture\":\"0\",\"credit\":\"\",\"camera\":\"\",\"caption\":\"\",\"created_timestamp\":\"0\",\"copyright\":\"\",\"focal_length\":\"0\",\"iso\":\"0\",\"shutter_speed\":\"0\",\"title\":\"\",\"orientation\":\"0\"}\" data-image-title=\"422448_1058923_ingo_2008_porfernandafreixosa\" data-image-description data-medium-file=\"https:\/\/i1.wp.com\/www.highspeedbrazil.com.br\/wp-content\/uploads\/2023\/05\/422448_1058923_ingo_2008_porfernandafreixosa.jpg?fit=300%2C199&ssl=1\" data-large-file=\"https:\/\/i1.wp.com\/www.highspeedbrazil.com.br\/wp-content\/uploads\/2023\/05\/422448_1058923_ingo_2008_porfernandafreixosa.jpg?fit=620%2C412&ssl=1\" class=\" wp-image-40677 alignleft\" fifu-data-src=\"https:\/\/i1.wp.com\/verde-amarelo.net\/verdeamarelo\/wp-content\/uploads\/2023\/05\/o-retorno-da-lenda-taruma-separa-os-homens-dos-meninos.webp?ssl=1\" alt width=\"303\" height=\"201\" srcset=\"https:\/\/verde-amarelo.net\/verdeamarelo\/wp-content\/uploads\/2023\/05\/o-retorno-da-lenda-taruma-separa-os-homens-dos-meninos-1.jpg 640w, https:\/\/verde-amarelo.net\/verdeamarelo\/wp-content\/uploads\/2023\/05\/o-retorno-da-lenda-taruma-separa-os-homens-dos-meninos-2.jpg 300w\" sizes=\"auto, (max-width: 303px) 100vw, 303px\" data-recalc-dims=\"1\"><\/noscript>\u00c9 como se a Stock Car Pro Series voltasse \u00e0s suas origens. Aquela que se tornou a principal categoria do automobilismo na Am\u00e9rica do Sul regressa ao circuito onde sua hist\u00f3ria come\u00e7ou, em 22 de abril de 1979. O Aut\u00f3dromo Internacional de Tarum\u00e3, em Viam\u00e3o, na Grande Porto Alegre, receber\u00e1 uma prova da Stock Car depois de quase seis anos. A pista \u00e9 uma das mais tradicionais do esporte a motor brasileiro e, tamb\u00e9m, uma das mais desafiadoras pelas caracter\u00edsticas t\u00e9cnicas \u00fanicas e pelas altas velocidades impostas ao longo de pouco mais de tr\u00eas quil\u00f4metros de extens\u00e3o.<br \/>\u201cSer r\u00e1pido em Tarum\u00e3 n\u00e3o \u00e9 para qualquer um\u201d, define o tricampe\u00e3o da Stock Car, Chico Serra. \u201cTarum\u00e3 separa os homens dos meninos pelos riscos que envolvem uma volta na pista. \u00c9 preciso habilidade, sim. Mas tamb\u00e9m muita coragem\u201d, justifica o ex-piloto de F\u00f3rmula 1, em uma frase que era uma esp\u00e9cie de slogan de Tarum\u00e3 nas d\u00e9cadas de 70, 80 e 90, e que expressa a opini\u00e3o de Ingo Hoffmann e Paul\u00e3o Gomes, outras lendas que foram uma esp\u00e9cie de \u201ctrindade\u201d do automobilismo.<br \/>\u201cTarum\u00e3 sempre foi uma pista muito desafiadora. Eu, particularmente, gosto demais de pilotar l\u00e1. \u00c9 um dos meus tra\u00e7ados preferidos: simplesmente muito r\u00e1pido. Ao mesmo tempo, as voltas s\u00e3o curtas. Ent\u00e3o \u00e9 tudo muito din\u00e2mico. Lembro que as \u00e1reas de escape eram pequenas, o que a tornava ainda mais desafiadora em raz\u00e3o das suas curvas de alta velocidade. \u00c9 um mix ao mesmo tempo tentador e perigoso\u201d, detalha Serra.<\/p>&nbsp;&nbsp;\n<p><strong>\u201c\u00c9 uma pista raiz\u201d \u2013<\/strong>&nbsp;O piloto de Stock Car que mais venceu em Tarum\u00e3 foi Ingo Hoffmann, que foi oito vezes primeiro colocado no ic\u00f4nico tra\u00e7ado ga\u00facho. \u201cTarum\u00e3 \u00e9 uma pista raiz, mesmo\u201d, opina ele. \u201c\u00c9 muito r\u00e1pida, com m\u00e9dia hor\u00e1ria alta, n\u00e3o tem muitas \u00e1reas de escape \u2013 uma mistura que desafia qualquer a gente. E tamb\u00e9m intriga. Corri l\u00e1 pela primeira vez em 1974. Quando chegava em Tarum\u00e3 e via aquelas curvas 1 e 2, 8 e 9, levava algumas voltas para me adaptar. Era diferente das outras. Eu adorava correr l\u00e1\u201d, recordou Ingo.<br \/>Dono de quatro vit\u00f3rias em Tarum\u00e3, Paul\u00e3o Gomes tamb\u00e9m enfatizou o fato de o circuito ga\u00facho ser um tanto trai\u00e7oeiro. \u201c\u00c9 uma pista com muitos macetes. Se o piloto achar que sabe tudo, pode se estrepar\u201d, comenta o tetracampe\u00e3o, rindo de forma marota, ao mesmo tempo em que sugere se tratar de um aviso aos incautos. \u201cAgora, a pista est\u00e1 bem melhor, mais segura do que nos anos 70 ou 80. Mas ainda assim quem pilota em Tarum\u00e3 precisa ficar esperto\u201d, alerta.<br \/>Paul\u00e3o relembrou um momento marcante de sua carreira em Tarum\u00e3. \u201cEu gostava muito das curvas 1 e 2, as mais r\u00e1pidas e desafiadoras do circuito. L\u00e1, os carros vinham \u201cpendurados\u201d, como a gente definia quando v\u00ednhamos derrapando, no limite da ader\u00eancia\u201d, conta ele. \u201cTenho dali a lembran\u00e7a de uma ultrapassagem, de Stock Car, por fora, que \u00e9 muito mais arriscado. Foi no estilo tudo ou nada. Ningu\u00e9m gosta de ser ultrapassado por fora. Ent\u00e3o n\u00e3o vou dizer em cima de quem foi. Mas te garanto que foi uma cena inesquec\u00edvel\u201d.<\/p>&nbsp;&nbsp;\n<p><strong>Imagens hist\u00f3ricas \u2014<\/strong>&nbsp;Algumas das fotos desta mat\u00e9ria foram produzidas pelo ga\u00facho Paulo Dias Nunes, que cobriu a corrida de estreia da Stock Car em Tarum\u00e3, em 22 de abril de 1979. Pela preserva\u00e7\u00e3o dos registros, Paulo foi homenageado pela categoria em seis de abril de 2019, no Velopark (RS), no fim de semana das comemora\u00e7\u00f5es do anivers\u00e1rio de 40 anos da Stock Car e da 500\u00aa corrida da hist\u00f3ria da competi\u00e7\u00e3o. As imagens foram cedidas para este press-release.<\/p>&nbsp;&nbsp;\n<p><strong>Foto:&nbsp;Fernanda Freixosa\/Stock Car<\/strong><br \/>Por: Rodolpho Siqueira \/ Fernando Silva \/ Bruno Vicaria<\/p>\n<div class=\"sharedaddy sd-sharing-enabled\">\n<div class=\"robots-nocontent sd-block sd-social sd-social-icon sd-sharing\">\n<h3 class=\"sd-title\">Compartilhe isso:<\/h3>\n<\/div>\n<\/div>\n<p> Cr\u00e9ditos: High Speed Brazil<\/p>\n","protected":false},"excerpt":{"rendered":"<p>Her\u00f3is da Stock Car falam da pista que desafia a t\u00e9cnica e a coragem dos&#8230;<\/p>\n","protected":false},"author":1,"featured_media":88059,"comment_status":"closed","ping_status":"closed","sticky":false,"template":"","format":"standard","meta":{"fifu_image_url":"","fifu_image_alt":"","footnotes":""},"categories":[8428,7488,7492,727,8425],"tags":[11761,8299,2490,4404,3836,6029,1874,4437,1525,1666,297,163,2475,1471,8545,3897,1134,3657,2723,3864,260,3468,2677,3714,411,3084,4759,6484,1365,6104,2566,3794,8571,6094,8616,4270,6028,6468,3005,514,6190,3036,8426,2545],"class_list":["post-88058","post","type-post","status-publish","format-standard","has-post-thumbnail","hentry","category-automobilismo","category-destaques","category-esportes","category-noticias","category-verde-amarelo","tag-11761","tag-alerta","tag-alta","tag-america","tag-assim","tag-automobilismo","tag-bem","tag-brasileiro","tag-carreira","tag-carros","tag-categoria","tag-competicao","tag-conta","tag-corrida","tag-creditos","tag-e","tag-esporte","tag-esportes","tag-extensao","tag-formula-1","tag-forma","tag-fotos","tag-historia","tag-homens","tag-internacional","tag-mix","tag-momento","tag-motor","tag-opiniao","tag-outras","tag-pequenas","tag-porto-alegre","tag-preservacao","tag-release","tag-serra","tag-slogan","tag-stock-car","tag-stock-car-pro-series","tag-sul","tag-tecnica","tag-te","tag-velocidade","tag-verde-amarelo","tag-via","wpcat-8428-id","wpcat-7488-id","wpcat-7492-id","wpcat-727-id","wpcat-8425-id"],"_links":{"self":[{"href":"https:\/\/verde-amarelo.net\/verdeamarelo\/wp-json\/wp\/v2\/posts\/88058","targetHints":{"allow":["GET"]}}],"collection":[{"href":"https:\/\/verde-amarelo.net\/verdeamarelo\/wp-json\/wp\/v2\/posts"}],"about":[{"href":"https:\/\/verde-amarelo.net\/verdeamarelo\/wp-json\/wp\/v2\/types\/post"}],"author":[{"embeddable":true,"href":"https:\/\/verde-amarelo.net\/verdeamarelo\/wp-json\/wp\/v2\/users\/1"}],"replies":[{"embeddable":true,"href":"https:\/\/verde-amarelo.net\/verdeamarelo\/wp-json\/wp\/v2\/comments?post=88058"}],"version-history":[{"count":0,"href":"https:\/\/verde-amarelo.net\/verdeamarelo\/wp-json\/wp\/v2\/posts\/88058\/revisions"}],"wp:featuredmedia":[{"embeddable":true,"href":"https:\/\/verde-amarelo.net\/verdeamarelo\/wp-json\/wp\/v2\/media\/88059"}],"wp:attachment":[{"href":"https:\/\/verde-amarelo.net\/verdeamarelo\/wp-json\/wp\/v2\/media?parent=88058"}],"wp:term":[{"taxonomy":"category","embeddable":true,"href":"https:\/\/verde-amarelo.net\/verdeamarelo\/wp-json\/wp\/v2\/categories?post=88058"},{"taxonomy":"post_tag","embeddable":true,"href":"https:\/\/verde-amarelo.net\/verdeamarelo\/wp-json\/wp\/v2\/tags?post=88058"}],"curies":[{"name":"wp","href":"https:\/\/api.w.org\/{rel}","templated":true}]}}