{"id":89897,"date":"2023-05-29T13:52:19","date_gmt":"2023-05-29T16:52:19","guid":{"rendered":"https:\/\/www.highspeedbrazil.com.br\/?p=40762"},"modified":"2024-07-30T17:21:27","modified_gmt":"2024-07-30T20:21:27","slug":"no-sul-brasileiro-de-kart-felipe-sanches-sobe-ao-podio-nas-duas-categorias-que-disputou","status":"publish","type":"post","link":"https:\/\/verde-amarelo.net\/verdeamarelo\/2023\/05\/no-sul-brasileiro-de-kart-felipe-sanches-sobe-ao-podio-nas-duas-categorias-que-disputou\/","title":{"rendered":"No Sul-Brasileiro de Kart, Felipe Sanches sobe ao p\u00f3dio nas duas categorias que disputou"},"content":{"rendered":"<p><em>Felipe participou do evento com a inten\u00e7\u00e3o de conhecer a pista e se aperfei\u00e7oar para a Copa Brasil, em julho, no entanto, bem mais que uma simples experi\u00eancia, ele saiu comemorando o bom desempenho e as conquistas alcan\u00e7adas nas categorias Cadete e Rok Kids.<\/em><\/p>\n<p><a href=\"https:\/\/i1.wp.com\/www.highspeedbrazil.com.br\/wp-content\/uploads\/2023\/05\/423091_1060951_whatsapp_image_2023_05_26_at_21.12.00_web_.jpeg?ssl=1\"><img src=\"data:image\/gif;base64,R0lGODlhAQABAIAAAAAAAP\/\/\/ywAAAAAAQABAAACAUwAOw==\" fifu-lazy=\"1\" fifu-data-sizes=\"auto\" fifu-data-srcset=\"https:\/\/i2.wp.com\/verde-amarelo.net\/verdeamarelo\/wp-content\/uploads\/2023\/05\/no-sul-brasileiro-de-kart-felipe-sanches-sobe-ao-podio-nas-duas-categorias-que-disputou.webp?ssl=1&w=75&resize=75&ssl=1 75w, https:\/\/i2.wp.com\/verde-amarelo.net\/verdeamarelo\/wp-content\/uploads\/2023\/05\/no-sul-brasileiro-de-kart-felipe-sanches-sobe-ao-podio-nas-duas-categorias-que-disputou.webp?ssl=1&w=100&resize=100&ssl=1 100w, https:\/\/i2.wp.com\/verde-amarelo.net\/verdeamarelo\/wp-content\/uploads\/2023\/05\/no-sul-brasileiro-de-kart-felipe-sanches-sobe-ao-podio-nas-duas-categorias-que-disputou.webp?ssl=1&w=150&resize=150&ssl=1 150w, https:\/\/i2.wp.com\/verde-amarelo.net\/verdeamarelo\/wp-content\/uploads\/2023\/05\/no-sul-brasileiro-de-kart-felipe-sanches-sobe-ao-podio-nas-duas-categorias-que-disputou.webp?ssl=1&w=240&resize=240&ssl=1 240w, https:\/\/i2.wp.com\/verde-amarelo.net\/verdeamarelo\/wp-content\/uploads\/2023\/05\/no-sul-brasileiro-de-kart-felipe-sanches-sobe-ao-podio-nas-duas-categorias-que-disputou.webp?ssl=1&w=320&resize=320&ssl=1 320w, https:\/\/i2.wp.com\/verde-amarelo.net\/verdeamarelo\/wp-content\/uploads\/2023\/05\/no-sul-brasileiro-de-kart-felipe-sanches-sobe-ao-podio-nas-duas-categorias-que-disputou.webp?ssl=1&w=500&resize=500&ssl=1 500w, https:\/\/i2.wp.com\/verde-amarelo.net\/verdeamarelo\/wp-content\/uploads\/2023\/05\/no-sul-brasileiro-de-kart-felipe-sanches-sobe-ao-podio-nas-duas-categorias-que-disputou.webp?ssl=1&w=640&resize=640&ssl=1 640w, https:\/\/i2.wp.com\/verde-amarelo.net\/verdeamarelo\/wp-content\/uploads\/2023\/05\/no-sul-brasileiro-de-kart-felipe-sanches-sobe-ao-podio-nas-duas-categorias-que-disputou.webp?ssl=1&w=800&resize=800&ssl=1 800w, https:\/\/i2.wp.com\/verde-amarelo.net\/verdeamarelo\/wp-content\/uploads\/2023\/05\/no-sul-brasileiro-de-kart-felipe-sanches-sobe-ao-podio-nas-duas-categorias-que-disputou.webp?ssl=1&w=1024&resize=1024&ssl=1 1024w, https:\/\/i2.wp.com\/verde-amarelo.net\/verdeamarelo\/wp-content\/uploads\/2023\/05\/no-sul-brasileiro-de-kart-felipe-sanches-sobe-ao-podio-nas-duas-categorias-que-disputou.webp?ssl=1&w=1280&resize=1280&ssl=1 1280w, https:\/\/i2.wp.com\/verde-amarelo.net\/verdeamarelo\/wp-content\/uploads\/2023\/05\/no-sul-brasileiro-de-kart-felipe-sanches-sobe-ao-podio-nas-duas-categorias-que-disputou.webp?ssl=1&w=1600&resize=1600&ssl=1 1600w\" decoding=\"async\" loading=\"lazy\" data-attachment-id=\"40763\" data-permalink=\"https:\/\/www.highspeedbrazil.com.br\/no-sul-brasileiro-de-kart-felipe-sanches-sobe-ao-podio-nas-duas-categorias-que-disputou\/423091_1060951_whatsapp_image_2023_05_26_at_21-12-00_web_\/\" data-orig-file=\"https:\/\/i1.wp.com\/www.highspeedbrazil.com.br\/wp-content\/uploads\/2023\/05\/423091_1060951_whatsapp_image_2023_05_26_at_21.12.00_web_.jpeg?fit=600%2C400&ssl=1\" data-orig-size=\"600,400\" data-comments-opened=\"1\" data-image-meta=\"{\"aperture\":\"0\",\"credit\":\"\",\"camera\":\"\",\"caption\":\"\",\"created_timestamp\":\"0\",\"copyright\":\"\",\"focal_length\":\"0\",\"iso\":\"0\",\"shutter_speed\":\"0\",\"title\":\"\",\"orientation\":\"0\"}\" data-image-title=\"423091_1060951_whatsapp_image_2023_05_26_at_21.12.00_web_\" data-image-description data-medium-file=\"https:\/\/i1.wp.com\/www.highspeedbrazil.com.br\/wp-content\/uploads\/2023\/05\/423091_1060951_whatsapp_image_2023_05_26_at_21.12.00_web_.jpeg?fit=300%2C200&ssl=1\" data-large-file=\"https:\/\/i1.wp.com\/www.highspeedbrazil.com.br\/wp-content\/uploads\/2023\/05\/423091_1060951_whatsapp_image_2023_05_26_at_21.12.00_web_.jpeg?fit=600%2C400&ssl=1\" class=\" wp-image-40763 alignleft jetpack-lazy-image\" fifu-data-src=\"https:\/\/i2.wp.com\/verde-amarelo.net\/verdeamarelo\/wp-content\/uploads\/2023\/05\/no-sul-brasileiro-de-kart-felipe-sanches-sobe-ao-podio-nas-duas-categorias-que-disputou.webp?ssl=1\" alt width=\"279\" height=\"186\" data-recalc-dims=\"1\" data-lazy-srcset=\"https:\/\/verde-amarelo.net\/verdeamarelo\/wp-content\/uploads\/2023\/05\/no-sul-brasileiro-de-kart-felipe-sanches-sobe-ao-podio-nas-duas-categorias-que-disputou-1.jpg 600w, https:\/\/verde-amarelo.net\/verdeamarelo\/wp-content\/uploads\/2023\/05\/no-sul-brasileiro-de-kart-felipe-sanches-sobe-ao-podio-nas-duas-categorias-que-disputou-2.jpg 300w\" data-lazy-sizes=\"(max-width: 279px) 100vw, 279px\" srcset=\"data:image\/gif;base64,R0lGODlhAQABAIAAAAAAAP\/\/\/yH5BAEAAAAALAAAAAABAAEAAAIBRAA7\"><\/a><\/p>\n<p><noscript><img src=\"data:image\/gif;base64,R0lGODlhAQABAIAAAAAAAP\/\/\/ywAAAAAAQABAAACAUwAOw==\" fifu-lazy=\"1\" fifu-data-sizes=\"auto\" fifu-data-srcset=\"https:\/\/i2.wp.com\/verde-amarelo.net\/verdeamarelo\/wp-content\/uploads\/2023\/05\/no-sul-brasileiro-de-kart-felipe-sanches-sobe-ao-podio-nas-duas-categorias-que-disputou.webp?ssl=1&w=75&resize=75&ssl=1 75w, https:\/\/i2.wp.com\/verde-amarelo.net\/verdeamarelo\/wp-content\/uploads\/2023\/05\/no-sul-brasileiro-de-kart-felipe-sanches-sobe-ao-podio-nas-duas-categorias-que-disputou.webp?ssl=1&w=100&resize=100&ssl=1 100w, https:\/\/i2.wp.com\/verde-amarelo.net\/verdeamarelo\/wp-content\/uploads\/2023\/05\/no-sul-brasileiro-de-kart-felipe-sanches-sobe-ao-podio-nas-duas-categorias-que-disputou.webp?ssl=1&w=150&resize=150&ssl=1 150w, https:\/\/i2.wp.com\/verde-amarelo.net\/verdeamarelo\/wp-content\/uploads\/2023\/05\/no-sul-brasileiro-de-kart-felipe-sanches-sobe-ao-podio-nas-duas-categorias-que-disputou.webp?ssl=1&w=240&resize=240&ssl=1 240w, https:\/\/i2.wp.com\/verde-amarelo.net\/verdeamarelo\/wp-content\/uploads\/2023\/05\/no-sul-brasileiro-de-kart-felipe-sanches-sobe-ao-podio-nas-duas-categorias-que-disputou.webp?ssl=1&w=320&resize=320&ssl=1 320w, https:\/\/i2.wp.com\/verde-amarelo.net\/verdeamarelo\/wp-content\/uploads\/2023\/05\/no-sul-brasileiro-de-kart-felipe-sanches-sobe-ao-podio-nas-duas-categorias-que-disputou.webp?ssl=1&w=500&resize=500&ssl=1 500w, https:\/\/i2.wp.com\/verde-amarelo.net\/verdeamarelo\/wp-content\/uploads\/2023\/05\/no-sul-brasileiro-de-kart-felipe-sanches-sobe-ao-podio-nas-duas-categorias-que-disputou.webp?ssl=1&w=640&resize=640&ssl=1 640w, https:\/\/i2.wp.com\/verde-amarelo.net\/verdeamarelo\/wp-content\/uploads\/2023\/05\/no-sul-brasileiro-de-kart-felipe-sanches-sobe-ao-podio-nas-duas-categorias-que-disputou.webp?ssl=1&w=800&resize=800&ssl=1 800w, https:\/\/i2.wp.com\/verde-amarelo.net\/verdeamarelo\/wp-content\/uploads\/2023\/05\/no-sul-brasileiro-de-kart-felipe-sanches-sobe-ao-podio-nas-duas-categorias-que-disputou.webp?ssl=1&w=1024&resize=1024&ssl=1 1024w, https:\/\/i2.wp.com\/verde-amarelo.net\/verdeamarelo\/wp-content\/uploads\/2023\/05\/no-sul-brasileiro-de-kart-felipe-sanches-sobe-ao-podio-nas-duas-categorias-que-disputou.webp?ssl=1&w=1280&resize=1280&ssl=1 1280w, https:\/\/i2.wp.com\/verde-amarelo.net\/verdeamarelo\/wp-content\/uploads\/2023\/05\/no-sul-brasileiro-de-kart-felipe-sanches-sobe-ao-podio-nas-duas-categorias-que-disputou.webp?ssl=1&w=1600&resize=1600&ssl=1 1600w\" decoding=\"async\" loading=\"lazy\" data-attachment-id=\"40763\" data-permalink=\"https:\/\/www.highspeedbrazil.com.br\/no-sul-brasileiro-de-kart-felipe-sanches-sobe-ao-podio-nas-duas-categorias-que-disputou\/423091_1060951_whatsapp_image_2023_05_26_at_21-12-00_web_\/\" data-orig-file=\"https:\/\/i1.wp.com\/www.highspeedbrazil.com.br\/wp-content\/uploads\/2023\/05\/423091_1060951_whatsapp_image_2023_05_26_at_21.12.00_web_.jpeg?fit=600%2C400&ssl=1\" data-orig-size=\"600,400\" data-comments-opened=\"1\" data-image-meta=\"{\"aperture\":\"0\",\"credit\":\"\",\"camera\":\"\",\"caption\":\"\",\"created_timestamp\":\"0\",\"copyright\":\"\",\"focal_length\":\"0\",\"iso\":\"0\",\"shutter_speed\":\"0\",\"title\":\"\",\"orientation\":\"0\"}\" data-image-title=\"423091_1060951_whatsapp_image_2023_05_26_at_21.12.00_web_\" data-image-description data-medium-file=\"https:\/\/i1.wp.com\/www.highspeedbrazil.com.br\/wp-content\/uploads\/2023\/05\/423091_1060951_whatsapp_image_2023_05_26_at_21.12.00_web_.jpeg?fit=300%2C200&ssl=1\" data-large-file=\"https:\/\/i1.wp.com\/www.highspeedbrazil.com.br\/wp-content\/uploads\/2023\/05\/423091_1060951_whatsapp_image_2023_05_26_at_21.12.00_web_.jpeg?fit=600%2C400&ssl=1\" class=\" wp-image-40763 alignleft\" fifu-data-src=\"https:\/\/i2.wp.com\/verde-amarelo.net\/verdeamarelo\/wp-content\/uploads\/2023\/05\/no-sul-brasileiro-de-kart-felipe-sanches-sobe-ao-podio-nas-duas-categorias-que-disputou.webp?ssl=1\" alt width=\"279\" height=\"186\" srcset=\"https:\/\/verde-amarelo.net\/verdeamarelo\/wp-content\/uploads\/2023\/05\/no-sul-brasileiro-de-kart-felipe-sanches-sobe-ao-podio-nas-duas-categorias-que-disputou-1.jpg 600w, https:\/\/verde-amarelo.net\/verdeamarelo\/wp-content\/uploads\/2023\/05\/no-sul-brasileiro-de-kart-felipe-sanches-sobe-ao-podio-nas-duas-categorias-que-disputou-2.jpg 300w\" sizes=\"auto, (max-width: 279px) 100vw, 279px\" data-recalc-dims=\"1\"><\/noscript>O fim de semana foi de muito trabalho no Kart\u00f3dromo Internacional Beto Carrero, em Penha, Santa Catarina, durante a 26\u00aa edi\u00e7\u00e3o do Sul-Brasileiro de Kart. Pilotos de v\u00e1rias partes do pa\u00eds se encontraram na pista que em breve ser\u00e1 palco da Copa Brasil, uma das principais competi\u00e7\u00f5es do Brasil. O paulista Felipe Sanches (Concept Kart \/ Sanches e Sabioni Sociedade de Advogados \/ Andrea Sanches Semijoias \/ Fazenda P\u00f4r do Sol \/ Coach James Ricci) marcou presen\u00e7a na disputa e saiu com dois trof\u00e9us nas m\u00e3os.<\/p>&nbsp;&nbsp;\n<p>O piloto acelerou na Cadete e Rok Kids e subiu ao p\u00f3dio da grande final, nas duas categorias. Felipe participou do evento com a inten\u00e7\u00e3o de conhecer a pista e se aperfei\u00e7oar para a Copa Brasil, em julho, no entanto, bem mais que uma simples experi\u00eancia, ele saiu comemorando o bom desempenho e as conquistas alcan\u00e7adas.<\/p>&nbsp;&nbsp;\n<p>Na Cadete, ainda nos treinos durante a semana, Sanches encontrou dificuldades na pista, j\u00e1 que estava em adapta\u00e7\u00e3o. J\u00e1 nas classificat\u00f3rias, com as puni\u00e7\u00f5es, ele acabou finalizando em P10 nas duas baterias.<\/p>&nbsp;&nbsp;\n<p>Na final, o piloto ia largar na nona posi\u00e7\u00e3o, por\u00e9m foi preciso fazer a troca do motor e com isso Felipe largou de P11. De P11, ele teve uma boa recupera\u00e7\u00e3o, terminando na 6\u00aa posi\u00e7\u00e3o. Com a puni\u00e7\u00e3o de um piloto que estava na frente, o resultado final foi P5, dando a ele uma vaga no p\u00f3dio.<\/p>&nbsp;&nbsp;\n<p>\u201cFoi uma corrida de aperfei\u00e7oamento de pista e de supera\u00e7\u00e3o. Fiquei feliz demais com a oportunidade de subir ao p\u00f3dio. Vim para treinar pra Copa Brasil e sa\u00ed com um trof\u00e9u bonito nas m\u00e3os\u201d, comentou Felipe.<\/p>&nbsp;&nbsp;\n<p>J\u00e1 na categoria Rok Kids, al\u00e9m da quest\u00e3o da dificuldade com a pista, ele teve que lidar com um equipamento diferente: um cadete com motor mais forte. Como foi a primeira dele vez, ele sentiu muito a pot\u00eancia da m\u00e1quina. Ainda assim, ele se adaptou bem e mostrou boa evolu\u00e7\u00e3o a bordo do kart. Ele largou de P9 na bateria final, brigou bonito para ganhar posi\u00e7\u00f5es e alcan\u00e7ou a 4\u00aa posi\u00e7\u00e3o, conquistando assim o seu segundo p\u00f3dio.<\/p>&nbsp;&nbsp;\n<p>\u201cForam bons resultados. A gente t\u00e1 conhecendo ainda a respeito do equipamento. Foi uma experi\u00eancia que trouxe aprendizados. Felizmente rendeu bons frutos\u201d, destacou Vander Sanches, pai do piloto.<\/p>&nbsp;&nbsp;\n<p>Agora, Felipe segue para a rodada tripla da Copa S\u00e3o Paulo Light que marcar\u00e1 a 5\u00aa etapa da competi\u00e7\u00e3o. A disputa acontece no Kart\u00f3dromo de Interlagos, no pr\u00f3ximo s\u00e1bado (3).<\/p>&nbsp;&nbsp;\n<p><strong><em>Por: Natally Domingos Marques \/ KM Assessoria<\/em><\/strong><\/p>\n<p>Foto:&nbsp;KMCom \/ Gilmar Rose<\/p>\n<p><strong>Siga&nbsp;Felipe Sanches<\/strong><\/p>\n<p>Instagram: @FelipeFranciscoSanches<\/p>\n<div class=\"sharedaddy sd-sharing-enabled\">\n<div class=\"robots-nocontent sd-block sd-social sd-social-icon sd-sharing\">\n<h3 class=\"sd-title\">Compartilhe isso:<\/h3>\n<\/div>\n<\/div>\n<p> Cr\u00e9ditos: High Speed Brazil<\/p>\n","protected":false},"excerpt":{"rendered":"<p>Felipe participou do evento com a inten\u00e7\u00e3o de conhecer a pista e se aperfei\u00e7oar para&#8230;<\/p>\n","protected":false},"author":1,"featured_media":89898,"comment_status":"closed","ping_status":"closed","sticky":false,"template":"","format":"standard","meta":{"fifu_image_url":"","fifu_image_alt":"","footnotes":""},"categories":[8428,7488,7492,727,8425],"tags":[179,7447,686,3836,6029,2364,1874,735,4437,6237,297,161,163,7591,7655,6419,6067,1471,8545,2958,3897,3581,3657,1223,775,200,6258,2800,77,6068,411,6064,6081,2801,6484,3734,4017,1870,1796,2456,874,6554,2013,4057,517,3005,152,2944,8426],"class_list":["post-89897","post","type-post","status-publish","format-standard","has-post-thumbnail","hentry","category-automobilismo","category-destaques","category-esportes","category-noticias","category-verde-amarelo","tag-acontece","tag-advogados","tag-assessoria","tag-assim","tag-automobilismo","tag-baterias","tag-bem","tag-brasil","tag-brasileiro","tag-cadete","tag-categoria","tag-categorias","tag-competicao","tag-copa","tag-copa-brasil","tag-copa-sao-paulo","tag-copa-sao-paulo-light","tag-corrida","tag-creditos","tag-disputa","tag-e","tag-edicao","tag-esportes","tag-evento","tag-experiencia","tag-fazenda","tag-felipe-sanches","tag-ia","tag-instagram","tag-interlagos","tag-internacional","tag-kart","tag-kartodromo-de-interlagos","tag-maquina","tag-motor","tag-oportunidade","tag-presenca","tag-recuperacao","tag-resultado","tag-resultados","tag-sao-paulo","tag-santa-catarina","tag-simples","tag-sociedade","tag-sol","tag-sul","tag-trabalho","tag-vaga","tag-verde-amarelo","wpcat-8428-id","wpcat-7488-id","wpcat-7492-id","wpcat-727-id","wpcat-8425-id"],"_links":{"self":[{"href":"https:\/\/verde-amarelo.net\/verdeamarelo\/wp-json\/wp\/v2\/posts\/89897","targetHints":{"allow":["GET"]}}],"collection":[{"href":"https:\/\/verde-amarelo.net\/verdeamarelo\/wp-json\/wp\/v2\/posts"}],"about":[{"href":"https:\/\/verde-amarelo.net\/verdeamarelo\/wp-json\/wp\/v2\/types\/post"}],"author":[{"embeddable":true,"href":"https:\/\/verde-amarelo.net\/verdeamarelo\/wp-json\/wp\/v2\/users\/1"}],"replies":[{"embeddable":true,"href":"https:\/\/verde-amarelo.net\/verdeamarelo\/wp-json\/wp\/v2\/comments?post=89897"}],"version-history":[{"count":0,"href":"https:\/\/verde-amarelo.net\/verdeamarelo\/wp-json\/wp\/v2\/posts\/89897\/revisions"}],"wp:featuredmedia":[{"embeddable":true,"href":"https:\/\/verde-amarelo.net\/verdeamarelo\/wp-json\/wp\/v2\/media\/89898"}],"wp:attachment":[{"href":"https:\/\/verde-amarelo.net\/verdeamarelo\/wp-json\/wp\/v2\/media?parent=89897"}],"wp:term":[{"taxonomy":"category","embeddable":true,"href":"https:\/\/verde-amarelo.net\/verdeamarelo\/wp-json\/wp\/v2\/categories?post=89897"},{"taxonomy":"post_tag","embeddable":true,"href":"https:\/\/verde-amarelo.net\/verdeamarelo\/wp-json\/wp\/v2\/tags?post=89897"}],"curies":[{"name":"wp","href":"https:\/\/api.w.org\/{rel}","templated":true}]}}