{"id":90106,"date":"2023-06-01T17:21:32","date_gmt":"2023-06-01T20:21:32","guid":{"rendered":"https:\/\/verde-amarelo.net\/verdeamarelo\/?p=90106"},"modified":"2023-06-01T21:37:27","modified_gmt":"2023-06-02T00:37:27","slug":"mais-de-2-mil-pessoas-participaram-das-acoes-de-seguranca-no-sistema-castello-raposo","status":"publish","type":"post","link":"https:\/\/verde-amarelo.net\/verdeamarelo\/2023\/06\/mais-de-2-mil-pessoas-participaram-das-acoes-de-seguranca-no-sistema-castello-raposo\/","title":{"rendered":"Mais de 2 mil pessoas participaram das a\u00e7\u00f5es de seguran\u00e7a no Sistema Castello-Raposo"},"content":{"rendered":"<div class=\"postie-post\">\n<div>\n<div class=\"WordSection1\">\n<p class=\"MsoNormal\">\n<p class=\"MsoNormal\" style=\"text-align: center; line-height: 150%;\" align=\"center\">\n<p class=\"MsoNormal\" style=\"text-align: center; line-height: 150%; background: white; text-autospace: none;\" align=\"center\"><b>\u00a0\u00a0\u00a0\u00a0\u00a0\u00a0\u00a0\u00a0\u00a0\u00a0\u00a0 <\/b><i>As a\u00e7\u00f5es foram realizadas nas rodovias e em trechos urbanos, com a parceria dos departamentos de transito municipais.<\/i><\/p>\n<p class=\"MsoNormal\" style=\"text-align: center; line-height: 150%; background: white; text-autospace: none;\" align=\"center\"><i>\u00a0<\/i><\/p>\n<p class=\"MsoNormal\" style=\"text-align: center; line-height: 150%; background: white; text-autospace: none;\" align=\"center\">\n<p class=\"MsoNormal\" style=\"text-align: center;\" align=\"center\">\n<p class=\"MsoNormal\" style=\"text-align: justify; line-height: 150%;\">Ao longo do m\u00eas de maio, mais de 2 mil pessoas participaram das a\u00e7\u00f5es de seguran\u00e7a promovidas pela CCR ViaOeste, <span style=\"color: #1a1a1a; background: white;\">em apoio a<\/span>o movimento internacional Maio Amarelo, que tem o objetivo de conscientizar e mobilizar a sociedade para a redu\u00e7\u00e3o de acidentes no tr\u00e2nsito e preserva\u00e7\u00e3o da vida.<\/p>&nbsp;&nbsp;\n<p class=\"MsoNormal\" style=\"text-align: justify; line-height: 150%;\">\n<p class=\"MsoNormal\" style=\"text-align: justify; line-height: 150%; background: white; vertical-align: baseline;\">As a\u00e7\u00f5es foram realizadas durante os atendimentos dos motoristas e em a\u00e7\u00f5es espec\u00edficas nas bases operacionais da Concession\u00e1ria, postos de servi\u00e7os nas rodovias, e no vi\u00e1rio urbano, em parceria com os departamentos de tr\u00e2nsito municipais, entre elas, \u201cAcorda Motorista\u201d para caminhoneiros, \u201cTravessia Segura\u201d para pedestres, e a\u00e7\u00e3o educativa para motociclistas com entrega de antena corta pipa nas cidades de Sorocaba e Barueri.<\/p>&nbsp;&nbsp;\n<p class=\"MsoNormal\" style=\"text-align: justify; line-height: 150%; background: white; vertical-align: baseline;\">\n<p class=\"MsoNormal\" style=\"text-align: justify; line-height: 150%; background: white; vertical-align: baseline;\">As abordagens foram feitas com orienta\u00e7\u00f5es e entrega de materiais impressos sobre temas importantes, como uso do cinto de seguran\u00e7a, riscos de dirigir utilizando celular, excesso de velocidade e ingest\u00e3o de bebidas alco\u00f3licas.<\/p>&nbsp;&nbsp;\n<p class=\"MsoNormal\" style=\"text-align: justify; line-height: 150%;\"><i>\u00a0<\/i><\/p>\n<p class=\"MsoNormal\" style=\"text-align: justify; line-height: 150%; text-autospace: none;\">As atividades do Movimento Maio Amarelo realizadas pela CCR Viaoeste refor\u00e7aram as a\u00e7\u00f5es educativas j\u00e1 realizadas pela Concession\u00e1ria ao longo do ano por meio do PRA &#8211; Plano de Redu\u00e7\u00e3o de Acidentes \u2013 PRA, com o prop\u00f3sito de gerar consci\u00eancia nos diversos p\u00fablicos que utilizam o Sistema Castello-Raposo, sobre a import\u00e2ncia de ter atitudes respons\u00e1veis no tr\u00e2nsito para evitar acidentes e fatalidades.<\/p>&nbsp;&nbsp;\n<p class=\"MsoNormal\" style=\"text-align: justify; line-height: 150%; text-autospace: none;\"><span style=\"font-size: 12.0pt; line-height: 150%;\">\u00a0<\/span><\/p>\n<p class=\"MsoNormal\" style=\"text-align: justify;\"><b><i><span style=\"font-size: 8.0pt;\">Sobre a CCR ViaOeste<\/span><\/i><\/b><i><span style=\"font-size: 8.0pt;\">: <strong>A CCR ViaOeste \u00e9 respons\u00e1vel pela administra\u00e7\u00e3o do Sistema Castello-Raposo e gerencia 168,62 quil\u00f4metros de rodovias, compreendendo as Rodovias Castello Branco (SP-280), de Osasco a Itu; Raposo Tavares (SP-270), de Cotia a Ara\u00e7oiaba da Serra; Senador Jos\u00e9 Erm\u00edrio de Moraes (SP-075), de Sorocaba a Itu e Dr. Celso Charuri (SP-091\/270), em Sorocaba. Foi a sexta concession\u00e1ria a integrar o Grupo CCR.<\/strong><\/span><\/i><b><i><\/i><\/b><\/p>\n<p class=\"Default\" style=\"text-align: justify;\"><i><span style=\"font-size: 8.0pt; color: windowtext; mso-fareast-language: PT-BR;\">\u00a0<\/span><\/i><\/p>\n<p class=\"Default\" style=\"text-align: justify;\"><b><i><span style=\"font-size: 8.0pt; color: windowtext; mso-fareast-language: PT-BR;\">Sobre o Grupo CCR<\/span><\/i><\/b><i><span style=\"font-size: 8.0pt; color: windowtext; mso-fareast-language: PT-BR;\">: O Grupo CCR atua em servi\u00e7os de infraestrutura para mobilidade humana, focado nos segmentos de concess\u00e3o de rodovias, mobilidade urbana e aeroportos. S\u00e3o 37 ativos, presen\u00e7a em 13 estados brasileiros e 17 mil colaboradores. O grupo \u00e9 respons\u00e1vel pela gest\u00e3o e manuten\u00e7\u00e3o de 3.615 quil\u00f4metros de rodovias, realizando cerca de 3,6 mil atendimentos, diariamente.\u202f Em mobilidade urbana administra servi\u00e7os de transporte de passageiros de metr\u00f4s, trens, VLT e barcas, transportando diariamente, 3 milh\u00f5es de passageiros. E no segmento de aeroportos, com 19 terminais sob sua gest\u00e3o, atende a mais de 40 milh\u00f5es de clientes anualmente. Mais em: grupoccr.com.br\u202f\u202f<\/span><\/i><\/p>\n<p class=\"MsoNormal\" style=\"text-align: justify; line-height: 150%; text-autospace: none;\"><span style=\"font-size: 12.0pt; line-height: 150%;\">\u00a0<\/span><\/p>\n<p class=\"MsoNormal\" style=\"text-align: justify; line-height: 150%; text-autospace: none;\"><span style=\"font-size: 12.0pt; line-height: 150%;\">\u00a0<\/span><\/p>\n<p class=\"MsoNormal\" style=\"text-align: justify;\"><b><i><span style=\"font-size: 10.0pt;\">\u00a0<\/span><\/i><\/b><\/p>\n<p class=\"MsoNormal\">\n<p class=\"MsoNormal\">\n<p class=\"MsoNormal\"><span style=\"mso-fareast-language: PT-BR;\">\u00a0<\/span><\/p>\n<\/div>\n<p>&nbsp;<\/p>\n<\/div>\n<\/div>\n","protected":false},"excerpt":{"rendered":"<p>\u00a0\u00a0\u00a0\u00a0\u00a0\u00a0\u00a0\u00a0\u00a0\u00a0\u00a0 As a\u00e7\u00f5es foram realizadas nas rodovias e em trechos urbanos, com a parceria dos&#8230;<\/p>\n","protected":false},"author":1,"featured_media":90107,"comment_status":"closed","ping_status":"closed","sticky":false,"template":"","format":"standard","meta":{"fifu_image_url":"","fifu_image_alt":"","footnotes":""},"categories":[7488,8702,727],"tags":[],"class_list":["post-90106","post","type-post","status-publish","format-standard","has-post-thumbnail","hentry","category-destaques","category-logistica","category-noticias","wpcat-7488-id","wpcat-8702-id","wpcat-727-id"],"_links":{"self":[{"href":"https:\/\/verde-amarelo.net\/verdeamarelo\/wp-json\/wp\/v2\/posts\/90106","targetHints":{"allow":["GET"]}}],"collection":[{"href":"https:\/\/verde-amarelo.net\/verdeamarelo\/wp-json\/wp\/v2\/posts"}],"about":[{"href":"https:\/\/verde-amarelo.net\/verdeamarelo\/wp-json\/wp\/v2\/types\/post"}],"author":[{"embeddable":true,"href":"https:\/\/verde-amarelo.net\/verdeamarelo\/wp-json\/wp\/v2\/users\/1"}],"replies":[{"embeddable":true,"href":"https:\/\/verde-amarelo.net\/verdeamarelo\/wp-json\/wp\/v2\/comments?post=90106"}],"version-history":[{"count":0,"href":"https:\/\/verde-amarelo.net\/verdeamarelo\/wp-json\/wp\/v2\/posts\/90106\/revisions"}],"wp:featuredmedia":[{"embeddable":true,"href":"https:\/\/verde-amarelo.net\/verdeamarelo\/wp-json\/wp\/v2\/media\/90107"}],"wp:attachment":[{"href":"https:\/\/verde-amarelo.net\/verdeamarelo\/wp-json\/wp\/v2\/media?parent=90106"}],"wp:term":[{"taxonomy":"category","embeddable":true,"href":"https:\/\/verde-amarelo.net\/verdeamarelo\/wp-json\/wp\/v2\/categories?post=90106"},{"taxonomy":"post_tag","embeddable":true,"href":"https:\/\/verde-amarelo.net\/verdeamarelo\/wp-json\/wp\/v2\/tags?post=90106"}],"curies":[{"name":"wp","href":"https:\/\/api.w.org\/{rel}","templated":true}]}}