{"id":90109,"date":"2023-06-01T17:52:18","date_gmt":"2023-06-01T20:52:18","guid":{"rendered":"https:\/\/verde-amarelo.net\/verdeamarelo\/?p=90109"},"modified":"2023-06-01T21:36:40","modified_gmt":"2023-06-02T00:36:40","slug":"atletas-de-elite-elevam-disputa-pela-maior-premiacao-da-historia-da-maratona-internacional-de-porto-alegre","status":"publish","type":"post","link":"https:\/\/verde-amarelo.net\/verdeamarelo\/2023\/06\/atletas-de-elite-elevam-disputa-pela-maior-premiacao-da-historia-da-maratona-internacional-de-porto-alegre\/","title":{"rendered":"Atletas de elite elevam disputa pela maior premia\u00e7\u00e3o da hist\u00f3ria da Maratona Internacional de Porto Alegre"},"content":{"rendered":"<div class=\"postie-post\">\n<p><span class=\"preheader\" style=\"color: transparent; display: none; height: 0; max-height: 0; max-width: 0; opacity: 0; overflow: hidden; mso-hide: all; visibility: hidden; width: 0;\">Maratona de POA<\/span><\/p>\n<div class=\"body\" style=\"padding: 16px 10px 10px 10px; background: #ffffff; background-size: auto; background-color: #ffffff;\">\n<p><!-- [if mso | IE]>\n\n\n<table align=\"center\" border=\"0\" cellpadding=\"0\" cellspacing=\"0\" class=\"cols_1-outlook 1597241172066-outlook ip-section-outlook\" role=\"presentation\" style=\"width:600px;\" width=\"600\" bgcolor=\"#ffffff\" >\n\n\n<tr>\n\n\n<td style=\"line-height:0px;font-size:0px;mso-line-height-rule:exactly;\"><![endif]--><\/p>\n<div class=\"cols_1 1597241172066 ip-section\" style=\"border: none; background: #ffffff; background-color: #ffffff; margin: 0px auto; border-radius: 0px; max-width: 600px; margin-top: 0px; margin-bottom: 0px;\">\n<div style=\"line-height: 0; font-size: 0;\">\n<table style=\"background: #ffffff; background-color: #ffffff; width: 100%; border-radius: 0px;\" role=\"presentation\" border=\"0\" cellspacing=\"0\" cellpadding=\"0\" align=\"center\">\n<tbody>\n<tr>\n<td style=\"direction: ltr; font-size: 0px; padding: 4px 4px 4px 4px; text-align: center;\"><!-- [if mso | IE]>\n\n\n<table role=\"presentation\" border=\"0\" cellpadding=\"0\" cellspacing=\"0\">\n\n\n<tr>\n\n\n<td class=\"ip-column-outlook -outlook\" style=\"vertical-align:top;width:592px;\" ><![endif]--><\/p>\n<div class=\"mj-column-per-100 mj-outlook-group-fix ip-column\" style=\"font-size: 0px; text-align: left; direction: ltr; display: inline-block; vertical-align: top; width: 100%;\">\n<table role=\"presentation\" border=\"0\" width=\"100%\" cellspacing=\"0\" cellpadding=\"0\">\n<tbody>\n<tr>\n<td style=\"background-color: transparent; border: none; border-radius: 0px; vertical-align: top; padding: 4px 4px;\"><\/td>\n<\/tr>\n<\/tbody>\n<\/table>\n<\/div>\n<p><!-- [if mso | IE]><\/td>\n\n\n<\/tr>\n\n\n<\/table>\n\n\n<![endif]--><\/td>\n<\/tr>\n<\/tbody>\n<\/table>\n<\/div>\n<\/div>\n<p><!-- [if mso | IE]><\/td>\n\n\n<\/tr>\n\n\n<\/table>\n\n\n\n\n<table align=\"center\" border=\"0\" cellpadding=\"0\" cellspacing=\"0\" class=\"cols_1-outlook 1597241279213-outlook ip-section-outlook\" role=\"presentation\" style=\"width:600px;\" width=\"600\" bgcolor=\"#ffffff\" >\n\n\n<tr>\n\n\n<td style=\"line-height:0px;font-size:0px;mso-line-height-rule:exactly;\"><![endif]--><\/p>\n<div class=\"cols_1 1597241279213 ip-section\" style=\"border: none; background: #ffffff; background-color: #ffffff; margin: 0px auto; border-radius: 0px; max-width: 600px; margin-top: 0px; margin-bottom: 0px;\">\n<div style=\"line-height: 0; font-size: 0;\">\n<table style=\"background: #ffffff; background-color: #ffffff; width: 100%; border-radius: 0px;\" role=\"presentation\" border=\"0\" cellspacing=\"0\" cellpadding=\"0\" align=\"center\">\n<tbody>\n<tr>\n<td style=\"direction: ltr; font-size: 0px; padding: 4px 4px 4px 4px; text-align: center;\"><!-- [if mso | IE]>\n\n\n<table role=\"presentation\" border=\"0\" cellpadding=\"0\" cellspacing=\"0\">\n\n\n<tr>\n\n\n<td class=\"ip-column-outlook -outlook\" style=\"vertical-align:top;width:592px;\" ><![endif]--><\/p>\n<div class=\"mj-column-per-100 mj-outlook-group-fix ip-column\" style=\"font-size: 0px; text-align: left; direction: ltr; display: inline-block; vertical-align: top; width: 100%;\">\n<table role=\"presentation\" border=\"0\" width=\"100%\" cellspacing=\"0\" cellpadding=\"0\">\n<tbody>\n<tr>\n<td style=\"background-color: transparent; border: none; border-radius: 0px; vertical-align: top; padding: 4px 4px;\">\n<table role=\"presentation\" border=\"0\" width=\"100%\" cellspacing=\"0\" cellpadding=\"0\">\n<tbody>\n<tr>\n<td class=\"ip-image-block\" style=\"font-size: 0px; padding: 0px 0px 0px 0px; word-break: break-word;\" align=\"center\">\n<table style=\"border-collapse: collapse; border-spacing: 0px;\" role=\"presentation\" border=\"0\" cellspacing=\"0\" cellpadding=\"0\">\n<tbody>\n<tr>\n<td style=\"width: 584px;\"><img decoding=\"async\" src=\"data:image\/gif;base64,R0lGODlhAQABAIAAAAAAAP\/\/\/ywAAAAAAQABAAACAUwAOw==\" fifu-lazy=\"1\" fifu-data-sizes=\"auto\" fifu-data-srcset=\"https:\/\/i3.wp.com\/cseprs3.s3.amazonaws.com\/email-editor-files\/5d2006b7-211a-4008-7bfa-08d82e44b15e\/5d1ac358-7b93-4d2f-9c1b-ea5aced4f779.jpg?ssl=1&w=75&resize=75&ssl=1 75w, https:\/\/i3.wp.com\/cseprs3.s3.amazonaws.com\/email-editor-files\/5d2006b7-211a-4008-7bfa-08d82e44b15e\/5d1ac358-7b93-4d2f-9c1b-ea5aced4f779.jpg?ssl=1&w=100&resize=100&ssl=1 100w, https:\/\/i3.wp.com\/cseprs3.s3.amazonaws.com\/email-editor-files\/5d2006b7-211a-4008-7bfa-08d82e44b15e\/5d1ac358-7b93-4d2f-9c1b-ea5aced4f779.jpg?ssl=1&w=150&resize=150&ssl=1 150w, https:\/\/i3.wp.com\/cseprs3.s3.amazonaws.com\/email-editor-files\/5d2006b7-211a-4008-7bfa-08d82e44b15e\/5d1ac358-7b93-4d2f-9c1b-ea5aced4f779.jpg?ssl=1&w=240&resize=240&ssl=1 240w, https:\/\/i3.wp.com\/cseprs3.s3.amazonaws.com\/email-editor-files\/5d2006b7-211a-4008-7bfa-08d82e44b15e\/5d1ac358-7b93-4d2f-9c1b-ea5aced4f779.jpg?ssl=1&w=320&resize=320&ssl=1 320w, https:\/\/i3.wp.com\/cseprs3.s3.amazonaws.com\/email-editor-files\/5d2006b7-211a-4008-7bfa-08d82e44b15e\/5d1ac358-7b93-4d2f-9c1b-ea5aced4f779.jpg?ssl=1&w=500&resize=500&ssl=1 500w, https:\/\/i3.wp.com\/cseprs3.s3.amazonaws.com\/email-editor-files\/5d2006b7-211a-4008-7bfa-08d82e44b15e\/5d1ac358-7b93-4d2f-9c1b-ea5aced4f779.jpg?ssl=1&w=640&resize=640&ssl=1 640w, https:\/\/i3.wp.com\/cseprs3.s3.amazonaws.com\/email-editor-files\/5d2006b7-211a-4008-7bfa-08d82e44b15e\/5d1ac358-7b93-4d2f-9c1b-ea5aced4f779.jpg?ssl=1&w=800&resize=800&ssl=1 800w, https:\/\/i3.wp.com\/cseprs3.s3.amazonaws.com\/email-editor-files\/5d2006b7-211a-4008-7bfa-08d82e44b15e\/5d1ac358-7b93-4d2f-9c1b-ea5aced4f779.jpg?ssl=1&w=1024&resize=1024&ssl=1 1024w, https:\/\/i3.wp.com\/cseprs3.s3.amazonaws.com\/email-editor-files\/5d2006b7-211a-4008-7bfa-08d82e44b15e\/5d1ac358-7b93-4d2f-9c1b-ea5aced4f779.jpg?ssl=1&w=1280&resize=1280&ssl=1 1280w, https:\/\/i3.wp.com\/cseprs3.s3.amazonaws.com\/email-editor-files\/5d2006b7-211a-4008-7bfa-08d82e44b15e\/5d1ac358-7b93-4d2f-9c1b-ea5aced4f779.jpg?ssl=1&w=1600&resize=1600&ssl=1 1600w\" style=\"border: none; border-radius: 0px; display: block; outline: none; text-decoration: none; height: auto; width: 100%; font-size: 13px;\" title=\"\" fifu-data-src=\"https:\/\/i3.wp.com\/cseprs3.s3.amazonaws.com\/email-editor-files\/5d2006b7-211a-4008-7bfa-08d82e44b15e\/5d1ac358-7b93-4d2f-9c1b-ea5aced4f779.jpg?ssl=1\" alt=\"\" width=\"584\" height=\"auto\" \/><\/td>\n<\/tr>\n<\/tbody>\n<\/table>\n<\/td>\n<\/tr>\n<tr>\n<td class=\"ip-text-block\" style=\"font-size: 0px; padding: 10px 25px 10px 25px; word-break: break-word;\" align=\"left\">\n<div style=\"font-family: Arial, Helvetica, sans-serif; font-size: 12px; font-style: normal; font-weight: 400; line-height: 30px; text-align: left; text-decoration: none; color: #000000;\">\n<p><!-- htmlmin:ignore --><\/p>\n<p class=\"ql-align-center\" style=\"margin: 0; text-align: center;\"><em>Tradicional evento do calend\u00e1rio de corridas de rua do Brasil ser\u00e1 realizado neste s\u00e1bado (3), com prova de 7 km e meia maratona, e domingo (4), com transmiss\u00e3o ao vivo da maratona. Queniano Vestus Cheboi (foto) \u00e9 um dos favoritos &#8211; Fotos: Brskphoto<\/em><\/p>\n<p><!-- htmlmin:ignore --><\/p>\n<\/div>\n<\/td>\n<\/tr>\n<\/tbody>\n<\/table>\n<\/td>\n<\/tr>\n<\/tbody>\n<\/table>\n<\/div>\n<p><!-- [if mso | IE]><\/td>\n\n\n<\/tr>\n\n\n<\/table>\n\n\n<![endif]--><\/td>\n<\/tr>\n<\/tbody>\n<\/table>\n<\/div>\n<\/div>\n<p><!-- [if mso | IE]><\/td>\n\n\n<\/tr>\n\n\n<\/table>\n\n\n\n\n<table align=\"center\" border=\"0\" cellpadding=\"0\" cellspacing=\"0\" class=\"cols_1-outlook 1597241282773-outlook ip-section-outlook\" role=\"presentation\" style=\"width:600px;\" width=\"600\" bgcolor=\"#ffffff\" >\n\n\n<tr>\n\n\n<td style=\"line-height:0px;font-size:0px;mso-line-height-rule:exactly;\"><![endif]--><\/p>\n<div class=\"cols_1 1597241282773 ip-section\" style=\"border: none; background: #ffffff; background-color: #ffffff; margin: 0px auto; border-radius: 0px; max-width: 600px; margin-top: 0px; margin-bottom: 0px;\">\n<div style=\"line-height: 0; font-size: 0;\">\n<table style=\"background: #ffffff; background-color: #ffffff; width: 100%; border-radius: 0px;\" role=\"presentation\" border=\"0\" cellspacing=\"0\" cellpadding=\"0\" align=\"center\">\n<tbody>\n<tr>\n<td style=\"direction: ltr; font-size: 0px; padding: 4px 4px 4px 4px; text-align: center;\"><!-- [if mso | IE]>\n\n\n<table role=\"presentation\" border=\"0\" cellpadding=\"0\" cellspacing=\"0\">\n\n\n<tr>\n\n\n<td class=\"ip-column-outlook -outlook\" style=\"vertical-align:top;width:592px;\" ><![endif]--><\/p>\n<div class=\"mj-column-per-100 mj-outlook-group-fix ip-column\" style=\"font-size: 0px; text-align: left; direction: ltr; display: inline-block; vertical-align: top; width: 100%;\">\n<table role=\"presentation\" border=\"0\" width=\"100%\" cellspacing=\"0\" cellpadding=\"0\">\n<tbody>\n<tr>\n<td style=\"background-color: transparent; border: none; border-radius: 0px; vertical-align: top; padding: 4px 4px;\">\n<table role=\"presentation\" border=\"0\" width=\"100%\" cellspacing=\"0\" cellpadding=\"0\">\n<tbody>\n<tr>\n<td class=\"ip-text-block\" style=\"font-size: 0px; padding: 10px 25px 10px 25px; word-break: break-word;\" align=\"left\">\n<div style=\"font-family: Roboto, Arial, Helvetica, sans-serif; font-size: 16px; font-style: normal; font-weight: 400; line-height: 20px; text-align: left; text-decoration: none; color: #000000;\">\n<p class=\"ql-align-justify\" style=\"margin: 0; text-align: justify;\"><span style=\"background-color: transparent;\">Entre os mais de 16 mil corredores que participam da Maratona Internacional de Porto Alegre 2023, mais de 100 s\u00e3o atletas de elite. Neste s\u00e1bado (3) e domingo (4), eles v\u00e3o disputar a mais alta premia\u00e7\u00e3o em dinheiro dos 40 anos de hist\u00f3ria do evento esportivo e uma das maiores em corridas de rua do Brasil neste ano. S\u00e3o cerca de R$ 180 mil de premia\u00e7\u00e3o em dinheiro, sendo R$ 30 mil aos grandes campe\u00f5es, masculino e feminino, dos 42.195 metros da maratona.\u00a0<\/span><\/p>\n<p>&nbsp;<\/p>\n<p class=\"ql-align-justify\" style=\"margin: 0; text-align: justify;\"><span style=\"background-color: transparent;\">No primeiro dia de corrida, neste s\u00e1bado (3), ser\u00e3o realizadas a meia maratona, com 21.1 km, e a Corrida R\u00fastica, com 7 km. A prova principal ser\u00e1 no domingo (4), com os 42.2 km da maratona. Nas tr\u00eas dist\u00e2ncias, o evento recebe atletas de todos os estados do Brasil, al\u00e9m de competidores de 15 pa\u00edses. A Maratona Internacional de Porto Alegre ter\u00e1 a participa\u00e7\u00e3o de corredores de quatro continentes. Estar\u00e3o representados Alemanha, Argentina, Austr\u00e1lia, Bahrein, B\u00e9lgica, Chile, Col\u00f4mbia, Equador, Eti\u00f3pia, Estados Unidos, Paraguai, Qu\u00eania, R\u00fassia, Uruguai e Uganda.\u00a0<\/span><\/p>\n<p>&nbsp;<\/p>\n<\/div>\n<p>&nbsp;<\/p>\n<div style=\"font-family: Roboto, Arial, Helvetica, sans-serif; font-size: 16px; font-style: normal; font-weight: 400; line-height: 20px; text-align: left; text-decoration: none; color: #000000;\">\n<p class=\"ql-align-justify\" style=\"margin: 0; text-align: justify;\"><span style=\"background-color: transparent;\">\u201cNossa expectativa para esta 38\u00aa edi\u00e7\u00e3o \u00e9 de que sejam estabelecidos novos recordes da Maratona Internacional de Porto Alegre. A alta premia\u00e7\u00e3o em dinheiro somada ao n\u00edvel dos atletas de elite s\u00e3o os principais fatores para que 2023 tenhamos novos recordistas. Al\u00e9m disso, a meia maratona tamb\u00e9m promete muita disputa neste ano\u201d, afirma Paulo Silva, diretor da prova e do Clube de Corredores de Porto Alegre (CORPA), organizador do evento.\u00a0<\/span><\/p>\n<p>&nbsp;<\/p>\n<\/div>\n<p>&nbsp;<\/p>\n<div style=\"font-family: Roboto, Arial, Helvetica, sans-serif; font-size: 16px; font-style: normal; font-weight: 400; line-height: 20px; text-align: left; text-decoration: none; color: #000000;\">\n<p class=\"ql-align-justify\" style=\"margin: 0; text-align: justify;\"><span style=\"background-color: transparent;\">Na hist\u00f3ria da Maratona Internacional de Porto Alegre, a melhor marca feminina ocorreu em 2013, quando a queniana Ednah Mukhwana concluiu a dist\u00e2ncia em 2h32m41. J\u00e1 o melhor tempo na maratona masculina persiste de 1994. Lu\u00eds Carlos da Silva det\u00e9m as 2h12m59. A prova principal ter\u00e1 a in\u00e9dita transmiss\u00e3o ao vivo. Pouco antes das 7h deste domingo (4), a TVE RS, emissora p\u00fablica administrada pelo Departamento de Radiodifus\u00e3o e Audiovisual da Secretaria de Comunica\u00e7\u00e3o do Estado (Secom), e o canal no YouTube da <a href=\"https:\/\/ecompare.com.br\/lojas\/goto\/aHR0cHM6Ly93d3cuYXdpbjEuY29tL2NyZWFkLnBocD9hd2lubWlkPTE3Njk4JmF3aW5hZmZpZD02OTAzMDM=\">Olympikus<\/a>, marca esportiva do evento, fazem transmiss\u00e3o unificada.<\/span><\/p>\n<p>&nbsp;<\/p>\n<p class=\"ql-align-justify\" style=\"margin: 0; text-align: justify;\"><strong style=\"background-color: transparent;\">A maratona deste domingo (4)<\/strong><\/p>\n<p class=\"ql-align-justify\" style=\"margin: 0; text-align: justify;\"><span style=\"background-color: transparent;\">Prova principal da Maratona Internacional de Porto Alegre, a maratona ser\u00e1 neste domingo (4). A largada ser\u00e1 \u00e0s 7h, na arena montada na Avenida Di\u00e1rio de Not\u00edcias, em frente ao BarraShoppingSul. S\u00e3o 51 atletas de elite, masculino e feminino, na disputa pela premia\u00e7\u00e3o de R$ 146 mil, sendo R$ 30 mil aos grandes campe\u00f5es. A prova masculina vai contar com o queniano Vestus Cheboi, campe\u00e3o da Maratona de S\u00e3o Paulo deste ano, e o compatriota Collins Kimosop, que tem 2h11m06 como melhor marca da maratona na carreira. Entre os brasileiros que est\u00e3o na disputa, o pelot\u00e3o vai contar com Giovani dos Santos, quarto colocado em S\u00e3o Paulo, e Wellington Bezerra da Silva, o Cip\u00f3, que faz sua primeira maratona de 2023 ap\u00f3s a segunda coloca\u00e7\u00e3o em Curitiba, no ano passado. Tamb\u00e9m estar\u00e3o na disputa dois campe\u00f5es de edi\u00e7\u00f5es anteriores: Jurandyr Couto, vencedor em 2018, e Geilson dos Santos, ganhador no ano passado.\u00a0<\/span><\/p>\n<p>&nbsp;<\/p>\n<p class=\"ql-align-justify\" style=\"margin: 0; text-align: justify;\"><span style=\"background-color: transparent;\">A disputa na prova feminina n\u00e3o ficar\u00e1 atr\u00e1s. Bicampe\u00e3 da Volta Internacional da Pampulha, a queniana Vivian Kiplagat vai estar em a\u00e7\u00e3o neste domingo (4) nas ruas de Porto Alegre. Assim como as et\u00edopes Tejinesh Gebisa, segunda colocada na Maratona de Marrakesh deste ano, e Sule Utura, terceira na Maratona de Zhengzhou 2023, realizada na China. A argentina Marcela Gomez, que disputou as \u00faltimas Olimp\u00edadas, tamb\u00e9m est\u00e1 confirmada. Entre as brasileiras estar\u00e3o Valquiria Marques de Oliveira, que tenta repetir a conquista de 2016, Marlei Willers, segunda colocada na meia maratona em Porto Alegre e campe\u00e3 da Maratona de Curitiba, ambas no ano passado, e Raisa Marcelino do Nascimento, quinta colocada em 2022.\u00a0<\/span><\/p>\n<p>&nbsp;<\/p>\n<p class=\"ql-align-justify\" style=\"margin: 0; text-align: justify;\"><strong style=\"background-color: transparent;\">Meia maratona no s\u00e1bado (3)<\/strong><\/p>\n<p class=\"ql-align-justify\" style=\"margin: 0; text-align: justify;\"><span style=\"background-color: transparent;\">O primeiro dia de corridas na Maratona Internacional de Porto Alegre 2023 ser\u00e1 neste s\u00e1bado (3). Al\u00e9m da Corrida R\u00fastica, com 7 km, ser\u00e1 disputada a meia maratona, com 21.1 km. As largadas come\u00e7am \u00e0s 7h, em frente ao BarraShoppingSul, com a meia maratona come\u00e7ando \u00e0s 7h10. S\u00e3o R$ 30 mil de premia\u00e7\u00e3o total na prova de 21.1 km para os cinco primeiros colocados no geral, masculino e feminino, sendo R$ 5 mil aos campe\u00f5es. S\u00e3o 51 atletas de elite na prova.\u00a0<\/span><\/p>\n<p>&nbsp;<\/p>\n<p class=\"ql-align-justify\" style=\"margin: 0; text-align: justify;\"><span style=\"background-color: transparent;\">Na disputa pela premia\u00e7\u00e3o na meia maratona masculina estar\u00e1 o ugandense Moses Kibet, quinto colocado na \u00faltima Corrida de S\u00e3o Silvestre. O pelot\u00e3o de brasileiros vai contar com as presen\u00e7as de Alessandro de Souza, duas vezes campe\u00e3o da Maratona Internacional de Floripa, Everson Vilela, vencedor de Volta da Pampulha e medalhista de ouro no Pan-2019 em Lima, e Maicon Mancuso, ga\u00facho de Passo Fundo. J\u00e1 na prova feminina, a elite tem muitas atletas brasileiras. Entre elas estar\u00e1 J\u00e9ssica Ladeira, que defende o t\u00edtulo da meia maratona do ano passado.<\/span><\/p>\n<p>&nbsp;<\/p>\n<p class=\"ql-align-justify\" style=\"margin: 0; text-align: justify;\"><strong style=\"background-color: transparent;\">Feira e retirada de kit<\/strong><\/p>\n<p class=\"ql-align-justify\" style=\"margin: 0; text-align: justify;\"><span style=\"background-color: transparent;\">A programa\u00e7\u00e3o oficial da 38\u00b0 Maratona Internacional de Porto Alegre come\u00e7ou na quarta-feira (31), com a abertura da Feira da Maratona. Pelo espa\u00e7o, montado no Centro de Evento do BarraShoppingSul, devem passar aproximadamente 30 mil pessoas at\u00e9 s\u00e1bado (3).\u00a0<\/span><\/p>\n<p>&nbsp;<\/p>\n<p class=\"ql-align-justify\" style=\"margin: 0; text-align: justify;\"><span style=\"background-color: transparent;\">Al\u00e9m de retirada de kit pelos atletas inscritos, a Feira da Maratona conta com mais de 30 expositores, que apresentam ao p\u00fablico as novidades do mundo das corridas de rua. O espa\u00e7o funciona das 10h \u00e0s 20h at\u00e9 sexta-feira (2), e das 10h \u00e0s 19h neste s\u00e1bado (3).\u00a0<\/span><\/p>\n<p>&nbsp;<\/p>\n<p class=\"ql-align-justify\" style=\"margin: 0; text-align: justify;\"><span style=\"background-color: transparent;\">Al\u00e9m das corridas e da feira que acompanha a retirada de kits, a Maratona Internacional de Porto Alegre oferece outros dois eventos complementares aos atletas, com venda de ingressos e reservas feitas antecipadamente. Na noite que antecede a prova de 42 km ser\u00e1 realizada a Maratona das Massas, no restaurante Casa do Ga\u00facho. Ap\u00f3s a maratona, a partir do meio-dia de domingo (4), tem a Barbecue Sunset Party, a festa oficial da prova, com churrasco ga\u00facho e m\u00fasica no Garden do Parque da Harmonia.\u00a0<\/span><\/p>\n<p>&nbsp;<\/p>\n<p class=\"ql-align-justify\" style=\"margin: 0; text-align: justify;\"><strong style=\"background-color: transparent;\">Largadas e percursos<\/strong><\/p>\n<p class=\"ql-align-justify\" style=\"margin: 0; text-align: justify;\"><span style=\"background-color: transparent;\">A a\u00e7\u00e3o na capital ga\u00facha come\u00e7a na manh\u00e3 deste s\u00e1bado (3). Os atletas que v\u00e3o participar da meia maratona e da corrida r\u00fastica se concentram nos arredores do BarraShoppingSul, na Avenida Di\u00e1rio de Not\u00edcias. No local estar\u00e1 montada a arena do evento, com o p\u00f3rtico de largada e chegada.\u00a0<\/span><\/p>\n<p>&nbsp;<\/p>\n<p class=\"ql-align-justify\" style=\"margin: 0; text-align: justify;\"><span style=\"background-color: transparent;\">A largada da Corrida R\u00fastica ser\u00e1 \u00e0s 7h deste s\u00e1bado. O percurso contempla a Orla do Gua\u00edba. Os atletas fazem o trajeto de 7 km entre o BarraShoppingSul e as imedia\u00e7\u00f5es do Est\u00e1dio Beira-Rio. J\u00e1 a meia maratona ter\u00e1 largada \u00e0s 7h10. Da arena, seguem rumo ao norte, at\u00e9 o Mercado P\u00fablico de Porto Alegre, na regi\u00e3o do Centro Hist\u00f3rico. O retorno ainda contempla passagem pelo Monumento dos A\u00e7orianos e proximidades do Parque Farroupilha antes de tomarem o sentido de retorno ao p\u00f3rtico para completar os 21 km de prova.\u00a0<\/span><\/p>\n<p>&nbsp;<\/p>\n<p class=\"ql-align-justify\" style=\"margin: 0; text-align: justify;\"><span style=\"background-color: transparent;\">J\u00e1 a prova principal, com transmiss\u00e3o ao vivo, ser\u00e1 na manh\u00e3 de domingo (4). Cadeirantes, deficientes visuais e especiais largam \u00e0s 6h55. \u00c0s 7h ser\u00e1 a largada da maratona para todos os atletas, tamb\u00e9m a partir da arena montada na Avenida Di\u00e1rio de Not\u00edcias, em frente ao BarraShoppingSul. Na primeira metade dos 42.2 km, os atletas contornam a regi\u00e3o dos clubes n\u00e1uticos de Porto Alegre e seguem rumo ao trecho pelos bairros Cidade Baixa e Menino Deus. A reta final da maratona passa pelo Centro Hist\u00f3rico at\u00e9 o reencontro com a Orla do Gua\u00edba para os \u00faltimos quil\u00f4metros rumo a linha de chegada.\u00a0<\/span><\/p>\n<p>&nbsp;<\/p>\n<p class=\"ql-align-justify\" style=\"margin: 0; text-align: justify;\"><span style=\"background-color: transparent;\">Em sua 38\u00aa edi\u00e7\u00e3o, a Maratona Internacional de Porto Alegre \u00e9 apresentada por Unimed,\u00a0 tem a <a href=\"https:\/\/ecompare.com.br\/lojas\/goto\/aHR0cHM6Ly93d3cuYXdpbjEuY29tL2NyZWFkLnBocD9hd2lubWlkPTE3Njk4JmF3aW5hZmZpZD02OTAzMDM=\">Olympikus<\/a> como marca esportiva oficial, conta com o patroc\u00ednio da Sul G\u00e1s, Michelob Ultra, Gol e Master Hot\u00e9is, apoio de SmartFit, Fonte da Ilha \u00c1gua Mineral Natural, BarraShoppingSul, Parque da Orla, DaCol\u00f4nia e Foco Radical, e apoio institucional da Prefeitura Municipal de Porto Alegre. A organiza\u00e7\u00e3o do evento \u00e9 assinada pelo Clube de Corredores de Porto Alegre (CORPA).<\/span><\/p>\n<p class=\"ql-align-justify\" style=\"margin: 0; text-align: justify;\"><span style=\"background-color: transparent;\">\u00a0<\/span><\/p>\n<p class=\"ql-align-justify\" style=\"margin: 0; text-align: justify;\"><strong style=\"background-color: transparent;\">Altera\u00e7\u00f5es no tr\u00e2nsito<\/strong><\/p>\n<p class=\"ql-align-justify\" style=\"margin: 0; text-align: justify;\"><span style=\"background-color: transparent;\">A Empresa P\u00fablica de Transporte e Circula\u00e7\u00e3o (EPTC) ser\u00e1 a respons\u00e1vel pelo esquema especial de tr\u00e2nsito para a realiza\u00e7\u00e3o da 38\u00b0 Maratona Internacional de Porto Alegre. As regi\u00f5es do Sul e do Centro s\u00e3o as que ter\u00e3o maior impacto. Mais de 300 agentes de tr\u00e2nsito e transporte atuam neste s\u00e1bado (3) e domingo (4) para garantir a seguran\u00e7a e orientar o tr\u00e2nsito e os passageiros do transporte coletivo.\u00a0<\/span><\/p>\n<p>&nbsp;<\/p>\n<p class=\"ql-align-justify\" style=\"margin: 0; text-align: justify;\"><span style=\"background-color: transparent;\">Os bloqueios come\u00e7am \u00e0s 23h desta sexta-feira (2) na Avenida Di\u00e1rio de Not\u00edcias, sentido centro\/bairro. No local estar\u00e1 montada a arena da Maratona Internacional de Porto Alegre.\u00a0<\/span><\/p>\n<p>&nbsp;<\/p>\n<p class=\"ql-align-justify\" style=\"margin: 0; text-align: justify;\"><span style=\"background-color: transparent;\">Para a realiza\u00e7\u00e3o da Meia Maratona (21.1 km) e Corrida R\u00fastica (7 km), as altera\u00e7\u00f5es come\u00e7am a partir das 5h30 de s\u00e1bado (3), com o bloqueio da Edvaldo Pereira Paiva e do cruzamento das avenidas Augusto de Carvalho e Loureiro da Silva. Na regi\u00e3o central, a partir das 6h30, a Avenida Mau\u00e1, a partir da esta\u00e7\u00e3o Borges de Medeiros, estar\u00e1 bloqueada. Os motoristas s\u00e3o orientados a guiar pelo T\u00fanel da Concei\u00e7\u00e3o ou Terceira Perimetral. J\u00e1 na regi\u00e3o sul da cidade, o tr\u00e2nsito ser\u00e1 desviado da avenida Padre Cacique, pela Pinheiro Borda, Taquari. Na Icara\u00ed, o desvio ser\u00e1 pela Coronel Claudino e Tamandar\u00e9.\u00a0<\/span><\/p>\n<p>&nbsp;<\/p>\n<p class=\"ql-align-justify\" style=\"margin: 0; text-align: justify;\"><span style=\"background-color: transparent;\">No domingo (4), os bloqueios e desvios do dia anterior se repetem para a realiza\u00e7\u00e3o da maratona (42). Al\u00e9m deles, outras altera\u00e7\u00f5es no fluxo de ve\u00edculos ser\u00e3o efetuadas. A Avenida Jo\u00e3o Pessoa ser\u00e1 bloqueada a partir das 6h40, enquanto a Avenida Azenha estar\u00e1 fechada a partir das 7h. Ainda, a EPTC vai alterar o funcionamento em 127 sem\u00e1foros para garantir a fluidez de ve\u00edculos por conta das interrup\u00e7\u00f5es.<\/span><\/p>\n<p>&nbsp;<\/p>\n<\/div>\n<\/td>\n<\/tr>\n<\/tbody>\n<\/table>\n<\/td>\n<\/tr>\n<\/tbody>\n<\/table>\n<\/div>\n<p><!-- [if mso | IE]><\/td>\n\n\n<\/tr>\n\n\n<\/table>\n\n\n<![endif]--><\/td>\n<\/tr>\n<\/tbody>\n<\/table>\n<\/div>\n<\/div>\n<p><!-- [if mso | IE]><\/td>\n\n\n<\/tr>\n\n\n<\/table>\n\n\n\n\n<table align=\"center\" border=\"0\" cellpadding=\"0\" cellspacing=\"0\" class=\"cols_1-outlook 1650825399739-outlook ip-section-outlook\" role=\"presentation\" style=\"width:600px;\" width=\"600\" bgcolor=\"#ffffff\" >\n\n\n<tr>\n\n\n<td style=\"line-height:0px;font-size:0px;mso-line-height-rule:exactly;\"><![endif]--><\/p>\n<div class=\"cols_1 1650825399739 ip-section\" style=\"border: none; background: #ffffff; background-color: #ffffff; margin: 0px auto; border-radius: 0px; max-width: 600px; margin-top: 0px; margin-bottom: 0px;\">\n<div style=\"line-height: 0; font-size: 0;\">\n<table style=\"background: #ffffff; background-color: #ffffff; width: 100%; border-radius: 0px;\" role=\"presentation\" border=\"0\" cellspacing=\"0\" cellpadding=\"0\" align=\"center\">\n<tbody>\n<tr>\n<td style=\"direction: ltr; font-size: 0px; padding: 4px 4px 4px 4px; text-align: center;\"><!-- [if mso | IE]>\n\n\n<table role=\"presentation\" border=\"0\" cellpadding=\"0\" cellspacing=\"0\">\n\n\n<tr>\n\n\n<td class=\"ip-column-outlook -outlook\" style=\"vertical-align:top;width:592px;\" ><![endif]--><\/p>\n<div class=\"mj-column-per-100 mj-outlook-group-fix ip-column\" style=\"font-size: 0px; text-align: left; direction: ltr; display: inline-block; vertical-align: top; width: 100%;\">\n<table role=\"presentation\" border=\"0\" width=\"100%\" cellspacing=\"0\" cellpadding=\"0\">\n<tbody>\n<tr>\n<td style=\"background-color: transparent; border: none; border-radius: 0px; vertical-align: top; padding: 4px 4px;\">\n<table role=\"presentation\" border=\"0\" width=\"100%\" cellspacing=\"0\" cellpadding=\"0\">\n<tbody>\n<tr>\n<td class=\"ip-image-block\" style=\"font-size: 0px; padding: 0px 0px 0px 0px; word-break: break-word;\" align=\"center\">\n<table style=\"border-collapse: collapse; border-spacing: 0px;\" role=\"presentation\" border=\"0\" cellspacing=\"0\" cellpadding=\"0\">\n<tbody>\n<tr>\n<td style=\"width: 584px;\"><img decoding=\"async\" src=\"data:image\/gif;base64,R0lGODlhAQABAIAAAAAAAP\/\/\/ywAAAAAAQABAAACAUwAOw==\" fifu-lazy=\"1\" fifu-data-sizes=\"auto\" fifu-data-srcset=\"https:\/\/i2.wp.com\/cseprs3.s3.amazonaws.com\/email-editor-files\/5d2006b7-211a-4008-7bfa-08d82e44b15e\/1706c964-f9fa-4590-bec3-46485878a110.jpg?ssl=1&w=75&resize=75&ssl=1 75w, https:\/\/i2.wp.com\/cseprs3.s3.amazonaws.com\/email-editor-files\/5d2006b7-211a-4008-7bfa-08d82e44b15e\/1706c964-f9fa-4590-bec3-46485878a110.jpg?ssl=1&w=100&resize=100&ssl=1 100w, https:\/\/i2.wp.com\/cseprs3.s3.amazonaws.com\/email-editor-files\/5d2006b7-211a-4008-7bfa-08d82e44b15e\/1706c964-f9fa-4590-bec3-46485878a110.jpg?ssl=1&w=150&resize=150&ssl=1 150w, https:\/\/i2.wp.com\/cseprs3.s3.amazonaws.com\/email-editor-files\/5d2006b7-211a-4008-7bfa-08d82e44b15e\/1706c964-f9fa-4590-bec3-46485878a110.jpg?ssl=1&w=240&resize=240&ssl=1 240w, https:\/\/i2.wp.com\/cseprs3.s3.amazonaws.com\/email-editor-files\/5d2006b7-211a-4008-7bfa-08d82e44b15e\/1706c964-f9fa-4590-bec3-46485878a110.jpg?ssl=1&w=320&resize=320&ssl=1 320w, https:\/\/i2.wp.com\/cseprs3.s3.amazonaws.com\/email-editor-files\/5d2006b7-211a-4008-7bfa-08d82e44b15e\/1706c964-f9fa-4590-bec3-46485878a110.jpg?ssl=1&w=500&resize=500&ssl=1 500w, https:\/\/i2.wp.com\/cseprs3.s3.amazonaws.com\/email-editor-files\/5d2006b7-211a-4008-7bfa-08d82e44b15e\/1706c964-f9fa-4590-bec3-46485878a110.jpg?ssl=1&w=640&resize=640&ssl=1 640w, https:\/\/i2.wp.com\/cseprs3.s3.amazonaws.com\/email-editor-files\/5d2006b7-211a-4008-7bfa-08d82e44b15e\/1706c964-f9fa-4590-bec3-46485878a110.jpg?ssl=1&w=800&resize=800&ssl=1 800w, https:\/\/i2.wp.com\/cseprs3.s3.amazonaws.com\/email-editor-files\/5d2006b7-211a-4008-7bfa-08d82e44b15e\/1706c964-f9fa-4590-bec3-46485878a110.jpg?ssl=1&w=1024&resize=1024&ssl=1 1024w, https:\/\/i2.wp.com\/cseprs3.s3.amazonaws.com\/email-editor-files\/5d2006b7-211a-4008-7bfa-08d82e44b15e\/1706c964-f9fa-4590-bec3-46485878a110.jpg?ssl=1&w=1280&resize=1280&ssl=1 1280w, https:\/\/i2.wp.com\/cseprs3.s3.amazonaws.com\/email-editor-files\/5d2006b7-211a-4008-7bfa-08d82e44b15e\/1706c964-f9fa-4590-bec3-46485878a110.jpg?ssl=1&w=1600&resize=1600&ssl=1 1600w\" style=\"border: none; border-radius: 0px; display: block; outline: none; text-decoration: none; height: auto; width: 100%; font-size: 13px;\" title=\"\" fifu-data-src=\"https:\/\/i2.wp.com\/cseprs3.s3.amazonaws.com\/email-editor-files\/5d2006b7-211a-4008-7bfa-08d82e44b15e\/1706c964-f9fa-4590-bec3-46485878a110.jpg?ssl=1\" alt=\"\" width=\"584\" height=\"auto\" \/><\/td>\n<\/tr>\n<\/tbody>\n<\/table>\n<\/td>\n<\/tr>\n<tr>\n<td class=\"ip-text-block\" style=\"font-size: 0px; padding: 10px 25px 10px 25px; word-break: break-word;\" align=\"left\">\n<div style=\"font-family: Arial, Helvetica, sans-serif; font-size: 12px; font-style: normal; font-weight: 400; line-height: 30px; text-align: left; text-decoration: none; color: #000000;\">\n<p><!-- htmlmin:ignore --><\/p>\n<p class=\"ql-align-center\" style=\"margin: 0; text-align: center;\"><em>Wellington Bezerra da Silva, o Cip\u00f3 &#8211; Brskphoto<\/em><\/p>\n<p><!-- htmlmin:ignore --><\/p>\n<\/div>\n<\/td>\n<\/tr>\n<\/tbody>\n<\/table>\n<\/td>\n<\/tr>\n<\/tbody>\n<\/table>\n<\/div>\n<p><!-- [if mso | IE]><\/td>\n\n\n<\/tr>\n\n\n<\/table>\n\n\n<![endif]--><\/td>\n<\/tr>\n<\/tbody>\n<\/table>\n<\/div>\n<\/div>\n<p><!-- [if mso | IE]><\/td>\n\n\n<\/tr>\n\n\n<\/table>\n\n\n<![endif]--><\/p>\n<\/div>\n<div style=\"display: none !important;\"><img decoding=\"async\" src=\"data:image\/gif;base64,R0lGODlhAQABAIAAAAAAAP\/\/\/ywAAAAAAQABAAACAUwAOw==\" fifu-lazy=\"1\" fifu-data-sizes=\"auto\" fifu-data-srcset=\"https:&lt;a href=?w=75&resize=75&ssl=1 75w, https:&lt;a href=?w=100&resize=100&ssl=1 100w, https:&lt;a href=?w=150&resize=150&ssl=1 150w, https:&lt;a href=?w=240&resize=240&ssl=1 240w, https:&lt;a href=?w=320&resize=320&ssl=1 320w, https:&lt;a href=?w=500&resize=500&ssl=1 500w, https:&lt;a href=?w=640&resize=640&ssl=1 640w, https:&lt;a href=?w=800&resize=800&ssl=1 800w, https:&lt;a href=?w=1024&resize=1024&ssl=1 1024w, https:&lt;a href=?w=1280&resize=1280&ssl=1 1280w, https:&lt;a href=?w=1600&resize=1600&ssl=1 1600w\" fifu-data-src=\"https:<a href=\" \/>Registro: 2c803ae9-5760-4aa9-9f67-08db629194a2\/83288b97-4297-4165-cec0-08d7c5ff26d1\/redacao@redepress.com.br\/True&#8221; style=&#8221;visibility:hidden;&#8221;&gt;<\/div>\n<\/div>\n","protected":false},"excerpt":{"rendered":"<p>Maratona de POA Tradicional evento do calend\u00e1rio de corridas de rua do Brasil ser\u00e1 realizado&#8230;<\/p>\n","protected":false},"author":1,"featured_media":0,"comment_status":"closed","ping_status":"closed","sticky":false,"template":"","format":"standard","meta":{"fifu_image_url":"","fifu_image_alt":"","footnotes":""},"categories":[7492,29,727],"tags":[],"class_list":["post-90109","post","type-post","status-publish","format-standard","hentry","category-esportes","category-eventos","category-noticias","wpcat-7492-id","wpcat-29-id","wpcat-727-id"],"_links":{"self":[{"href":"https:\/\/verde-amarelo.net\/verdeamarelo\/wp-json\/wp\/v2\/posts\/90109","targetHints":{"allow":["GET"]}}],"collection":[{"href":"https:\/\/verde-amarelo.net\/verdeamarelo\/wp-json\/wp\/v2\/posts"}],"about":[{"href":"https:\/\/verde-amarelo.net\/verdeamarelo\/wp-json\/wp\/v2\/types\/post"}],"author":[{"embeddable":true,"href":"https:\/\/verde-amarelo.net\/verdeamarelo\/wp-json\/wp\/v2\/users\/1"}],"replies":[{"embeddable":true,"href":"https:\/\/verde-amarelo.net\/verdeamarelo\/wp-json\/wp\/v2\/comments?post=90109"}],"version-history":[{"count":0,"href":"https:\/\/verde-amarelo.net\/verdeamarelo\/wp-json\/wp\/v2\/posts\/90109\/revisions"}],"wp:attachment":[{"href":"https:\/\/verde-amarelo.net\/verdeamarelo\/wp-json\/wp\/v2\/media?parent=90109"}],"wp:term":[{"taxonomy":"category","embeddable":true,"href":"https:\/\/verde-amarelo.net\/verdeamarelo\/wp-json\/wp\/v2\/categories?post=90109"},{"taxonomy":"post_tag","embeddable":true,"href":"https:\/\/verde-amarelo.net\/verdeamarelo\/wp-json\/wp\/v2\/tags?post=90109"}],"curies":[{"name":"wp","href":"https:\/\/api.w.org\/{rel}","templated":true}]}}