{"id":90138,"date":"2023-06-01T17:00:23","date_gmt":"2023-06-01T20:00:23","guid":{"rendered":"https:\/\/embrapii.org.br\/?page_id=15488"},"modified":"2023-06-01T17:00:23","modified_gmt":"2023-06-01T20:00:23","slug":"coleta-de-precos-no-06-2023-prestacao-de-servicos-de-locacao-de-veiculos-com-motoristas","status":"publish","type":"post","link":"https:\/\/verde-amarelo.net\/verdeamarelo\/2023\/06\/coleta-de-precos-no-06-2023-prestacao-de-servicos-de-locacao-de-veiculos-com-motoristas\/","title":{"rendered":"COLETA DE PRE\u00c7OS N\u00ba 06\/2023 \u2013 PRESTA\u00c7\u00c3O DE SERVI\u00c7OS DE LOCA\u00c7\u00c3O DE VE\u00cdCULOS COM MOTORISTAS"},"content":{"rendered":"<p><strong>OBJETO:<\/strong> Contrata\u00e7\u00e3o de empresa especializada na presta\u00e7\u00e3o de servi\u00e7os de loca\u00e7\u00e3o de ve\u00edculos automotores com motoristas uniformizados, em car\u00e1ter integral, com sistema de rastreamento de acordo com as especifica\u00e7\u00f5es constantes desta Coleta de Pre\u00e7os.<\/p>&nbsp;&nbsp;\n<p><strong>PROCESSO:<\/strong> Z:\\COLETA DE PRE\u00c7OS N\u00ba 06-2023 \u2013 SERVI\u00c7O DE LOCA\u00c7\u00c3O DE VE\u00cdCULOS<\/p>\n<p><strong>VALOR&nbsp;ESTIMADO (M\u00c1XIMO ACEIT\u00c1VEL)\/VIG\u00caNCIA<\/strong>: <strong>R$1.223.643,12&nbsp;<\/strong>( Um milh\u00e3o, duzentos e vinte e tr\u00eas mil, seiscentos e quarenta e tr\u00eas reais e doze centavos) \u2013 36 (trinta e seis) meses.<\/p>&nbsp;&nbsp;\n<p><strong>PRP<\/strong> <strong>(S\/N): N\u00e3o<\/strong><\/p>\n<p><strong>VISTORIA<\/strong> <strong>(S\/N\/FACULTATIVA)<\/strong>: Facultativa<\/p>\n<p><strong>INSTRUMENTO<\/strong> <strong>CONTRATUAL&nbsp;(S\/N)<\/strong>: Sim<\/p>\n<p><strong>JULGAMENTO DAS PROPOSTAS<\/strong>: Menor pre\u00e7o global<\/p>\n<p><strong>PRAZO&nbsp;PARA&nbsp;ENVIO&nbsp;DA<\/strong> <strong>PROPOSTA DE PRE\u00c7OS<\/strong>: At\u00e9 a data limite de&nbsp;07\/06\/2023<\/p>\n<p><strong>PRAZO&nbsp;PARA&nbsp;ENVIO&nbsp;DA<\/strong> <strong>DOCUMENTA\u00c7\u00c3O&nbsp;DE&nbsp;HABILITA\u00c7\u00c3O<\/strong>: At\u00e9 a data limite de&nbsp;07\/06\/2023<\/p>\n<p><strong>OBSERVA\u00c7\u00d5ES GERAIS:<\/strong> O instrumento convocat\u00f3rio desta Coleta e seus Anexos est\u00e3o dispon\u00edveis para download no site da ASSOCIA\u00c7\u00c3O BRASILEIRA DE PESQUISA E INOVA\u00c7\u00c3O INDUSTRIAL \u2013 EMBRAPII, no endere\u00e7o https:\/\/embrapii.org.br\/institucional\/fornecedores\/, op\u00e7\u00e3o <strong>Coleta de Pre\u00e7os n\u00ba 06\/2023.<\/strong><\/p>\n<p>Todas&nbsp;as&nbsp;refer\u00eancias&nbsp;de&nbsp;tempo&nbsp;contidas&nbsp;nesta Coleta&nbsp;observar\u00e3o&nbsp;o&nbsp;hor\u00e1rio&nbsp;de&nbsp;Bras\u00edlia&nbsp;\u2013&nbsp;DF.<\/p>&nbsp;&nbsp;\n<p><strong>DOCUMENTA\u00c7\u00c3O DE HABILITA\u00c7\u00c3O:<\/strong> Consta no item 4 \u2013 DA HABILITA\u00c7\u00c3O<\/p>\n<p><strong>LOCAL DE EXECU\u00c7\u00c3O:<\/strong> Os servi\u00e7os dever\u00e3o ser prestados em todo o territ\u00f3rio nacional, em especial na sede da EMBRAPII, sediada no Setor Banc\u00e1rio Norte (SBN), Quadra 01, Bloco I, 13\u00b0 andar, Ed. Armando Monteiro Neto, sala 5, Bras\u00edlia \u2013 DF \u2013 CEP: 70.040-913<\/p>\n<p> <a href=\"https:\/\/embrapii.org.br\/institucional\/fornecedores\/coleta-de-precos-no-06-2023-prestacao-de-servicos-de-locacao-de-veiculos-com-motoristas\/\">Cr\u00e9ditos a Assessoria!<\/a><\/p>\n","protected":false},"excerpt":{"rendered":"<p>OBJETO: Contrata\u00e7\u00e3o de empresa especializada na presta\u00e7\u00e3o de servi\u00e7os de loca\u00e7\u00e3o de ve\u00edculos automotores com&#8230;<\/p>\n","protected":false},"author":1,"featured_media":0,"comment_status":"closed","ping_status":"closed","sticky":false,"template":"","format":"standard","meta":{"fifu_image_url":"","fifu_image_alt":"","footnotes":""},"categories":[7488,727,8425],"tags":[8426],"class_list":["post-90138","post","type-post","status-publish","format-standard","hentry","category-destaques","category-noticias","category-verde-amarelo","tag-verde-amarelo","wpcat-7488-id","wpcat-727-id","wpcat-8425-id"],"_links":{"self":[{"href":"https:\/\/verde-amarelo.net\/verdeamarelo\/wp-json\/wp\/v2\/posts\/90138","targetHints":{"allow":["GET"]}}],"collection":[{"href":"https:\/\/verde-amarelo.net\/verdeamarelo\/wp-json\/wp\/v2\/posts"}],"about":[{"href":"https:\/\/verde-amarelo.net\/verdeamarelo\/wp-json\/wp\/v2\/types\/post"}],"author":[{"embeddable":true,"href":"https:\/\/verde-amarelo.net\/verdeamarelo\/wp-json\/wp\/v2\/users\/1"}],"replies":[{"embeddable":true,"href":"https:\/\/verde-amarelo.net\/verdeamarelo\/wp-json\/wp\/v2\/comments?post=90138"}],"version-history":[{"count":0,"href":"https:\/\/verde-amarelo.net\/verdeamarelo\/wp-json\/wp\/v2\/posts\/90138\/revisions"}],"wp:attachment":[{"href":"https:\/\/verde-amarelo.net\/verdeamarelo\/wp-json\/wp\/v2\/media?parent=90138"}],"wp:term":[{"taxonomy":"category","embeddable":true,"href":"https:\/\/verde-amarelo.net\/verdeamarelo\/wp-json\/wp\/v2\/categories?post=90138"},{"taxonomy":"post_tag","embeddable":true,"href":"https:\/\/verde-amarelo.net\/verdeamarelo\/wp-json\/wp\/v2\/tags?post=90138"}],"curies":[{"name":"wp","href":"https:\/\/api.w.org\/{rel}","templated":true}]}}