{"id":95898,"date":"2023-07-10T19:59:03","date_gmt":"2023-07-10T22:59:03","guid":{"rendered":"https:\/\/embrapii.org.br\/?p=15752"},"modified":"2023-07-10T19:59:03","modified_gmt":"2023-07-10T22:59:03","slug":"embrapii-recebe-comitiva-de-parlamentares-alemaes-para-debater-inovacao","status":"publish","type":"post","link":"https:\/\/verde-amarelo.net\/verdeamarelo\/2023\/07\/embrapii-recebe-comitiva-de-parlamentares-alemaes-para-debater-inovacao\/","title":{"rendered":"Embrapii recebe comitiva de parlamentares alem\u00e3es para debater inova\u00e7\u00e3o"},"content":{"rendered":"<p><em>Encontro tratou da possibilidade de parcerias futuras entre os pa\u00edses, principalmente nas \u00e1reas de economia verde, sa\u00fade e seguran\u00e7a cibern\u00e9tica<\/em><\/p>\n<p>O diretor de Opera\u00e7\u00f5es da Embrapii, Marcelo Prim, recebeu, nesta segunda-feira (10), a Comiss\u00e3o de Educa\u00e7\u00e3o, Pesquisa e Avalia\u00e7\u00e3o Tecnol\u00f3gica do Parlamento alem\u00e3o (Bundestag), com oito deputados para apresentar o modelo de apoio da organiza\u00e7\u00e3o brasileira, e suas \u00e1reas de atua\u00e7\u00e3o, e debater possibilidades de parcerias entre os pa\u00edses para o est\u00edmulo \u00e0 inova\u00e7\u00e3o industrial em \u00e1reas estrat\u00e9gicas. A agenda faz parte da visita dos parlamentares ao Brasil, que segue at\u00e9 o dia 16 de julho.<\/p>&nbsp;&nbsp;\n<p>\u201cEssas oportunidades futuras devem ser em linhas estrat\u00e9gicas. H\u00e1 espa\u00e7o para coopera\u00e7\u00e3o nesses grandes desafios globais, como a economia sustent\u00e1vel e a transi\u00e7\u00e3o energ\u00e9tica\u201d, avaliou Prim.<\/p>&nbsp;&nbsp;\n<p>No encontro, os parlamentares estrangeiros se interessaram pelo modelo dos Centros de Compet\u00eancia Embrapii, que busca desenvolver solu\u00e7\u00f5es relacionadas a diversas tecnologias de fronteira e consideradas estrat\u00e9gicas.&nbsp;<\/p>\n<p>Ser\u00e3o nove Centros de Compet\u00eancia, sendo os tr\u00eas primeiros anunciados em maio, nas tem\u00e1ticas Infraestrutura e Conectividade 5G e 6G, Tecnologias Imersivas aplicadas a Mundos Virtuais e Open <em>RAN<\/em>. Ainda este ano, mais um Centro de Compet\u00eancia ser\u00e1 anunciado, neste segundo semestre.&nbsp;<\/p>\n<p>Os deputados se interessaram no modelo que considera as especificidades do Brasil e nas outras tem\u00e1ticas que os Centros de Compet\u00eancia trar\u00e3o, como Terapias Avan\u00e7adas, na \u00e1rea de sa\u00fade, e Seguran\u00e7a Cibern\u00e9tica, este \u00faltimo em processo de sele\u00e7\u00e3o.&nbsp;<\/p>\n<p>Fazem parte da Comiss\u00e3o de Educa\u00e7\u00e3o, Pesquisa e Avalia\u00e7\u00e3o Tecnol\u00f3gica do Parlamento alem\u00e3o (Bundestag) os deputados: Kai Gehring; Holger Becker; Michael M\u00fcller; Inge Gr\u00e4\u00dfle;&nbsp; Monika Gr\u00fctters; Friedhelm Boginski; Marc Jongen; e Petra Sitte.<\/p>&nbsp;&nbsp;\n<p> <a href=\"https:\/\/embrapii.org.br\/embrapii-recebe-comitiva-de-parlamentares-alemaes-para-debater-inovacao\/\">Cr\u00e9ditos a Assessoria!<\/a><\/p>\n","protected":false},"excerpt":{"rendered":"<p>Encontro tratou da possibilidade de parcerias futuras entre os pa\u00edses, principalmente nas \u00e1reas de economia&#8230;<\/p>\n","protected":false},"author":1,"featured_media":0,"comment_status":"closed","ping_status":"closed","sticky":false,"template":"","format":"standard","meta":{"fifu_image_url":"","fifu_image_alt":"","footnotes":""},"categories":[7488,8427,727,8425],"tags":[3018,58,8426],"class_list":["post-95898","post","type-post","status-publish","format-standard","hentry","category-destaques","category-geral","category-noticias","category-verde-amarelo","tag-geral","tag-noticias","tag-verde-amarelo","wpcat-7488-id","wpcat-8427-id","wpcat-727-id","wpcat-8425-id"],"_links":{"self":[{"href":"https:\/\/verde-amarelo.net\/verdeamarelo\/wp-json\/wp\/v2\/posts\/95898","targetHints":{"allow":["GET"]}}],"collection":[{"href":"https:\/\/verde-amarelo.net\/verdeamarelo\/wp-json\/wp\/v2\/posts"}],"about":[{"href":"https:\/\/verde-amarelo.net\/verdeamarelo\/wp-json\/wp\/v2\/types\/post"}],"author":[{"embeddable":true,"href":"https:\/\/verde-amarelo.net\/verdeamarelo\/wp-json\/wp\/v2\/users\/1"}],"replies":[{"embeddable":true,"href":"https:\/\/verde-amarelo.net\/verdeamarelo\/wp-json\/wp\/v2\/comments?post=95898"}],"version-history":[{"count":0,"href":"https:\/\/verde-amarelo.net\/verdeamarelo\/wp-json\/wp\/v2\/posts\/95898\/revisions"}],"wp:attachment":[{"href":"https:\/\/verde-amarelo.net\/verdeamarelo\/wp-json\/wp\/v2\/media?parent=95898"}],"wp:term":[{"taxonomy":"category","embeddable":true,"href":"https:\/\/verde-amarelo.net\/verdeamarelo\/wp-json\/wp\/v2\/categories?post=95898"},{"taxonomy":"post_tag","embeddable":true,"href":"https:\/\/verde-amarelo.net\/verdeamarelo\/wp-json\/wp\/v2\/tags?post=95898"}],"curies":[{"name":"wp","href":"https:\/\/api.w.org\/{rel}","templated":true}]}}