{"id":96804,"date":"2023-07-13T14:16:46","date_gmt":"2023-07-13T17:16:46","guid":{"rendered":"https:\/\/verde-amarelo.net\/verdeamarelo\/?p=96804"},"modified":"2023-07-13T19:09:25","modified_gmt":"2023-07-13T22:09:25","slug":"johnson-johnson-sustagem-e-droga-raia-confirmam-participacao-na-16a-edicao-da-black-fralda","status":"publish","type":"post","link":"https:\/\/verde-amarelo.net\/verdeamarelo\/2023\/07\/johnson-johnson-sustagem-e-droga-raia-confirmam-participacao-na-16a-edicao-da-black-fralda\/","title":{"rendered":"Johnson &amp; Johnson, Sustagem e Droga Raia confirmam participa\u00e7\u00e3o na 16\u00aa edi\u00e7\u00e3o da Black Fralda"},"content":{"rendered":"<div class=\"postie-post\">\n<p>&nbsp;<\/p>\n<table border=\"0\" width=\"100%\">\n<tbody>\n<tr>\n<td align=\"left\" width=\"50%\"><img decoding=\"async\" src=\"data:image\/gif;base64,R0lGODlhAQABAIAAAAAAAP\/\/\/ywAAAAAAQABAAACAUwAOw==\" fifu-lazy=\"1\" fifu-data-sizes=\"auto\" fifu-data-srcset=\"https:\/\/i1.wp.com\/files.pressmanager.net\/clientes\/65d034f32bd68e6ed07d823f4e56cb78\/imagens\/2021\/03\/01\/e8765ab3dc15bade0204fe60f5430fee.png?ssl=1&w=75&resize=75&ssl=1 75w, https:\/\/i1.wp.com\/files.pressmanager.net\/clientes\/65d034f32bd68e6ed07d823f4e56cb78\/imagens\/2021\/03\/01\/e8765ab3dc15bade0204fe60f5430fee.png?ssl=1&w=100&resize=100&ssl=1 100w, https:\/\/i1.wp.com\/files.pressmanager.net\/clientes\/65d034f32bd68e6ed07d823f4e56cb78\/imagens\/2021\/03\/01\/e8765ab3dc15bade0204fe60f5430fee.png?ssl=1&w=150&resize=150&ssl=1 150w, https:\/\/i1.wp.com\/files.pressmanager.net\/clientes\/65d034f32bd68e6ed07d823f4e56cb78\/imagens\/2021\/03\/01\/e8765ab3dc15bade0204fe60f5430fee.png?ssl=1&w=240&resize=240&ssl=1 240w, https:\/\/i1.wp.com\/files.pressmanager.net\/clientes\/65d034f32bd68e6ed07d823f4e56cb78\/imagens\/2021\/03\/01\/e8765ab3dc15bade0204fe60f5430fee.png?ssl=1&w=320&resize=320&ssl=1 320w, https:\/\/i1.wp.com\/files.pressmanager.net\/clientes\/65d034f32bd68e6ed07d823f4e56cb78\/imagens\/2021\/03\/01\/e8765ab3dc15bade0204fe60f5430fee.png?ssl=1&w=500&resize=500&ssl=1 500w, https:\/\/i1.wp.com\/files.pressmanager.net\/clientes\/65d034f32bd68e6ed07d823f4e56cb78\/imagens\/2021\/03\/01\/e8765ab3dc15bade0204fe60f5430fee.png?ssl=1&w=640&resize=640&ssl=1 640w, https:\/\/i1.wp.com\/files.pressmanager.net\/clientes\/65d034f32bd68e6ed07d823f4e56cb78\/imagens\/2021\/03\/01\/e8765ab3dc15bade0204fe60f5430fee.png?ssl=1&w=800&resize=800&ssl=1 800w, https:\/\/i1.wp.com\/files.pressmanager.net\/clientes\/65d034f32bd68e6ed07d823f4e56cb78\/imagens\/2021\/03\/01\/e8765ab3dc15bade0204fe60f5430fee.png?ssl=1&w=1024&resize=1024&ssl=1 1024w, https:\/\/i1.wp.com\/files.pressmanager.net\/clientes\/65d034f32bd68e6ed07d823f4e56cb78\/imagens\/2021\/03\/01\/e8765ab3dc15bade0204fe60f5430fee.png?ssl=1&w=1280&resize=1280&ssl=1 1280w, https:\/\/i1.wp.com\/files.pressmanager.net\/clientes\/65d034f32bd68e6ed07d823f4e56cb78\/imagens\/2021\/03\/01\/e8765ab3dc15bade0204fe60f5430fee.png?ssl=1&w=1600&resize=1600&ssl=1 1600w\" fifu-data-src=\"https:\/\/i1.wp.com\/files.pressmanager.net\/clientes\/65d034f32bd68e6ed07d823f4e56cb78\/imagens\/2021\/03\/01\/e8765ab3dc15bade0204fe60f5430fee.png?ssl=1\" alt=\"Black Fralda\" \/><\/td>\n<td align=\"right\" width=\"50%\"><\/td>\n<\/tr>\n<\/tbody>\n<\/table>\n<div style=\"text-align: left;\"><center><\/center>&nbsp;<\/p>\n<div style=\"font-size: 11pt; text-align: left;\">\n<p><span style=\"font-weight: 400;\">A Black Fralda, maior liquida\u00e7\u00e3o de fraldas e itens infantis do pa\u00eds, chega a sua 2\u00aa edi\u00e7\u00e3o de 2023 entre os dias 17 e 21 de julho. A campanha conta com onze marcas participantes,\u00a0 sendo elas Jonhson &amp; Jonhson, Nivea, Sustagen Kids, Droga Raia, Drogasil, Magazine Luiz,\u00a0 Personal Baby, Babysec, MAM Baby, Panvel e\u00a0 Pague Menos\u00a0<\/span><\/p>\n<p><span style=\"font-weight: 400;\">A Black Fralda acontece no formato 100% online, oferecendo descontos de at\u00e9 70% em itens infantis, al\u00e9m de brindes e frete gr\u00e1tis. Entre os produtos infantis que estar\u00e3o dispon\u00edveis para o consumidor com descontos de at\u00e9 70% est\u00e3o:<\/span><\/p>\n<ul>\n<li style=\"font-weight: 400;\" aria-level=\"1\"><span style=\"font-weight: 400;\">Fraldas;<\/span><\/li>\n<li style=\"font-weight: 400;\" aria-level=\"1\"><span style=\"font-weight: 400;\">Shampoos e condicionadores;<\/span><\/li>\n<li style=\"font-weight: 400;\" aria-level=\"1\"><span style=\"font-weight: 400;\">Col\u00f4nias e cremes antiassaduras;<\/span><\/li>\n<li style=\"font-weight: 400;\" aria-level=\"1\"><span style=\"font-weight: 400;\">Toalhas e len\u00e7os umedecidos.<\/span><\/li>\n<\/ul>\n<p><span style=\"font-weight: 400;\">Neste ano, <\/span><span style=\"font-weight: 400;\">parte das vendas realizadas em cada edi\u00e7\u00e3o ser\u00e1 revertida em doa\u00e7\u00e3o <\/span><span style=\"font-weight: 400;\">para a Associa\u00e7\u00e3o Amparo Maternal, a institui\u00e7\u00e3o oferece abrigo provis\u00f3rio para mulheres e garante prote\u00e7\u00e3o integral para gestantes em situa\u00e7\u00e3o de vulnerabilidade e risco social.<\/span><\/p>\n<p><span style=\"font-weight: 400;\">Para mais informa\u00e7\u00f5es sobre a Black Fralda, acesse:<\/span><a href=\"https:\/\/blackfralda.com.br\/\"> <span style=\"font-weight: 400;\">https:\/\/blackfralda.com.br\/<\/span><\/a><span style=\"font-weight: 400;\">\u00a0<\/span><\/p>\n<p>&nbsp;<\/p>\n<p><strong><em>Sobre a Black Fralda<\/em><\/strong><\/p>\n<p><em><span style=\"font-weight: 400;\">A Black Fralda \u00e9 a maior liquida\u00e7\u00e3o de fraldas e acess\u00f3rios para beb\u00eas do pa\u00eds, desenvolvida pela Proxy Media, em parceria com marcas e lojas participantes. Criada em 2018 e com tr\u00eas campanhas anuais, a Black Fralda j\u00e1 est\u00e1 em sua 16\u00aa edi\u00e7\u00e3o.Para mais informa\u00e7\u00f5es sobre a Black Fralda, acesse: <a href=\"https:\/\/blackfralda.com.br\/\">blackfralda.com.br\/<\/a> <\/span><\/em><\/p>\n<\/div>\n<\/div>\n<p>&nbsp;<\/p>\n<\/div>\n","protected":false},"excerpt":{"rendered":"<p>&nbsp; &nbsp; A Black Fralda, maior liquida\u00e7\u00e3o de fraldas e itens infantis do pa\u00eds, chega&#8230;<\/p>\n","protected":false},"author":1,"featured_media":0,"comment_status":"closed","ping_status":"closed","sticky":false,"template":"","format":"standard","meta":{"fifu_image_url":"","fifu_image_alt":"","footnotes":""},"categories":[10006,26,8703,727],"tags":[],"class_list":["post-96804","post","type-post","status-publish","format-standard","hentry","category-brasileconomia","category-ecommerce","category-economia","category-noticias","wpcat-10006-id","wpcat-26-id","wpcat-8703-id","wpcat-727-id"],"_links":{"self":[{"href":"https:\/\/verde-amarelo.net\/verdeamarelo\/wp-json\/wp\/v2\/posts\/96804","targetHints":{"allow":["GET"]}}],"collection":[{"href":"https:\/\/verde-amarelo.net\/verdeamarelo\/wp-json\/wp\/v2\/posts"}],"about":[{"href":"https:\/\/verde-amarelo.net\/verdeamarelo\/wp-json\/wp\/v2\/types\/post"}],"author":[{"embeddable":true,"href":"https:\/\/verde-amarelo.net\/verdeamarelo\/wp-json\/wp\/v2\/users\/1"}],"replies":[{"embeddable":true,"href":"https:\/\/verde-amarelo.net\/verdeamarelo\/wp-json\/wp\/v2\/comments?post=96804"}],"version-history":[{"count":0,"href":"https:\/\/verde-amarelo.net\/verdeamarelo\/wp-json\/wp\/v2\/posts\/96804\/revisions"}],"wp:attachment":[{"href":"https:\/\/verde-amarelo.net\/verdeamarelo\/wp-json\/wp\/v2\/media?parent=96804"}],"wp:term":[{"taxonomy":"category","embeddable":true,"href":"https:\/\/verde-amarelo.net\/verdeamarelo\/wp-json\/wp\/v2\/categories?post=96804"},{"taxonomy":"post_tag","embeddable":true,"href":"https:\/\/verde-amarelo.net\/verdeamarelo\/wp-json\/wp\/v2\/tags?post=96804"}],"curies":[{"name":"wp","href":"https:\/\/api.w.org\/{rel}","templated":true}]}}