{"id":96807,"date":"2023-07-13T14:31:12","date_gmt":"2023-07-13T17:31:12","guid":{"rendered":"https:\/\/verde-amarelo.net\/verdeamarelo\/?p=96807"},"modified":"2024-04-25T18:21:41","modified_gmt":"2024-04-25T21:21:41","slug":"esta-reforma-tributaria-e-a-salvacao","status":"publish","type":"post","link":"https:\/\/verde-amarelo.net\/verdeamarelo\/2023\/07\/esta-reforma-tributaria-e-a-salvacao\/","title":{"rendered":"Esta reforma tribut\u00e1ria \u00e9 a salva\u00e7\u00e3o?"},"content":{"rendered":"<div class=\"postie-post\">\n<div>\n<div style=\"text-align: left;\">\n<p>&nbsp;<\/p>\n<div style=\"font-size: 11pt; text-align: left;\">\n<ul>\n<li style=\"text-align: justify;\"><em><span style=\"font-weight: 400;\">Por Roberto Folgueral &#8211;\u00a0<\/span><\/em><\/li>\n<\/ul>\n<p style=\"text-align: justify;\">\n<p style=\"text-align: justify;\"><span style=\"font-weight: 400;\">Na \u00faltima sexta-feira, 07, a C\u00e2mara dos Deputados aprovou, em dois turnos, o texto-base da reforma tribut\u00e1ria (PEC 45\/19), que simplifica impostos sobre o consumo, prev\u00ea fundos para bancar cr\u00e9ditos do ICMS at\u00e9 2032 e para o desenvolvimento regional, al\u00e9m da unifica\u00e7\u00e3o da legisla\u00e7\u00e3o dos novos tributos. Foram 375 votos a favor e 113 contra.<\/span><\/p>\n<p style=\"text-align: justify;\"><span style=\"font-weight: 400;\">Em s\u00edntese, o texto-base da reforma tribut\u00e1ria prev\u00ea os seguintes pontos:\u00a0<\/span><\/p>\n<p style=\"text-align: justify;\"><strong>CBS<\/strong><span style=\"font-weight: 400;\"> \u2013 CONTRIBUI\u00c7\u00c3O SOBRE BENS E SERVI\u00c7OS, nova denomina\u00e7\u00e3o do PIS\/COFINS<\/span><\/p>\n<p style=\"text-align: justify;\"><strong>IBS<\/strong><span style=\"font-weight: 400;\"> \u2013 IMPOSTO SOBRE BENS E SERVI\u00c7OS \u2013 SUBNACIONAL, nova denomina\u00e7\u00e3o do ICMS E DO ISSQN.<\/span><\/p>\n<p style=\"text-align: justify;\"><strong>I.S<\/strong><span style=\"font-weight: 400;\">. \u2013 IMPOSTO SELETIVO FEDERAL, nova denomina\u00e7\u00e3o do IPI, incidente sobre a produ\u00e7\u00e3o, comercializa\u00e7\u00e3o ou importa\u00e7\u00e3o de bens e servi\u00e7os prejudiciais \u00e0 sa\u00fade ou ao meio ambiente.<\/span><\/p>\n<p style=\"text-align: justify;\"><span style=\"font-weight: 400;\">Ser\u00e3o regulamentados por lei completares<\/span> <span style=\"font-weight: 400;\">e um conselho federativo<\/span> <span style=\"font-weight: 400;\">para o IBS. As al\u00edquotas referentes ser\u00e3o fixadas pelo senado federal ou pelos estados\/munic\u00edpios, por leis espec\u00edficas para todas as opera\u00e7\u00f5es de bens e servi\u00e7os.<\/span><\/p>\n<p style=\"text-align: justify;\"><span style=\"font-weight: 400;\">N\u00e3o cumulatividade, na pr\u00e1tica n\u00e3o \u00e9 isso, pois depender\u00e1 de produtos e dos setores envolvidos. Cria\u00e7\u00e3o de um fundo nacional de desenvolvimento regional, com a proposta de reduzir a desigualdade regional, que tamb\u00e9m ser\u00e1 regulamentado por lei complementar, com o risco de surgir um congresso tribut\u00e1rio paralelo e aumentar ainda mais a inseguran\u00e7a jur\u00eddica.<\/span><\/p>\n<p style=\"text-align: justify;\"><strong>Afinal, o que esperar deste modelo de Reforma Tribut\u00e1ria?<\/strong><\/p>\n<p style=\"text-align: justify;\"><span style=\"font-weight: 400;\">Para iniciarmos as considera\u00e7\u00f5es, \u00e9 necess\u00e1rio lembrar do SPED, Sistema P\u00fablico de Escritura\u00e7\u00e3o Digital, criado em 2003 e implantado em 2009, definido como um \u00f3rg\u00e3o para agilizar o processo e auxiliar o contribuinte.<\/span><\/p>\n<p style=\"text-align: justify;\"><span style=\"font-weight: 400;\">Em 2008, participando de reuni\u00e3o com o Dr. Jorge Ant\u00f4nio Deher Rachid, Auditor Fiscal de Carreira que exerceu a fun\u00e7\u00e3o de Secret\u00e1rio da Receita Federal do Brasil de 01\/2003 a 07\/2008 e depois de 01\/2015 a 01\/2019, disse &#8220;com a implementa\u00e7\u00e3o do SPED, a Reforma Tribut\u00e1ria est\u00e1 conclu\u00edda no Brasil&#8221;.<\/span><\/p>\n<p style=\"text-align: justify;\"><span style=\"font-weight: 400;\">Agora, ap\u00f3s a divulga\u00e7\u00e3o da PEC 45-A que trata da &#8220;reforma tribut\u00e1ria&#8221;, entendi de forma completa a afirma\u00e7\u00e3o do Dr. Jorge Rachid.<\/span><\/p>\n<p style=\"text-align: justify;\"><span style=\"font-weight: 400;\">\u00c9 um equ\u00edvoco dizer que a Reforma Tribut\u00e1ria, tal qual apresentada e aprovada, foi fruto de ampla discuss\u00e3o por d\u00e9cadas, mas sim que foi discutida em algumas poucas horas e aprovada de forma a\u00e7odada em sess\u00e3o semipresencial.<\/span><\/p>\n<p style=\"text-align: justify;\"><span style=\"font-weight: 400;\">At\u00e9 2026, quando se iniciar de fato a Reforma Tribut\u00e1ria, haver\u00e1 muito o que dizer, discutir, convalidar e negociar. Essa aprova\u00e7\u00e3o foi apenas o in\u00edcio do come\u00e7o de algo que se resolver\u00e1 por completo, caso mantido o texto proposto, em 2078.<\/span><\/p>\n<p style=\"text-align: justify;\"><span style=\"font-weight: 400;\">O proposto, segundo alguns, busca colocar o pobre no or\u00e7amento e o rico no Imposto de Renda, mas, na realidade, sem a an\u00e1lise das Leis Infraconstitucionais, trar\u00e1 um relativo aumento nos custos de opera\u00e7\u00e3o e, assim, um aumento maior nos pre\u00e7os finais ao consumidor pelo aumento da carga tribut\u00e1ria. O &#8220;rico&#8221; tem como repassar seus custos ao consumidor final, diferentemente daquele que apenas pagar\u00e1 mais pelo aumento dos tributos.<\/span><\/p>\n<p style=\"text-align: justify;\"><span style=\"font-weight: 400;\">Mesmo que o sistema apresentado possa ser mais simples, com a uni\u00e3o e rebatimento de alguns tributos, como j\u00e1 explicado, est\u00e1 longe de ser um sistema equilibrado, pois coloca todos os entes federativos numa mesma &#8220;bacia&#8221;, ignorando suas necessidades de investimentos passados, presentes e futuros em infraestrutura tribut\u00e1ria e de conformidade fiscal. Inclusive, perder\u00e3o a capacidade de gest\u00e3o em seus or\u00e7amentos.<\/span><\/p>\n<p style=\"text-align: justify;\"><span style=\"font-weight: 400;\">Precisamos simplificar nosso sistema tribut\u00e1rio, sem d\u00favida alguma. Dificultar a evas\u00e3o tribut\u00e1ria j\u00e1 \u00e9 feito com excelente desempenho pela RFB atrav\u00e9s do SPED, mas n\u00e3o podemos criar mais injusti\u00e7as, em que o pequeno contribuinte tem um custo infinitamente maior que o grande, para apurar seus tributos.<\/span><\/p>\n<p style=\"text-align: justify;\"><span style=\"font-weight: 400;\">Pode ser ben\u00e9fica sim a ado\u00e7\u00e3o de um IVA pleno, n\u00e3o como est\u00e1 previsto para ser: de forma dual para alguns produtos, setores ou regi\u00f5es, com alguns beneficiados e muitos prejudicados.<\/span><\/p>\n<p style=\"text-align: justify;\"><span style=\"font-weight: 400;\">Um sistema onde seria poss\u00edvel manter as tr\u00eas esferas administrativas com sistemas tribut\u00e1rios, tendo como base de c\u00e1lculo somente o seu valor agregado, para todos os contribuintes independentemente do setor \u2013 Ind\u00fastria, Com\u00e9rcio ou Servi\u00e7o.<\/span><\/p>\n<p style=\"text-align: justify;\"><span style=\"font-weight: 400;\">\u00c9 dif\u00edcil entender como uma proposta dessa magnitude possa ter sido analisada e discutida em t\u00e3o curto espa\u00e7o de tempo, sem nenhum estudo real num\u00e9rico sobre seus verdadeiros impactos sobre a sociedade.<\/span><\/p>\n<p style=\"text-align: justify;\"><span style=\"font-weight: 400;\">N\u00e3o h\u00e1 apresenta\u00e7\u00e3o de al\u00edquotas, seus impactos na arrecada\u00e7\u00e3o total regional e seus reais impactos no pre\u00e7o final dos produtos, bens e servi\u00e7os.<\/span><\/p>\n<p style=\"text-align: justify;\"><span style=\"font-weight: 400;\">O sistema de vota\u00e7\u00e3o da proposta de forma semipresencial demonstra, inclusive, a pouca relev\u00e2ncia que deram ao fato, extremamente importante e que impactar\u00e1 em nossas vidas nos pr\u00f3ximos 50 anos.<\/span><\/p>\n<p style=\"text-align: justify;\"><span style=\"font-weight: 400;\">Resumindo, criamos uma proposta que nos tira do manic\u00f4mio tribut\u00e1rio, para tal, criamos um &#8220;FRANKENSTEIN TRIBUT\u00c1RIO&#8221; sem apresenta\u00e7\u00e3o de nenhum dado por parte da RFB.<\/span><\/p>\n<p style=\"text-align: justify;\"><span style=\"font-weight: 400;\">Quem sabe, at\u00e9 o final de 2025, ser\u00e1 poss\u00edvel realizar algumas cirurgias pl\u00e1sticas em nosso Frankenstein, para torn\u00e1-lo mais &#8220;palat\u00e1vel&#8221;.<\/span><\/p>\n<p style=\"text-align: justify;\"><span style=\"font-weight: 400;\">Lembrando que, antes desta transforma\u00e7\u00e3o, j\u00e1 t\u00ednhamos uma carga tribut\u00e1ria na ordem de 33%, ou seja, tudo que consumimos 1\/3 fica com o Estado.<\/span><\/p>\n<p style=\"text-align: justify;\"><span style=\"font-weight: 400;\">Para quem duvida que haver\u00e1 aumento na carga tribut\u00e1ria, basta ler o par\u00e1grafo \u00fanico do artigo 18 do relat\u00f3rio final da PEC 45-A\/ 2019, onde claramente menciona que o excedente de arrecada\u00e7\u00e3o, PODER\u00c1 (n\u00e3o dever\u00e1) ser considerado como fonte para compensa\u00e7\u00e3o para a redu\u00e7\u00e3o dos tributos sobre a Folha de pagamento e sobre o Imposto de Bens e Servi\u00e7o.<\/span><\/p>\n<hr \/>\n<p style=\"text-align: justify;\"><strong><em>Roberto Folgueral<\/em><\/strong><\/p>\n<p style=\"text-align: justify;\"><strong><em>Vice-presidente da FCDL-SP (Federa\u00e7\u00e3o das C\u00e2maras de Dirigentes Lojistas do Estado de S\u00e3o Paulo), contador tributarista e perito judicial.<\/em><\/strong><\/p>\n<p style=\"text-align: justify;\">\n<\/div>\n<\/div>\n<p>&nbsp;<\/p>\n<\/div>\n<\/div>\n","protected":false},"excerpt":{"rendered":"<p>&nbsp; Por Roberto Folgueral &#8211;\u00a0 Na \u00faltima sexta-feira, 07, a C\u00e2mara dos Deputados aprovou, em&#8230;<\/p>\n","protected":false},"author":1,"featured_media":177238,"comment_status":"closed","ping_status":"closed","sticky":false,"template":"","format":"standard","meta":{"fifu_image_url":"","fifu_image_alt":"","footnotes":""},"categories":[8717,727],"tags":[11761,6932,2461,3194,1462,3836,1374,3247,735,1578,3516,1525,2630,767,3535,3365,1846,89,771,8545,3517,8565,3340,3278,772,3897,1546,1206,4273,260,2044,219,1319,2942,3129,2751,1120,2199,1010,2264,2216,2217,1414,1690,2864,3555,4396,1438,3508,1322,3265,1696,905,1558,206,1377,2731,1702,1012,779,4362,2606,3620,1793,737,3572,1813,2562,4344,2569,933,8410,7194,2812,874,1619,1697,7622,372,460,209,2570,2013,1459,4057,8266,2758,1711,10333,1976,2197,3510],"class_list":["post-96807","post","type-post","status-publish","format-standard","has-post-thumbnail","hentry","category-artigos-de-opiniao","category-noticias","tag-11761","tag-ampla","tag-analise","tag-arrecadacao","tag-artigo","tag-assim","tag-aumento","tag-base","tag-brasil","tag-camara-dos-deputados","tag-carga-tributaria","tag-carreira","tag-cofins","tag-comercio","tag-compensacao","tag-congresso","tag-conselho","tag-consumidor","tag-consumo","tag-creditos","tag-custo","tag-deputados","tag-desenvolvimento","tag-desigualdade","tag-digital","tag-e","tag-estado-de-sao-paulo","tag-estudo","tag-feira","tag-forma","tag-fundos","tag-gestao","tag-icms","tag-importacao","tag-imposto","tag-imposto-de-renda","tag-impostos","tag-infraestrutura","tag-investimentos","tag-ipi","tag-legislacao","tag-lei","tag-lojistas","tag-meio-ambiente","tag-modelo","tag-nova","tag-operacao","tag-operacoes","tag-orcamento","tag-pagamento","tag-publico","tag-pec","tag-pis","tag-pontos","tag-preco","tag-precos","tag-presentes","tag-presidente","tag-producao","tag-produtos","tag-proposta","tag-real","tag-realidade","tag-receita","tag-receita-federal","tag-reducao","tag-reforma","tag-reforma-tributaria","tag-regioes","tag-relatorio","tag-renda","tag-reuniao","tag-rico","tag-risco","tag-sao-paulo","tag-saude","tag-senado","tag-senado-federal","tag-servico","tag-servicos","tag-setor","tag-setores","tag-simples","tag-sistema","tag-sociedade","tag-sp","tag-transformacao","tag-tributos","tag-valor","tag-vice-presidente","tag-vidas","tag-votacao","wpcat-8717-id","wpcat-727-id"],"_links":{"self":[{"href":"https:\/\/verde-amarelo.net\/verdeamarelo\/wp-json\/wp\/v2\/posts\/96807","targetHints":{"allow":["GET"]}}],"collection":[{"href":"https:\/\/verde-amarelo.net\/verdeamarelo\/wp-json\/wp\/v2\/posts"}],"about":[{"href":"https:\/\/verde-amarelo.net\/verdeamarelo\/wp-json\/wp\/v2\/types\/post"}],"author":[{"embeddable":true,"href":"https:\/\/verde-amarelo.net\/verdeamarelo\/wp-json\/wp\/v2\/users\/1"}],"replies":[{"embeddable":true,"href":"https:\/\/verde-amarelo.net\/verdeamarelo\/wp-json\/wp\/v2\/comments?post=96807"}],"version-history":[{"count":0,"href":"https:\/\/verde-amarelo.net\/verdeamarelo\/wp-json\/wp\/v2\/posts\/96807\/revisions"}],"wp:featuredmedia":[{"embeddable":true,"href":"https:\/\/verde-amarelo.net\/verdeamarelo\/wp-json\/wp\/v2\/media\/177238"}],"wp:attachment":[{"href":"https:\/\/verde-amarelo.net\/verdeamarelo\/wp-json\/wp\/v2\/media?parent=96807"}],"wp:term":[{"taxonomy":"category","embeddable":true,"href":"https:\/\/verde-amarelo.net\/verdeamarelo\/wp-json\/wp\/v2\/categories?post=96807"},{"taxonomy":"post_tag","embeddable":true,"href":"https:\/\/verde-amarelo.net\/verdeamarelo\/wp-json\/wp\/v2\/tags?post=96807"}],"curies":[{"name":"wp","href":"https:\/\/api.w.org\/{rel}","templated":true}]}}