{"id":99915,"date":"2023-07-25T15:37:00","date_gmt":"2023-07-25T18:37:00","guid":{"rendered":"https:\/\/cariocakartsport.com.br\/775277\/2023\/07\/25\/pole-position-na-ultima-etapa-da-formula-delta-vinicius-mercez-quer-a-primeira-vitoria-em-interlagos\/"},"modified":"2024-07-30T20:38:19","modified_gmt":"2024-07-30T23:38:19","slug":"pole-position-na-ultima-etapa-da-formula-delta-vinicius-mercez-quer-a-primeira-vitoria-em-interlagos","status":"publish","type":"post","link":"https:\/\/verde-amarelo.net\/verdeamarelo\/2023\/07\/pole-position-na-ultima-etapa-da-formula-delta-vinicius-mercez-quer-a-primeira-vitoria-em-interlagos\/","title":{"rendered":"POLE POSITION NA \u00daLTIMA ETAPA DA F\u00d3RMULA DELTA, VINICIUS MERCEZ QUER A PRIMEIRA VIT\u00d3RIA EM INTERLAGOS"},"content":{"rendered":"<\/p>\n<div style=\"text-align: center;\"><b><\/p>\n<table align=\"center\" cellpadding=\"0\" cellspacing=\"0\" class=\"tr-caption-container\" style=\"margin-left: auto; margin-right: auto;\">\n<tbody>\n<tr>\n<td style=\"text-align: center;\"><a href=\"https:\/\/blogger.googleusercontent.com\/img\/b\/R29vZ2xl\/AVvXsEhDt6EvmH1AGm_itYTTZQCJz1Yx0M4nrEZjyOIS5HCFI0YYaHPaWbrUycYdG0XHFE78xtSCwUZxGhe9Cee0iJph4uTByoN5EW1Mx2CJj1CNgLnWUqQwQJK3J0400pWi5kk_jt5oAae491cduIpmoQXJ5n62IBBxUQjm0OmoyJMNaGpeNmzr6XZGoxgDYvY\/s2500\/MERCEZ_4ETDELTA_01.jpg\" imageanchor=\"1\" style=\"margin-left: auto; margin-right: auto;\"><img src=\"data:image\/gif;base64,R0lGODlhAQABAIAAAAAAAP\/\/\/ywAAAAAAQABAAACAUwAOw==\" fifu-lazy=\"1\" fifu-data-sizes=\"auto\" fifu-data-srcset=\"https:\/\/i2.wp.com\/verde-amarelo.net\/verdeamarelo\/wp-content\/uploads\/2023\/07\/pole-position-na-ultima-etapa-da-formula-delta-vinicius-mercez-quer-a-primeira-vitoria-em-interlagos.webp?ssl=1&w=75&resize=75&ssl=1 75w, https:\/\/i2.wp.com\/verde-amarelo.net\/verdeamarelo\/wp-content\/uploads\/2023\/07\/pole-position-na-ultima-etapa-da-formula-delta-vinicius-mercez-quer-a-primeira-vitoria-em-interlagos.webp?ssl=1&w=100&resize=100&ssl=1 100w, https:\/\/i2.wp.com\/verde-amarelo.net\/verdeamarelo\/wp-content\/uploads\/2023\/07\/pole-position-na-ultima-etapa-da-formula-delta-vinicius-mercez-quer-a-primeira-vitoria-em-interlagos.webp?ssl=1&w=150&resize=150&ssl=1 150w, https:\/\/i2.wp.com\/verde-amarelo.net\/verdeamarelo\/wp-content\/uploads\/2023\/07\/pole-position-na-ultima-etapa-da-formula-delta-vinicius-mercez-quer-a-primeira-vitoria-em-interlagos.webp?ssl=1&w=240&resize=240&ssl=1 240w, https:\/\/i2.wp.com\/verde-amarelo.net\/verdeamarelo\/wp-content\/uploads\/2023\/07\/pole-position-na-ultima-etapa-da-formula-delta-vinicius-mercez-quer-a-primeira-vitoria-em-interlagos.webp?ssl=1&w=320&resize=320&ssl=1 320w, https:\/\/i2.wp.com\/verde-amarelo.net\/verdeamarelo\/wp-content\/uploads\/2023\/07\/pole-position-na-ultima-etapa-da-formula-delta-vinicius-mercez-quer-a-primeira-vitoria-em-interlagos.webp?ssl=1&w=500&resize=500&ssl=1 500w, https:\/\/i2.wp.com\/verde-amarelo.net\/verdeamarelo\/wp-content\/uploads\/2023\/07\/pole-position-na-ultima-etapa-da-formula-delta-vinicius-mercez-quer-a-primeira-vitoria-em-interlagos.webp?ssl=1&w=640&resize=640&ssl=1 640w, https:\/\/i2.wp.com\/verde-amarelo.net\/verdeamarelo\/wp-content\/uploads\/2023\/07\/pole-position-na-ultima-etapa-da-formula-delta-vinicius-mercez-quer-a-primeira-vitoria-em-interlagos.webp?ssl=1&w=800&resize=800&ssl=1 800w, https:\/\/i2.wp.com\/verde-amarelo.net\/verdeamarelo\/wp-content\/uploads\/2023\/07\/pole-position-na-ultima-etapa-da-formula-delta-vinicius-mercez-quer-a-primeira-vitoria-em-interlagos.webp?ssl=1&w=1024&resize=1024&ssl=1 1024w, https:\/\/i2.wp.com\/verde-amarelo.net\/verdeamarelo\/wp-content\/uploads\/2023\/07\/pole-position-na-ultima-etapa-da-formula-delta-vinicius-mercez-quer-a-primeira-vitoria-em-interlagos.webp?ssl=1&w=1280&resize=1280&ssl=1 1280w, https:\/\/i2.wp.com\/verde-amarelo.net\/verdeamarelo\/wp-content\/uploads\/2023\/07\/pole-position-na-ultima-etapa-da-formula-delta-vinicius-mercez-quer-a-primeira-vitoria-em-interlagos.webp?ssl=1&w=1600&resize=1600&ssl=1 1600w\" decoding=\"async\" loading=\"lazy\" border=\"0\" data-original-height=\"1667\" data-original-width=\"2500\" height=\"266\" fifu-data-src=\"https:\/\/i2.wp.com\/verde-amarelo.net\/verdeamarelo\/wp-content\/uploads\/2023\/07\/pole-position-na-ultima-etapa-da-formula-delta-vinicius-mercez-quer-a-primeira-vitoria-em-interlagos.webp?ssl=1\" width=\"400\" \/><\/a><\/td>\n<\/tr>\n<tr>\n<td class=\"tr-caption\" style=\"text-align: center;\"><span style=\"font-size: x-small;\">Foto: Jackson de Souza<\/span><\/td>\n<\/tr>\n<\/tbody>\n<\/table>\n<p>Ap\u00f3s as conquistas da primeira pole position e do primeiro p\u00f3dio, a primeira vit\u00f3ria \u00e9 o objetivo principal do piloto goiano neste final de semana<\/b><\/div>\n<p>Disputando sua primeira temporada no automobilismo brasileiro, Vinicius Mercez (Crediblue \/ Klaro Chopp \/ Cervejaria Ast\u00farias \/ The Buena) se prepara para encarar mais uma etapa da F\u00f3rmula Delta no Aut\u00f3dromo de Interlagos, e ap\u00f3s viver um final de semana positivo na \u00faltima etapa realizada em Junho, o mesmo quer repetir o bom desempenho, buscando a primeira vit\u00f3ria da carreira nos monopostos.<\/p>&nbsp;&nbsp;\n<p>Estreante em uma das principais categorias de base do automobilismo brasileiro, o piloto goiano de 16 anos segue em constante evolu\u00e7\u00e3o no decorrer das tr\u00eas etapas j\u00e1 realizadas no hist\u00f3rico Aut\u00f3dromo de Interlagos, e no pr\u00f3ximo final de semana disputa a pen\u00faltima etapa realizada no circuito paulistano com apenas um objetivo, a primeira vit\u00f3ria na F\u00f3rmula Delta.<\/p>&nbsp;&nbsp;\n<p>\u201c<i>Chegamos muito perto de ter um final de semana finalizado com a vit\u00f3ria na \u00faltima etapa, mas um Safety Car a poucas voltas do final, limitou a disputa pela vit\u00f3ria na corrida 2 da etapa, quando terminei com a segunda posi\u00e7\u00e3o. Seguimos com o objetivo desse primeiro lugar, mas vamos trabalhar tamb\u00e9m para conquistar bons pontos, visando uma recupera\u00e7\u00e3o na classifica\u00e7\u00e3o do campeonato.<\/i>\u201d &#8211; comentou Mercez, que ocupa o \u201cTop 3\u201d da divis\u00e3o Rookie, e vem se recuperando no campeonato Geral ap\u00f3s abandonos por problemas t\u00e9cnicos nas duas primeiras etapas.<\/p>&nbsp;&nbsp;\n<p>A quarta etapa da F\u00f3rmula Delta tem seu in\u00edcio das atividades marcada para a sexta-feira com os treinos livres, seguindo o cronograma tradicional do campeonato, com a tomada de tempo e prova 1 no s\u00e1bado, fechando a etapa com a prova 2 no domingo.<\/p>&nbsp;&nbsp;\n<table cellpadding=\"0\" cellspacing=\"0\" class=\"tr-caption-container\" style=\"float: right;\">\n<tbody>\n<tr>\n<td style=\"text-align: center;\"><a href=\"https:\/\/blogger.googleusercontent.com\/img\/b\/R29vZ2xl\/AVvXsEjtyoyvxRVc35podtijZkliy2tNLh1P1-xr1Sx5T0RUCmZGBV_e2FaALXaenTFgAJBxtQnXoKfQMSd9WLxw3aqfWW2eHoXMY8e1xJYA0844S_1W2Vmr_vjD_BQucsco1qi5BxTgGvIT9irUHH8JRPKjHaScc0ZxNj_ggh2csZpPrDRrTg9BZA_AJmEDzU8\/s2500\/MERCEZ_4ETDELTA_02.jpg\" imageanchor=\"1\" style=\"clear: right; margin-bottom: 1em; margin-left: auto; margin-right: auto;\"><img src=\"data:image\/gif;base64,R0lGODlhAQABAIAAAAAAAP\/\/\/ywAAAAAAQABAAACAUwAOw==\" fifu-lazy=\"1\" fifu-data-sizes=\"auto\" fifu-data-srcset=\"https:\/\/i0.wp.com\/verde-amarelo.net\/verdeamarelo\/wp-content\/uploads\/2023\/07\/pole-position-na-ultima-etapa-da-formula-delta-vinicius-mercez-quer-a-primeira-vitoria-em-interlagos-1.jpg?ssl=1&w=75&resize=75&ssl=1 75w, https:\/\/i0.wp.com\/verde-amarelo.net\/verdeamarelo\/wp-content\/uploads\/2023\/07\/pole-position-na-ultima-etapa-da-formula-delta-vinicius-mercez-quer-a-primeira-vitoria-em-interlagos-1.jpg?ssl=1&w=100&resize=100&ssl=1 100w, https:\/\/i0.wp.com\/verde-amarelo.net\/verdeamarelo\/wp-content\/uploads\/2023\/07\/pole-position-na-ultima-etapa-da-formula-delta-vinicius-mercez-quer-a-primeira-vitoria-em-interlagos-1.jpg?ssl=1&w=150&resize=150&ssl=1 150w, https:\/\/i0.wp.com\/verde-amarelo.net\/verdeamarelo\/wp-content\/uploads\/2023\/07\/pole-position-na-ultima-etapa-da-formula-delta-vinicius-mercez-quer-a-primeira-vitoria-em-interlagos-1.jpg?ssl=1&w=240&resize=240&ssl=1 240w, https:\/\/i0.wp.com\/verde-amarelo.net\/verdeamarelo\/wp-content\/uploads\/2023\/07\/pole-position-na-ultima-etapa-da-formula-delta-vinicius-mercez-quer-a-primeira-vitoria-em-interlagos-1.jpg?ssl=1&w=320&resize=320&ssl=1 320w, https:\/\/i0.wp.com\/verde-amarelo.net\/verdeamarelo\/wp-content\/uploads\/2023\/07\/pole-position-na-ultima-etapa-da-formula-delta-vinicius-mercez-quer-a-primeira-vitoria-em-interlagos-1.jpg?ssl=1&w=500&resize=500&ssl=1 500w, https:\/\/i0.wp.com\/verde-amarelo.net\/verdeamarelo\/wp-content\/uploads\/2023\/07\/pole-position-na-ultima-etapa-da-formula-delta-vinicius-mercez-quer-a-primeira-vitoria-em-interlagos-1.jpg?ssl=1&w=640&resize=640&ssl=1 640w, https:\/\/i0.wp.com\/verde-amarelo.net\/verdeamarelo\/wp-content\/uploads\/2023\/07\/pole-position-na-ultima-etapa-da-formula-delta-vinicius-mercez-quer-a-primeira-vitoria-em-interlagos-1.jpg?ssl=1&w=800&resize=800&ssl=1 800w, https:\/\/i0.wp.com\/verde-amarelo.net\/verdeamarelo\/wp-content\/uploads\/2023\/07\/pole-position-na-ultima-etapa-da-formula-delta-vinicius-mercez-quer-a-primeira-vitoria-em-interlagos-1.jpg?ssl=1&w=1024&resize=1024&ssl=1 1024w, https:\/\/i0.wp.com\/verde-amarelo.net\/verdeamarelo\/wp-content\/uploads\/2023\/07\/pole-position-na-ultima-etapa-da-formula-delta-vinicius-mercez-quer-a-primeira-vitoria-em-interlagos-1.jpg?ssl=1&w=1280&resize=1280&ssl=1 1280w, https:\/\/i0.wp.com\/verde-amarelo.net\/verdeamarelo\/wp-content\/uploads\/2023\/07\/pole-position-na-ultima-etapa-da-formula-delta-vinicius-mercez-quer-a-primeira-vitoria-em-interlagos-1.jpg?ssl=1&w=1600&resize=1600&ssl=1 1600w\" decoding=\"async\" loading=\"lazy\" border=\"0\" data-original-height=\"2500\" data-original-width=\"1667\" height=\"320\" fifu-data-src=\"https:\/\/i0.wp.com\/verde-amarelo.net\/verdeamarelo\/wp-content\/uploads\/2023\/07\/pole-position-na-ultima-etapa-da-formula-delta-vinicius-mercez-quer-a-primeira-vitoria-em-interlagos-1.jpg?ssl=1\" width=\"213\" \/><\/a><\/td>\n<\/tr>\n<tr>\n<td class=\"tr-caption\" style=\"text-align: right;\"><span style=\"font-size: x-small;\">Foto: Jackson de Souza<\/span><\/td>\n<\/tr>\n<\/tbody>\n<\/table>\n<p>Vinicius Mercez conta com o apoio de Crediblue, Klaro Chopp, Cervejaria Ast\u00farias e The Buena.<\/p>&nbsp;&nbsp;\n<p>Confira a programa\u00e7\u00e3o da 4\u00aa Etapa da F\u00f3rmula Delta<\/p>\n<p><b>Sexta-feira, 28 de Julho<\/b><br \/>10:15 hrs &#8211; Treino Livre 1<br \/>13:55 hrs &#8211; Treino Livre 2<\/p>\n<p><b>S\u00e1bado, 29 de Julho<\/b><br \/>08:00 hrs &#8211; Tomada de Tempo<br \/>14:30 hrs &#8211; Prova 1<\/p>\n<p><b>Domingo, 30 de Julho<\/b><br \/>15:20 hrs &#8211; Prova 2<\/p>\n<p>Acompanhe o piloto Vinicius Mercez nas redes sociais:<br \/>Facebook: <a href=\"http:\/\/facebook.com\/viniciusmercez98\">facebook.com\/viniciusmercez98<\/a><br \/>Instagram: <a href=\"http:\/\/instagram.com\/viniciumercez\">instagram.com\/viniciumercez<\/a><\/p>\n<p>Texto: Jackson de Souza<\/p>\n<div class=\"media_block\"><img src=\"data:image\/gif;base64,R0lGODlhAQABAIAAAAAAAP\/\/\/ywAAAAAAQABAAACAUwAOw==\" fifu-lazy=\"1\" fifu-data-sizes=\"auto\" fifu-data-srcset=\"https:\/\/i3.wp.com\/blogger.googleusercontent.com\/img\/b\/R29vZ2xl\/AVvXsEhDt6EvmH1AGm_itYTTZQCJz1Yx0M4nrEZjyOIS5HCFI0YYaHPaWbrUycYdG0XHFE78xtSCwUZxGhe9Cee0iJph4uTByoN5EW1Mx2CJj1CNgLnWUqQwQJK3J0400pWi5kk_jt5oAae491cduIpmoQXJ5n62IBBxUQjm0OmoyJMNaGpeNmzr6XZGoxgDYvY\/s72-w400-h266-c\/MERCEZ_4ETDELTA_01.jpg?ssl=1&w=75&resize=75&ssl=1 75w, https:\/\/i3.wp.com\/blogger.googleusercontent.com\/img\/b\/R29vZ2xl\/AVvXsEhDt6EvmH1AGm_itYTTZQCJz1Yx0M4nrEZjyOIS5HCFI0YYaHPaWbrUycYdG0XHFE78xtSCwUZxGhe9Cee0iJph4uTByoN5EW1Mx2CJj1CNgLnWUqQwQJK3J0400pWi5kk_jt5oAae491cduIpmoQXJ5n62IBBxUQjm0OmoyJMNaGpeNmzr6XZGoxgDYvY\/s72-w400-h266-c\/MERCEZ_4ETDELTA_01.jpg?ssl=1&w=100&resize=100&ssl=1 100w, https:\/\/i3.wp.com\/blogger.googleusercontent.com\/img\/b\/R29vZ2xl\/AVvXsEhDt6EvmH1AGm_itYTTZQCJz1Yx0M4nrEZjyOIS5HCFI0YYaHPaWbrUycYdG0XHFE78xtSCwUZxGhe9Cee0iJph4uTByoN5EW1Mx2CJj1CNgLnWUqQwQJK3J0400pWi5kk_jt5oAae491cduIpmoQXJ5n62IBBxUQjm0OmoyJMNaGpeNmzr6XZGoxgDYvY\/s72-w400-h266-c\/MERCEZ_4ETDELTA_01.jpg?ssl=1&w=150&resize=150&ssl=1 150w, https:\/\/i3.wp.com\/blogger.googleusercontent.com\/img\/b\/R29vZ2xl\/AVvXsEhDt6EvmH1AGm_itYTTZQCJz1Yx0M4nrEZjyOIS5HCFI0YYaHPaWbrUycYdG0XHFE78xtSCwUZxGhe9Cee0iJph4uTByoN5EW1Mx2CJj1CNgLnWUqQwQJK3J0400pWi5kk_jt5oAae491cduIpmoQXJ5n62IBBxUQjm0OmoyJMNaGpeNmzr6XZGoxgDYvY\/s72-w400-h266-c\/MERCEZ_4ETDELTA_01.jpg?ssl=1&w=240&resize=240&ssl=1 240w, https:\/\/i3.wp.com\/blogger.googleusercontent.com\/img\/b\/R29vZ2xl\/AVvXsEhDt6EvmH1AGm_itYTTZQCJz1Yx0M4nrEZjyOIS5HCFI0YYaHPaWbrUycYdG0XHFE78xtSCwUZxGhe9Cee0iJph4uTByoN5EW1Mx2CJj1CNgLnWUqQwQJK3J0400pWi5kk_jt5oAae491cduIpmoQXJ5n62IBBxUQjm0OmoyJMNaGpeNmzr6XZGoxgDYvY\/s72-w400-h266-c\/MERCEZ_4ETDELTA_01.jpg?ssl=1&w=320&resize=320&ssl=1 320w, https:\/\/i3.wp.com\/blogger.googleusercontent.com\/img\/b\/R29vZ2xl\/AVvXsEhDt6EvmH1AGm_itYTTZQCJz1Yx0M4nrEZjyOIS5HCFI0YYaHPaWbrUycYdG0XHFE78xtSCwUZxGhe9Cee0iJph4uTByoN5EW1Mx2CJj1CNgLnWUqQwQJK3J0400pWi5kk_jt5oAae491cduIpmoQXJ5n62IBBxUQjm0OmoyJMNaGpeNmzr6XZGoxgDYvY\/s72-w400-h266-c\/MERCEZ_4ETDELTA_01.jpg?ssl=1&w=500&resize=500&ssl=1 500w, https:\/\/i3.wp.com\/blogger.googleusercontent.com\/img\/b\/R29vZ2xl\/AVvXsEhDt6EvmH1AGm_itYTTZQCJz1Yx0M4nrEZjyOIS5HCFI0YYaHPaWbrUycYdG0XHFE78xtSCwUZxGhe9Cee0iJph4uTByoN5EW1Mx2CJj1CNgLnWUqQwQJK3J0400pWi5kk_jt5oAae491cduIpmoQXJ5n62IBBxUQjm0OmoyJMNaGpeNmzr6XZGoxgDYvY\/s72-w400-h266-c\/MERCEZ_4ETDELTA_01.jpg?ssl=1&w=640&resize=640&ssl=1 640w, https:\/\/i3.wp.com\/blogger.googleusercontent.com\/img\/b\/R29vZ2xl\/AVvXsEhDt6EvmH1AGm_itYTTZQCJz1Yx0M4nrEZjyOIS5HCFI0YYaHPaWbrUycYdG0XHFE78xtSCwUZxGhe9Cee0iJph4uTByoN5EW1Mx2CJj1CNgLnWUqQwQJK3J0400pWi5kk_jt5oAae491cduIpmoQXJ5n62IBBxUQjm0OmoyJMNaGpeNmzr6XZGoxgDYvY\/s72-w400-h266-c\/MERCEZ_4ETDELTA_01.jpg?ssl=1&w=800&resize=800&ssl=1 800w, https:\/\/i3.wp.com\/blogger.googleusercontent.com\/img\/b\/R29vZ2xl\/AVvXsEhDt6EvmH1AGm_itYTTZQCJz1Yx0M4nrEZjyOIS5HCFI0YYaHPaWbrUycYdG0XHFE78xtSCwUZxGhe9Cee0iJph4uTByoN5EW1Mx2CJj1CNgLnWUqQwQJK3J0400pWi5kk_jt5oAae491cduIpmoQXJ5n62IBBxUQjm0OmoyJMNaGpeNmzr6XZGoxgDYvY\/s72-w400-h266-c\/MERCEZ_4ETDELTA_01.jpg?ssl=1&w=1024&resize=1024&ssl=1 1024w, https:\/\/i3.wp.com\/blogger.googleusercontent.com\/img\/b\/R29vZ2xl\/AVvXsEhDt6EvmH1AGm_itYTTZQCJz1Yx0M4nrEZjyOIS5HCFI0YYaHPaWbrUycYdG0XHFE78xtSCwUZxGhe9Cee0iJph4uTByoN5EW1Mx2CJj1CNgLnWUqQwQJK3J0400pWi5kk_jt5oAae491cduIpmoQXJ5n62IBBxUQjm0OmoyJMNaGpeNmzr6XZGoxgDYvY\/s72-w400-h266-c\/MERCEZ_4ETDELTA_01.jpg?ssl=1&w=1280&resize=1280&ssl=1 1280w, https:\/\/i3.wp.com\/blogger.googleusercontent.com\/img\/b\/R29vZ2xl\/AVvXsEhDt6EvmH1AGm_itYTTZQCJz1Yx0M4nrEZjyOIS5HCFI0YYaHPaWbrUycYdG0XHFE78xtSCwUZxGhe9Cee0iJph4uTByoN5EW1Mx2CJj1CNgLnWUqQwQJK3J0400pWi5kk_jt5oAae491cduIpmoQXJ5n62IBBxUQjm0OmoyJMNaGpeNmzr6XZGoxgDYvY\/s72-w400-h266-c\/MERCEZ_4ETDELTA_01.jpg?ssl=1&w=1600&resize=1600&ssl=1 1600w\" decoding=\"async\" fifu-data-src=\"https:\/\/i3.wp.com\/blogger.googleusercontent.com\/img\/b\/R29vZ2xl\/AVvXsEhDt6EvmH1AGm_itYTTZQCJz1Yx0M4nrEZjyOIS5HCFI0YYaHPaWbrUycYdG0XHFE78xtSCwUZxGhe9Cee0iJph4uTByoN5EW1Mx2CJj1CNgLnWUqQwQJK3J0400pWi5kk_jt5oAae491cduIpmoQXJ5n62IBBxUQjm0OmoyJMNaGpeNmzr6XZGoxgDYvY\/s72-w400-h266-c\/MERCEZ_4ETDELTA_01.jpg?ssl=1\" class=\"media_thumbnail\"><\/div>\n<p><a href=\"http:\/\/www.becompress.com.br\/2023\/07\/pole-position-na-ultima-etapa-da.html\">Cr\u00e9ditos a Assessoria!<\/a><\/p>\n","protected":false},"excerpt":{"rendered":"<p>Foto: Jackson de Souza Ap\u00f3s as conquistas da primeira pole position e do primeiro p\u00f3dio,&#8230;<\/p>\n","protected":false},"author":1,"featured_media":99916,"comment_status":"closed","ping_status":"closed","sticky":false,"template":"","format":"standard","meta":{"fifu_image_url":"","fifu_image_alt":"","footnotes":""},"categories":[7488,7492,727,8425],"tags":[11761,1888,686,2494,6183,6029,6347,3247,4437,160,1525,161,1025,8530,2475,1471,8545,1561,2958,3897,3657,76,4273,3018,77,6068,58,6320,1558,2373,2597,341,1870,4047,83,2101,8242,6948,8426,8491],"class_list":["post-99915","post","type-post","status-publish","format-standard","has-post-thumbnail","hentry","category-destaques","category-esportes","category-noticias","category-verde-amarelo","tag-11761","tag-apoio","tag-assessoria","tag-atividades","tag-autodromo-de-interlagos","tag-automobilismo","tag-automobilismo-brasileiro","tag-base","tag-brasileiro","tag-campeonato","tag-carreira","tag-categorias","tag-cervejaria","tag-classificacao","tag-conta","tag-corrida","tag-creditos","tag-delta","tag-disputa","tag-e","tag-esportes","tag-facebook","tag-feira","tag-geral","tag-instagram","tag-interlagos","tag-noticias","tag-pole-position","tag-pontos","tag-positivo","tag-problemas","tag-programacao","tag-recuperacao","tag-redes","tag-redes-sociais","tag-temporada","tag-treino","tag-vamos","tag-verde-amarelo","tag-vinicius-mercez","wpcat-7488-id","wpcat-7492-id","wpcat-727-id","wpcat-8425-id"],"_links":{"self":[{"href":"https:\/\/verde-amarelo.net\/verdeamarelo\/wp-json\/wp\/v2\/posts\/99915","targetHints":{"allow":["GET"]}}],"collection":[{"href":"https:\/\/verde-amarelo.net\/verdeamarelo\/wp-json\/wp\/v2\/posts"}],"about":[{"href":"https:\/\/verde-amarelo.net\/verdeamarelo\/wp-json\/wp\/v2\/types\/post"}],"author":[{"embeddable":true,"href":"https:\/\/verde-amarelo.net\/verdeamarelo\/wp-json\/wp\/v2\/users\/1"}],"replies":[{"embeddable":true,"href":"https:\/\/verde-amarelo.net\/verdeamarelo\/wp-json\/wp\/v2\/comments?post=99915"}],"version-history":[{"count":0,"href":"https:\/\/verde-amarelo.net\/verdeamarelo\/wp-json\/wp\/v2\/posts\/99915\/revisions"}],"wp:featuredmedia":[{"embeddable":true,"href":"https:\/\/verde-amarelo.net\/verdeamarelo\/wp-json\/wp\/v2\/media\/99916"}],"wp:attachment":[{"href":"https:\/\/verde-amarelo.net\/verdeamarelo\/wp-json\/wp\/v2\/media?parent=99915"}],"wp:term":[{"taxonomy":"category","embeddable":true,"href":"https:\/\/verde-amarelo.net\/verdeamarelo\/wp-json\/wp\/v2\/categories?post=99915"},{"taxonomy":"post_tag","embeddable":true,"href":"https:\/\/verde-amarelo.net\/verdeamarelo\/wp-json\/wp\/v2\/tags?post=99915"}],"curies":[{"name":"wp","href":"https:\/\/api.w.org\/{rel}","templated":true}]}}