{"id":10247,"count":1,"description":"","link":"https:\/\/verde-amarelo.net\/verdeamarelo\/destaques\/energia-eolicanoticiasparque-eolicatecnologia\/","name":"energia e\u00f3lica,Not\u00edcias,parque e\u00f3lica,tecnologia","slug":"energia-eolicanoticiasparque-eolicatecnologia","taxonomy":"post_tag","meta":[],"_links":{"self":[{"href":"https:\/\/verde-amarelo.net\/verdeamarelo\/wp-json\/wp\/v2\/tags\/10247","targetHints":{"allow":["GET"]}}],"collection":[{"href":"https:\/\/verde-amarelo.net\/verdeamarelo\/wp-json\/wp\/v2\/tags"}],"about":[{"href":"https:\/\/verde-amarelo.net\/verdeamarelo\/wp-json\/wp\/v2\/taxonomies\/post_tag"}],"wp:post_type":[{"href":"https:\/\/verde-amarelo.net\/verdeamarelo\/wp-json\/wp\/v2\/posts?tags=10247"}],"curies":[{"name":"wp","href":"https:\/\/api.w.org\/{rel}","templated":true}]}}