{"id":10318,"count":1,"description":"","link":"https:\/\/verde-amarelo.net\/verdeamarelo\/destaques\/acordo-de-parisbringbackmyblueskycop25etanolmudancas-climaticasnoticiassetorunica\/","name":"Acordo de Paris,Bringbackmybluesky,COP25,etanol,mudan\u00e7as clim\u00e1ticas,Not\u00edcias,setor,unica","slug":"acordo-de-parisbringbackmyblueskycop25etanolmudancas-climaticasnoticiassetorunica","taxonomy":"post_tag","meta":[],"_links":{"self":[{"href":"https:\/\/verde-amarelo.net\/verdeamarelo\/wp-json\/wp\/v2\/tags\/10318","targetHints":{"allow":["GET"]}}],"collection":[{"href":"https:\/\/verde-amarelo.net\/verdeamarelo\/wp-json\/wp\/v2\/tags"}],"about":[{"href":"https:\/\/verde-amarelo.net\/verdeamarelo\/wp-json\/wp\/v2\/taxonomies\/post_tag"}],"wp:post_type":[{"href":"https:\/\/verde-amarelo.net\/verdeamarelo\/wp-json\/wp\/v2\/posts?tags=10318"}],"curies":[{"name":"wp","href":"https:\/\/api.w.org\/{rel}","templated":true}]}}