{"id":10323,"count":1,"description":"","link":"https:\/\/verde-amarelo.net\/verdeamarelo\/destaques\/2020alianca-navegacao-e-logisticahamburg-sudimportacao-e-exportacao\/","name":"2020,Alian\u00e7a Navega\u00e7\u00e3o e Log\u00edstica,Hamburg S\u00fcd,Importa\u00e7\u00e3o e Exporta\u00e7\u00e3o","slug":"2020alianca-navegacao-e-logisticahamburg-sudimportacao-e-exportacao","taxonomy":"post_tag","meta":[],"_links":{"self":[{"href":"https:\/\/verde-amarelo.net\/verdeamarelo\/wp-json\/wp\/v2\/tags\/10323","targetHints":{"allow":["GET"]}}],"collection":[{"href":"https:\/\/verde-amarelo.net\/verdeamarelo\/wp-json\/wp\/v2\/tags"}],"about":[{"href":"https:\/\/verde-amarelo.net\/verdeamarelo\/wp-json\/wp\/v2\/taxonomies\/post_tag"}],"wp:post_type":[{"href":"https:\/\/verde-amarelo.net\/verdeamarelo\/wp-json\/wp\/v2\/posts?tags=10323"}],"curies":[{"name":"wp","href":"https:\/\/api.w.org\/{rel}","templated":true}]}}