{"id":11692,"count":1,"description":"","link":"https:\/\/verde-amarelo.net\/verdeamarelo\/destaques\/abrafiltrosaguadia-mundial-da-aguaeventofiltracaofiltrotruckbrasil\/","name":"abrafiltros,\u00e1gua,Dia Mundial da \u00c1gua,evento,filtra\u00e7\u00e3o,filtro,TruckBrasil","slug":"abrafiltrosaguadia-mundial-da-aguaeventofiltracaofiltrotruckbrasil","taxonomy":"post_tag","meta":[],"_links":{"self":[{"href":"https:\/\/verde-amarelo.net\/verdeamarelo\/wp-json\/wp\/v2\/tags\/11692","targetHints":{"allow":["GET"]}}],"collection":[{"href":"https:\/\/verde-amarelo.net\/verdeamarelo\/wp-json\/wp\/v2\/tags"}],"about":[{"href":"https:\/\/verde-amarelo.net\/verdeamarelo\/wp-json\/wp\/v2\/taxonomies\/post_tag"}],"wp:post_type":[{"href":"https:\/\/verde-amarelo.net\/verdeamarelo\/wp-json\/wp\/v2\/posts?tags=11692"}],"curies":[{"name":"wp","href":"https:\/\/api.w.org\/{rel}","templated":true}]}}