{"id":12457,"count":1,"description":"","link":"https:\/\/verde-amarelo.net\/verdeamarelo\/destaques\/fras-lefreiomaio-amarelomanutencaomanutencao-de-veiculosmercado-de-reposicaoreparacao-de-veiculosveiculo\/","name":"Fras-le,freio,Maio Amarelo,manuten\u00e7\u00e3o,Manuten\u00e7\u00e3o de ve\u00edculos,Mercado de reposi\u00e7\u00e3o,Repara\u00e7\u00e3o de ve\u00edculos,veiculo","slug":"fras-lefreiomaio-amarelomanutencaomanutencao-de-veiculosmercado-de-reposicaoreparacao-de-veiculosveiculo","taxonomy":"post_tag","meta":[],"_links":{"self":[{"href":"https:\/\/verde-amarelo.net\/verdeamarelo\/wp-json\/wp\/v2\/tags\/12457","targetHints":{"allow":["GET"]}}],"collection":[{"href":"https:\/\/verde-amarelo.net\/verdeamarelo\/wp-json\/wp\/v2\/tags"}],"about":[{"href":"https:\/\/verde-amarelo.net\/verdeamarelo\/wp-json\/wp\/v2\/taxonomies\/post_tag"}],"wp:post_type":[{"href":"https:\/\/verde-amarelo.net\/verdeamarelo\/wp-json\/wp\/v2\/posts?tags=12457"}],"curies":[{"name":"wp","href":"https:\/\/api.w.org\/{rel}","templated":true}]}}