{"id":8741,"count":1,"description":"","link":"https:\/\/verde-amarelo.net\/verdeamarelo\/destaques\/carrosnissan-lanca-versa-voltado-para-o-publico-pcdnoticias\/","name":"carros,Nissan lan\u00e7a Versa voltado para o p\u00fablico PcD,Not\u00edcias","slug":"carrosnissan-lanca-versa-voltado-para-o-publico-pcdnoticias","taxonomy":"post_tag","meta":[],"_links":{"self":[{"href":"https:\/\/verde-amarelo.net\/verdeamarelo\/wp-json\/wp\/v2\/tags\/8741","targetHints":{"allow":["GET"]}}],"collection":[{"href":"https:\/\/verde-amarelo.net\/verdeamarelo\/wp-json\/wp\/v2\/tags"}],"about":[{"href":"https:\/\/verde-amarelo.net\/verdeamarelo\/wp-json\/wp\/v2\/taxonomies\/post_tag"}],"wp:post_type":[{"href":"https:\/\/verde-amarelo.net\/verdeamarelo\/wp-json\/wp\/v2\/posts?tags=8741"}],"curies":[{"name":"wp","href":"https:\/\/api.w.org\/{rel}","templated":true}]}}