{"id":9415,"count":1,"description":"","link":"https:\/\/verde-amarelo.net\/verdeamarelo\/destaques\/brasildefeito-na-coluna-de-direcaodicasfiatgeralindustria-automobilisticaleismercado-automotivopecasrecallservico-gratuito\/","name":"brasil,defeito na coluna de dire\u00e7\u00e3o,dicas,Fiat,Geral,Ind\u00fastria Automobil\u00edstica,Leis,Mercado automotivo,Pe\u00e7as,recall,servi\u00e7o gratuito","slug":"brasildefeito-na-coluna-de-direcaodicasfiatgeralindustria-automobilisticaleismercado-automotivopecasrecallservico-gratuito","taxonomy":"post_tag","meta":[],"_links":{"self":[{"href":"https:\/\/verde-amarelo.net\/verdeamarelo\/wp-json\/wp\/v2\/tags\/9415","targetHints":{"allow":["GET"]}}],"collection":[{"href":"https:\/\/verde-amarelo.net\/verdeamarelo\/wp-json\/wp\/v2\/tags"}],"about":[{"href":"https:\/\/verde-amarelo.net\/verdeamarelo\/wp-json\/wp\/v2\/taxonomies\/post_tag"}],"wp:post_type":[{"href":"https:\/\/verde-amarelo.net\/verdeamarelo\/wp-json\/wp\/v2\/posts?tags=9415"}],"curies":[{"name":"wp","href":"https:\/\/api.w.org\/{rel}","templated":true}]}}